{"id":247979,"date":"2025-09-21T23:59:23","date_gmt":"2025-09-21T21:59:23","guid":{"rendered":"https:\/\/smago.de\/ws2\/?p=247979"},"modified":"2025-09-21T23:43:51","modified_gmt":"2025-09-21T21:43:51","slug":"julia-raich-von-der-starnacht-ins-netz-julia-raich-geht-auf-tiktok-viral","status":"publish","type":"post","link":"https:\/\/smago.de\/ws2\/pop-schlager\/julia-raich-von-der-starnacht-ins-netz-julia-raich-geht-auf-tiktok-viral\/","title":{"rendered":"JULIA RAICH <br>Von der &#8222;STARnacht&#8220; ins Netz: Julia Raich geht auf TikTok viral!"},"content":{"rendered":"<p align=\"justify\">Julia Raich rockt die \u201eStarnacht in der Wachau\u201c \u2013 TikTok-Video sprengt 160.000 Views (Stand: So., 21.09.2024, 19:00 Uhr)!<!--more--><\/p>\n<p align=\"justify\">\n<p align=\"justify\">\n<p style=\"text-align: justify;\">Was f\u00fcr ein Durchbruch: JULIA RAICH\u00a0hat bei der <strong data-start=\"346\" data-end=\"380\">\u201eSTARnacht in der Wachau 2025\u201c<\/strong>die B\u00fchne gerockt \u2013 und jetzt das Netz erobert. Ein Clip ihres Auftritts geht HEUTE ABEND auf TikTok durch die Decke und wurde bereits \u00fcber <strong data-start=\"509\" data-end=\"534\">160.000 Mal angesehen <\/strong>(Stand: So., 21.09.2025, 19:00 Uhr).<\/p>\n<p style=\"text-align: justify;\" data-start=\"539\" data-end=\"818\">Die K\u00fcnstlerin, die bisher als \u201eSchlagerprinzessin\u201c bekannt war, startet 2025 neu durch: Mit ihrer Single <strong data-start=\"645\" data-end=\"657\">\u201eQueen.\u201c<\/strong> (Produzent: <strong data-start=\"670\" data-end=\"688\">Hermann Niesig<\/strong>) zeigt sie sich als selbstbewusste <strong data-start=\"724\" data-end=\"742\">Schlager Queen<\/strong>, die modernen Pop-Sound, Female Empowerment und pure B\u00fchnenpower vereint.<\/p>\n<p style=\"text-align: justify;\" data-start=\"820\" data-end=\"986\"><em>\u201eDieser Moment auf der B\u00fchne in der Wachau war f\u00fcr mich etwas ganz Besonderes. Dass die Performance jetzt auch online so viele Menschen erreicht, ist \u00fcberw\u00e4ltigend. Ich bin es gewohnt, dass ich manchmal auf meine Optik reduziert werde \u2013 und damit muss man leben, wenn man Musik macht. Gleichzeitig zeigt es, wie schnell heute alles geht und dass man mit einem kleinen Auftritt oder einer kleinen Provokation sofort Aufmerksamkeit erzeugen kann. Es zeigt mir: Mein neuer Weg kommt an \u2013 und ich bin erst am Anfang!\u201c<\/em><\/p>\n<p style=\"text-align: justify;\" data-start=\"988\" data-end=\"1244\">Die energiegeladene S\u00e4ngerin hat sich l\u00e4ngst einen Namen gemacht: Auftritte mit <strong data-start=\"1068\" data-end=\"1103\">Heino, J\u00fcrgen Drews, den Nockis<\/strong>, TV-Pr\u00e4senz bei <strong data-start=\"1120\" data-end=\"1161\">ORF Studio 2, Guten Morgen \u00d6sterreich, SchlagerparadiesTV, Sonnenklar.TV <\/strong>oder <strong data-start=\"1167\" data-end=\"1183\">Seitenblicke<\/strong> \u2013 und jetzt der n\u00e4chste gro\u00dfe Schritt Richtung Durchbruch.<\/p>\n<p data-start=\"988\" data-end=\"1244\">\n<p data-start=\"988\" data-end=\"1244\">\n<p data-start=\"1246\" data-end=\"1526\"><strong><a href=\"https:\/\/www.tiktok.com\/@jrschlagerprinzessin\/video\/7552134078737173782?_hsenc=p2ANqtz--FCaZU9afG4DJEHA0PVgDi7ZCD2HGCauIXeTCT-OR65KcO3nO71zM0rNVzfdmdTB96L3ZCG0MALFzN6bGG91xtNMWTZA&amp;_hsmi=117883504&amp;utm_content=117883504&amp;utm_medium=email&amp;utm_source=hs_email\">&#x1f449; Zum viralen Video (\u00fcber 160.000 Views) &#8230;:<\/a><\/strong><\/p>\n<p>&nbsp;<\/p>\n","protected":false},"excerpt":{"rendered":"<p>Julia Raich rockt die \u201eStarnacht in der Wachau\u201c \u2013 TikTok-Video sprengt 160.000 Views (Stand: So., 21.09.2024, 19:00 Uhr)!<\/p>\n","protected":false},"author":2,"featured_media":247980,"comment_status":"open","ping_status":"closed","sticky":false,"template":"","format":"standard","meta":{"_FSMCFIC_featured_image_caption":"","_FSMCFIC_featured_image_nocaption":"","_FSMCFIC_featured_image_hide":""},"categories":[28],"tags":[2332],"acf":[],"_links":{"self":[{"href":"https:\/\/smago.de\/ws2\/wp-json\/wp\/v2\/posts\/247979"}],"collection":[{"href":"https:\/\/smago.de\/ws2\/wp-json\/wp\/v2\/posts"}],"about":[{"href":"https:\/\/smago.de\/ws2\/wp-json\/wp\/v2\/types\/post"}],"author":[{"embeddable":true,"href":"https:\/\/smago.de\/ws2\/wp-json\/wp\/v2\/users\/2"}],"replies":[{"embeddable":true,"href":"https:\/\/smago.de\/ws2\/wp-json\/wp\/v2\/comments?post=247979"}],"version-history":[{"count":3,"href":"https:\/\/smago.de\/ws2\/wp-json\/wp\/v2\/posts\/247979\/revisions"}],"predecessor-version":[{"id":247983,"href":"https:\/\/smago.de\/ws2\/wp-json\/wp\/v2\/posts\/247979\/revisions\/247983"}],"wp:featuredmedia":[{"embeddable":true,"href":"https:\/\/smago.de\/ws2\/wp-json\/wp\/v2\/media\/247980"}],"wp:attachment":[{"href":"https:\/\/smago.de\/ws2\/wp-json\/wp\/v2\/media?parent=247979"}],"wp:term":[{"taxonomy":"category","embeddable":true,"href":"https:\/\/smago.de\/ws2\/wp-json\/wp\/v2\/categories?post=247979"},{"taxonomy":"post_tag","embeddable":true,"href":"https:\/\/smago.de\/ws2\/wp-json\/wp\/v2\/tags?post=247979"}],"curies":[{"name":"wp","href":"https:\/\/api.w.org\/{rel}","templated":true}]}}