{"id":247971,"date":"2025-09-21T17:30:10","date_gmt":"2025-09-21T15:30:10","guid":{"rendered":"https:\/\/smago.de\/ws2\/?p=247971"},"modified":"2025-09-21T23:35:16","modified_gmt":"2025-09-21T21:35:16","slug":"bhp-weisshaar-gmbh-veranstaltungstechnik-hans-peter-weisshaar-ist-tot","status":"publish","type":"post","link":"https:\/\/smago.de\/ws2\/schlager\/bhp-weisshaar-gmbh-veranstaltungstechnik-hans-peter-weisshaar-ist-tot\/","title":{"rendered":"B&#038;HP Wei\u00dfhaar GmbH &#8211; Veranstaltungstechnik <br>Hans-Peter Wei\u00dfhaar ist tot!"},"content":{"rendered":"<p>Er schlief am 20.09.2025 friedlich ein!\u00a0Lesen Sie HIER einen bewegenden Nachruf auf ihn &#8230;: <!--more--><\/p>\n<p>&nbsp;<\/p>\n<p>&nbsp;<\/p>\n<div class=\"xdj266r x14z9mp xat24cr x1lziwak x1vvkbs x126k92a\">\n<div dir=\"auto\" style=\"text-align: justify;\">\n<p><em>B&amp;HP Wei\u00dfhaar hat am 20.09.2025 seinen \u201eHP\u201c verloren.<\/em><\/p>\n<\/div>\n<\/div>\n<div class=\"x14z9mp xat24cr x1lziwak x1vvkbs xtlvy1s x126k92a\" style=\"text-align: justify;\">\n<div dir=\"auto\">\n<p><em>Hans-Peter Wei\u00dfhaar ist gestern Zuhause, friedlich, von uns gegangen.<\/em><\/p>\n<\/div>\n<\/div>\n<div class=\"x14z9mp xat24cr x1lziwak x1vvkbs xtlvy1s x126k92a\" style=\"text-align: justify;\">\n<div dir=\"auto\">\n<p><em>Wir, das gesamte Team, stehen in tiefer Trauer.<\/em><\/p>\n<\/div>\n<\/div>\n<div class=\"x14z9mp xat24cr x1lziwak x1vvkbs xtlvy1s x126k92a\" style=\"text-align: justify;\">\n<div dir=\"auto\">\n<p><em>Hans-Peter hat B&amp;HP Wei\u00dfhaar 1998 zusammen mit Bernd gegr\u00fcndet und, meist im Hintergrund, auch immer daran mitgewirkt. Er war unser Kompass und Antrieb zugleich. Gro\u00df war sein Anteil daran, dass wir immer auf Kurs geblieben sind und sich die Firma konstant weiterentwickeln und wachsen konnte.<\/em><\/p>\n<\/div>\n<\/div>\n<div class=\"x14z9mp xat24cr x1lziwak x1vvkbs xtlvy1s x126k92a\" style=\"text-align: justify;\">\n<div dir=\"auto\">\n<p><em>Er war aber nicht nur Inhaber und Seniorchef, er war auch ein Freund, ein ehrlicher, warmherziger und zuverl\u00e4ssiger Partner. Die Mitarbeiter kamen bei ihm immer an erster Stelle. Er war oft der Mutige, der die Dinge entscheidend voranbringen wollte und hat auch das Risiko nicht gescheut. Ihm war bis zum Schluss wichtig, dass Bernd sich auch weiterhin so hingabevoll um das Team k\u00fcmmert.<\/em><\/p>\n<\/div>\n<\/div>\n<div class=\"x14z9mp xat24cr x1lziwak x1vvkbs xtlvy1s x126k92a\" style=\"text-align: justify;\">\n<div dir=\"auto\">\n<p><em>Hans-Peter war Bernds Freund, Gesch\u00e4ftspartner und Vater, all das hat er unbeschreiblich gut und mit Liebe und Leidenschaft erf\u00fcllt. Auf ihn war immer Verlass und er hatte immer den richtigen Ratschlag parat.<\/em><\/p>\n<\/div>\n<\/div>\n<div class=\"x14z9mp xat24cr x1lziwak x1vvkbs xtlvy1s x126k92a\" style=\"text-align: justify;\">\n<div dir=\"auto\">\n<p><em>Wir alle, die wir von Anfang an dabei waren, aber auch die, die erst seit k\u00fcrzerer Zeit zu uns gesto\u00dfen sind, werden Hans-Peter schmerzlich vermissen. Seinen unnachahmlichen Humor, seine Pr\u00e4zision, seine Hingabe und seine F\u00fcrsorge werden wir f\u00fcr immer als Teil unserer Unternehmenskultur in uns tragen und an kommende Generationen weitergeben.<\/em><\/p>\n<\/div>\n<\/div>\n<div class=\"x14z9mp xat24cr x1lziwak x1vvkbs xtlvy1s x126k92a\" style=\"text-align: justify;\">\n<div dir=\"auto\">\n<p><em>Er war ein Beispiel, wie auch ohne Druck ein Unternehmen erfolgreich gestaltet werden kann, wie man von jedem respektiert und gesch\u00e4tzt werden kann, wie es m\u00f6glich ist, ohne einen einzigen missg\u00fcnstigen Gedanken von dieser Welt gehen zu k\u00f6nnen.<\/em><\/p>\n<\/div>\n<\/div>\n<div class=\"x14z9mp xat24cr x1lziwak x1vvkbs xtlvy1s x126k92a\" style=\"text-align: justify;\">\n<div dir=\"auto\"><em>Lieber Hans-Peter, wir werden dich f\u00fcr immer in unseren Herzen tragen und dich sehr vermissen. Wir versprechen dir, dass wir dich immer in Ehren halten werden und in deinem Sinne weitermachen werden!<\/em><\/div>\n<div dir=\"auto\"><\/div>\n<\/div>\n<div class=\"x14z9mp xat24cr x1lziwak x1vvkbs xtlvy1s x126k92a\">\n<div dir=\"auto\" style=\"text-align: justify;\"><em>Dein Team<\/em><\/div>\n<\/div>\n<div dir=\"auto\"><\/div>\n<div dir=\"auto\"><\/div>\n<div dir=\"auto\"><\/div>\n<div dir=\"auto\" style=\"text-align: justify;\">\n<p><strong><em>smago!<\/em> Chefredakteur Andy Tichler kennt BERND Wei\u00dfhaar seit vielen, vielen Jahren; seit mindestens drei Jahrzehnten. Die Firma B&amp;HP Wei\u00dfhaar GmbH &#8211; Veranstaltungstechnik betreut beispielsweise seit zwanzig Jahren\u00a0 ALLE Veranstaltungen der &#8222;artmedia managament &amp; more&#8220; (Lothar B\u00f6hler) exklusiv im Bereich Technik, hat sich aber mittlerweile zu einem der gr\u00f6\u00dften Dienstleistungsunternehmen in diesem Segment entwickelt.<\/strong><\/p>\n<p><strong><em>smago!<\/em> spricht Bernd Wei\u00dfhaar und seinem Team sein aufrichtiges Beileid aus.<\/strong><\/p>\n<\/div>\n<div dir=\"auto\"><\/div>\n<div dir=\"auto\"><\/div>\n<div dir=\"auto\"><\/div>\n<div dir=\"auto\"><\/div>\n<div dir=\"auto\"><\/div>\n<div dir=\"auto\"><strong><a href=\"https:\/\/www.facebook.com\/BHPWeisshaar\">ZUR FACEBOOK-SEITE DER FIRMA B&amp;HP Wei\u00dfhaar GmbH &#8211; Veranstaltungstechnik &#8230;:<\/a><\/strong><\/div>\n<div dir=\"auto\"><\/div>\n<div dir=\"auto\"><\/div>\n<div dir=\"auto\"><\/div>\n<div dir=\"auto\">\n<div class=\"mceTemp\"><\/div>\n<p><img decoding=\"async\" loading=\"lazy\" class=\"alignnone size-full wp-image-247973\" src=\"https:\/\/smago.de\/ws2\/wp-content\/uploads\/2025\/09\/weisshaaar_Logo.jpeg\" alt=\"\" width=\"600\" height=\"600\" srcset=\"https:\/\/smago.de\/ws2\/wp-content\/uploads\/2025\/09\/weisshaaar_Logo.jpeg 600w, https:\/\/smago.de\/ws2\/wp-content\/uploads\/2025\/09\/weisshaaar_Logo-522x522.jpeg 522w, https:\/\/smago.de\/ws2\/wp-content\/uploads\/2025\/09\/weisshaaar_Logo-150x150.jpeg 150w, https:\/\/smago.de\/ws2\/wp-content\/uploads\/2025\/09\/weisshaaar_Logo-272x272.jpeg 272w, https:\/\/smago.de\/ws2\/wp-content\/uploads\/2025\/09\/weisshaaar_Logo-130x130.jpeg 130w, https:\/\/smago.de\/ws2\/wp-content\/uploads\/2025\/09\/weisshaaar_Logo-445x445.jpeg 445w, https:\/\/smago.de\/ws2\/wp-content\/uploads\/2025\/09\/weisshaaar_Logo-190x190.jpeg 190w, https:\/\/smago.de\/ws2\/wp-content\/uploads\/2025\/09\/weisshaaar_Logo-290x290.jpeg 290w\" sizes=\"(max-width: 600px) 100vw, 600px\" \/><\/p>\n<\/div>\n","protected":false},"excerpt":{"rendered":"<p>Er schlief am 20.09.2025 friedlich ein!\u00a0Lesen Sie HIER einen bewegenden Nachruf auf ihn &#8230;:<\/p>\n","protected":false},"author":2,"featured_media":247972,"comment_status":"open","ping_status":"closed","sticky":false,"template":"","format":"standard","meta":{"_FSMCFIC_featured_image_caption":"","_FSMCFIC_featured_image_nocaption":"","_FSMCFIC_featured_image_hide":""},"categories":[29],"tags":[4708,4707],"acf":[],"_links":{"self":[{"href":"https:\/\/smago.de\/ws2\/wp-json\/wp\/v2\/posts\/247971"}],"collection":[{"href":"https:\/\/smago.de\/ws2\/wp-json\/wp\/v2\/posts"}],"about":[{"href":"https:\/\/smago.de\/ws2\/wp-json\/wp\/v2\/types\/post"}],"author":[{"embeddable":true,"href":"https:\/\/smago.de\/ws2\/wp-json\/wp\/v2\/users\/2"}],"replies":[{"embeddable":true,"href":"https:\/\/smago.de\/ws2\/wp-json\/wp\/v2\/comments?post=247971"}],"version-history":[{"count":2,"href":"https:\/\/smago.de\/ws2\/wp-json\/wp\/v2\/posts\/247971\/revisions"}],"predecessor-version":[{"id":247978,"href":"https:\/\/smago.de\/ws2\/wp-json\/wp\/v2\/posts\/247971\/revisions\/247978"}],"wp:featuredmedia":[{"embeddable":true,"href":"https:\/\/smago.de\/ws2\/wp-json\/wp\/v2\/media\/247972"}],"wp:attachment":[{"href":"https:\/\/smago.de\/ws2\/wp-json\/wp\/v2\/media?parent=247971"}],"wp:term":[{"taxonomy":"category","embeddable":true,"href":"https:\/\/smago.de\/ws2\/wp-json\/wp\/v2\/categories?post=247971"},{"taxonomy":"post_tag","embeddable":true,"href":"https:\/\/smago.de\/ws2\/wp-json\/wp\/v2\/tags?post=247971"}],"curies":[{"name":"wp","href":"https:\/\/api.w.org\/{rel}","templated":true}]}}