{"id":247876,"date":"2025-09-20T15:03:07","date_gmt":"2025-09-20T13:03:07","guid":{"rendered":"https:\/\/smago.de\/ws2\/?p=247876"},"modified":"2025-09-20T15:07:49","modified_gmt":"2025-09-20T13:07:49","slug":"andreas-gabalier-pietro-lombardi-simone-anna-carina-woitschack-u-a-das-war-die-starnacht-seitenblicke-party-im-schloss-duernstein","status":"publish","type":"post","link":"https:\/\/smago.de\/ws2\/party-schlager\/andreas-gabalier-pietro-lombardi-simone-anna-carina-woitschack-u-a-das-war-die-starnacht-seitenblicke-party-im-schloss-duernstein\/","title":{"rendered":"ANDREAS GABALIER, PIETRO LOMBARDI, SIMONE, ANNA-CARINA WOITSCHACK u.a. <br>Das war die STARnacht Seitenblicke Party im Schloss D\u00fcrnstein!"},"content":{"rendered":"<p style=\"text-align: justify;\">Die Stars der Starnacht und geladene VIP\u00b4s feierten bei der legend\u00e4ren STARnacht Seitenblicke-Party auf der Terrasse von Schloss D\u00fcrnstein!<!--more--><\/p>\n<p>&nbsp;<\/p>\n<p>&nbsp;<\/p>\n<p style=\"font-weight: 400; text-align: justify;\">Mit einer rauschenden Party wurde gestern Abend das diesj\u00e4hrige \u201eSTARnacht aus der Wachau\u201c-Wochenende er\u00f6ffnet: ip|media-Boss\u00a0<strong>Martin Ramusch<\/strong>\u00a0und Interspot-Chef\u00a0<strong>Niki <\/strong><strong>Klingohr<\/strong>\u00a0hatten zur traditionellen STARnacht-Seitenblicke-Party geladen. Zun\u00e4chst traf sich die Party-Gesellschaft im beeindruckenden Weinkeller von Schloss D\u00fcrnstein, wo Wachauer Weinspezialit\u00e4ten und kulinarische Schmankerln aus der Schlossk\u00fcche gereicht wurden. Anschlie\u00dfend gings auf der Terrasse weiter. Dort wurden die G\u00e4ste von den beiden Stimmungsmachern von <strong>2:tages:bart <\/strong>empfangen. Die fetzige Partyband <strong>Bengels Reloaded<\/strong> er\u00f6ffnete dann den Dancefloor. Zu sp\u00e4terer Stunde wurden die G\u00e4ste noch von drei Sensations-Auftritten \u00fcberrascht: <strong>Andreas Gabalier, Alexander Eder <\/strong>und<strong> Josh. <\/strong>griffen spontan zum Mikro und begeisterten mit ihren Hits.<\/p>\n<p style=\"font-weight: 400; text-align: justify;\">Kulinarisch verw\u00f6hnt wurden die G\u00e4ste mit allerlei K\u00f6stlichkeiten aus der Schlossk\u00fcche: Beef Tatar, hausgemachte Radiatore, Linsencurry, ged\u00fcnsteter Kabeljau, knackige Backfisch-Streifen und sogar Schnecken aus der Zucht von Andreas Gugumuk standen auf der Karte.<\/p>\n<p style=\"text-align: justify;\">Mitgefeiert haben: Die Stars der STARnacht <strong>S\u00f6hne Mannheims<\/strong>, <strong>Pietro Lombardi<\/strong>, <strong>Chris Steger<\/strong>, <strong>Simone<\/strong>, <strong>Ella Endlich<\/strong> und <strong>Anna-Carina Woitschack<\/strong>. Weiters waren bei der Party mit dabei: ORF-Unterhaltungschef <strong>Martin Gastinger<\/strong>, Donau Nieder\u00f6sterreich Tourismus-Chef <strong>Bernhard Schr\u00f6der<\/strong>, ORF K\u00e4rnten-Programmchef <strong>Martin Weberhofer<\/strong>, ORF-Stiftungsrat <strong>Michael G\u00f6tzhaber<\/strong>, <strong>Mario Pulker<\/strong> \u00a0von der WKO, Heurigenwirt\u00a0<strong>Bernd Pulker<\/strong>, <strong>Christian Thiery<\/strong>\u00a0und <strong>Maria Katharina Thiery-Schroll<\/strong>\u00a0vom Schloss D\u00fcrnstein, Winzer <strong>Markus Mayer<\/strong>, <strong>Bernhard Webinger<\/strong>\u00a0von Nestl\u00e9-Sch\u00f6ller,\u00a0<strong>Michaela Zeiler<\/strong>\u00a0von der Nieder\u00f6sterreich Werbung, Platzhirsch-Chef\u00a0<strong>Gottfried Kocher<\/strong>, <strong>Willy K\u00f6gel<\/strong> von\u00a0Zitta und\u00a0<strong>Markus Kraft<\/strong>\u00a0von Spieth &amp; Wensky.<\/p>\n<p>&nbsp;<\/p>\n<p style=\"font-weight: 400; text-align: justify;\">Weitere Informationen:\u00a0<strong><a href=\"http:\/\/www.starnacht.tv\/\">www.starnacht.tv<\/a><\/strong>!<\/p>\n<div class=\"mceTemp\"><\/div>\n<figure id=\"attachment_247878\" aria-describedby=\"caption-attachment-247878\" style=\"width: 2560px\" class=\"wp-caption alignnone\"><img decoding=\"async\" loading=\"lazy\" class=\"size-full wp-image-247878\" src=\"https:\/\/smago.de\/ws2\/wp-content\/uploads\/2025\/09\/Foto_3-scaled.jpeg\" alt=\"\" width=\"2560\" height=\"2092\" srcset=\"https:\/\/smago.de\/ws2\/wp-content\/uploads\/2025\/09\/Foto_3-scaled.jpeg 2560w, https:\/\/smago.de\/ws2\/wp-content\/uploads\/2025\/09\/Foto_3-522x427.jpeg 522w, https:\/\/smago.de\/ws2\/wp-content\/uploads\/2025\/09\/Foto_3-800x654.jpeg 800w, https:\/\/smago.de\/ws2\/wp-content\/uploads\/2025\/09\/Foto_3-184x150.jpeg 184w, https:\/\/smago.de\/ws2\/wp-content\/uploads\/2025\/09\/Foto_3-768x628.jpeg 768w, https:\/\/smago.de\/ws2\/wp-content\/uploads\/2025\/09\/Foto_3-1536x1255.jpeg 1536w, https:\/\/smago.de\/ws2\/wp-content\/uploads\/2025\/09\/Foto_3-2048x1674.jpeg 2048w, https:\/\/smago.de\/ws2\/wp-content\/uploads\/2025\/09\/Foto_3-333x272.jpeg 333w, https:\/\/smago.de\/ws2\/wp-content\/uploads\/2025\/09\/Foto_3-734x600.jpeg 734w, https:\/\/smago.de\/ws2\/wp-content\/uploads\/2025\/09\/Foto_3-130x106.jpeg 130w, https:\/\/smago.de\/ws2\/wp-content\/uploads\/2025\/09\/Foto_3-544x445.jpeg 544w, https:\/\/smago.de\/ws2\/wp-content\/uploads\/2025\/09\/Foto_3-639x522.jpeg 639w, https:\/\/smago.de\/ws2\/wp-content\/uploads\/2025\/09\/Foto_3-232x190.jpeg 232w, https:\/\/smago.de\/ws2\/wp-content\/uploads\/2025\/09\/Foto_3-355x290.jpeg 355w, https:\/\/smago.de\/ws2\/wp-content\/uploads\/2025\/09\/Foto_3-124x100.jpeg 124w\" sizes=\"(max-width: 2560px) 100vw, 2560px\" \/><figcaption id=\"caption-attachment-247878\" class=\"wp-caption-text\"><em>Chris Steger, Simone &amp; Alexander Eder<\/em><\/p>\n<p><em>\u00a9 Tanzer \/ ipImedia<\/em><\/figcaption><\/figure>\n<p>&nbsp;<\/p>\n<p>&nbsp;<\/p>\n<div class=\"mceTemp\"><\/div>\n<figure id=\"attachment_247879\" aria-describedby=\"caption-attachment-247879\" style=\"width: 2560px\" class=\"wp-caption alignnone\"><img decoding=\"async\" loading=\"lazy\" class=\"size-full wp-image-247879\" src=\"https:\/\/smago.de\/ws2\/wp-content\/uploads\/2025\/09\/Foto_5-scaled.jpeg\" alt=\"\" width=\"2560\" height=\"1707\" srcset=\"https:\/\/smago.de\/ws2\/wp-content\/uploads\/2025\/09\/Foto_5-scaled.jpeg 2560w, https:\/\/smago.de\/ws2\/wp-content\/uploads\/2025\/09\/Foto_5-522x348.jpeg 522w, https:\/\/smago.de\/ws2\/wp-content\/uploads\/2025\/09\/Foto_5-800x533.jpeg 800w, https:\/\/smago.de\/ws2\/wp-content\/uploads\/2025\/09\/Foto_5-225x150.jpeg 225w, https:\/\/smago.de\/ws2\/wp-content\/uploads\/2025\/09\/Foto_5-768x512.jpeg 768w, https:\/\/smago.de\/ws2\/wp-content\/uploads\/2025\/09\/Foto_5-1536x1024.jpeg 1536w, https:\/\/smago.de\/ws2\/wp-content\/uploads\/2025\/09\/Foto_5-2048x1365.jpeg 2048w, https:\/\/smago.de\/ws2\/wp-content\/uploads\/2025\/09\/Foto_5-392x261.jpeg 392w, https:\/\/smago.de\/ws2\/wp-content\/uploads\/2025\/09\/Foto_5-130x87.jpeg 130w, https:\/\/smago.de\/ws2\/wp-content\/uploads\/2025\/09\/Foto_5-668x445.jpeg 668w, https:\/\/smago.de\/ws2\/wp-content\/uploads\/2025\/09\/Foto_5-783x522.jpeg 783w, https:\/\/smago.de\/ws2\/wp-content\/uploads\/2025\/09\/Foto_5-285x190.jpeg 285w, https:\/\/smago.de\/ws2\/wp-content\/uploads\/2025\/09\/Foto_5-435x290.jpeg 435w, https:\/\/smago.de\/ws2\/wp-content\/uploads\/2025\/09\/Foto_5-150x100.jpeg 150w, https:\/\/smago.de\/ws2\/wp-content\/uploads\/2025\/09\/Foto_5-370x247.jpeg 370w\" sizes=\"(max-width: 2560px) 100vw, 2560px\" \/><figcaption id=\"caption-attachment-247879\" class=\"wp-caption-text\"><em>Pietro Lombardi mit den Feuerladies<\/em><\/p>\n<p><em>\u00a9 Tanzer \/ ipImedia<\/em><\/figcaption><\/figure>\n","protected":false},"excerpt":{"rendered":"<p>Die Stars der Starnacht und geladene VIP\u00b4s feierten bei der legend\u00e4ren STARnacht Seitenblicke-Party auf der Terrasse von Schloss D\u00fcrnstein!<\/p>\n","protected":false},"author":2,"featured_media":247877,"comment_status":"open","ping_status":"closed","sticky":false,"template":"","format":"standard","meta":{"_FSMCFIC_featured_image_caption":"","_FSMCFIC_featured_image_nocaption":"","_FSMCFIC_featured_image_hide":""},"categories":[26,28],"tags":[3705],"acf":[],"_links":{"self":[{"href":"https:\/\/smago.de\/ws2\/wp-json\/wp\/v2\/posts\/247876"}],"collection":[{"href":"https:\/\/smago.de\/ws2\/wp-json\/wp\/v2\/posts"}],"about":[{"href":"https:\/\/smago.de\/ws2\/wp-json\/wp\/v2\/types\/post"}],"author":[{"embeddable":true,"href":"https:\/\/smago.de\/ws2\/wp-json\/wp\/v2\/users\/2"}],"replies":[{"embeddable":true,"href":"https:\/\/smago.de\/ws2\/wp-json\/wp\/v2\/comments?post=247876"}],"version-history":[{"count":3,"href":"https:\/\/smago.de\/ws2\/wp-json\/wp\/v2\/posts\/247876\/revisions"}],"predecessor-version":[{"id":247882,"href":"https:\/\/smago.de\/ws2\/wp-json\/wp\/v2\/posts\/247876\/revisions\/247882"}],"wp:featuredmedia":[{"embeddable":true,"href":"https:\/\/smago.de\/ws2\/wp-json\/wp\/v2\/media\/247877"}],"wp:attachment":[{"href":"https:\/\/smago.de\/ws2\/wp-json\/wp\/v2\/media?parent=247876"}],"wp:term":[{"taxonomy":"category","embeddable":true,"href":"https:\/\/smago.de\/ws2\/wp-json\/wp\/v2\/categories?post=247876"},{"taxonomy":"post_tag","embeddable":true,"href":"https:\/\/smago.de\/ws2\/wp-json\/wp\/v2\/tags?post=247876"}],"curies":[{"name":"wp","href":"https:\/\/api.w.org\/{rel}","templated":true}]}}