{"id":247872,"date":"2025-09-20T11:17:52","date_gmt":"2025-09-20T09:17:52","guid":{"rendered":"https:\/\/smago.de\/ws2\/?p=247872"},"modified":"2025-09-20T11:17:52","modified_gmt":"2025-09-20T09:17:52","slug":"stefan-raab-ganz-starker-wochenabschluss-fuer-raab","status":"publish","type":"post","link":"https:\/\/smago.de\/ws2\/nonsens\/stefan-raab-ganz-starker-wochenabschluss-fuer-raab\/","title":{"rendered":"STEFAN RAAB <br>Ganz starker Wochenabschluss f\u00fcr Raab!"},"content":{"rendered":"<p style=\"text-align: justify;\">&#8222;Die Stefan Raab Show&#8220; in drei Kernzielgruppen st\u00e4rkstes Format im Timeslot unter den Privaten +++ Wochenfinale steigert sich deutlich \u2013 Staffelstart &#8222;Ninja Warrior Germany&#8220; sichert RTL den doppelten Primetime-Sieg +++<br \/>\n<!--more--><\/p>\n<p style=\"text-align: justify;\">\n<p style=\"text-align: justify;\">\n<p style=\"text-align: justify;\">Wenn das kein Grund zum Jodeln ist! Am Freitagabend \u00fcberzeugte die f\u00fcnfte 15-min\u00fctige Live-Ausgabe von &#8222;Die Stefan Raab Show&#8220; die Zuschauer und belegte Platz 1 unter den Privatsendern in drei wichtigen Kernzielgruppen.<\/p>\n<p style=\"text-align: justify;\">Die Personality-Show steigerte sich deutlich und erzielte einen guten Marktanteil von 8,6 % bei den 14- bis 59-J\u00e4hrigen sowie starke 12,7\u00a0% in der Zielgruppe der jungen Zuschauer (14-49 Jahre). Insgesamt schauten 1,04\u00a0Mio. Zuschauer zu (ab 3 J.).<\/p>\n<p style=\"text-align: justify;\"><span data-teams=\"true\">&#8222;Die Stefan Raab Show&#8220;\u00a0erreichte in der vergangenen Woche eine kumulierten Nettoreichweite (ab 3 J.) von 11 Mio. Menschen. Damit konnte sich RTL mit &#8222;Die Stefan Raab Show&#8220; im Wochenschnitt als st\u00e4rkster Privatsender im Timeslot behaupten. \u00a0<\/span><\/p>\n<p style=\"text-align: justify;\">Im Anschluss startete &#8222;Ninja Warrior Germany&#8220; stark in die 10. Jubil\u00e4umsstaffel. Die erste neue Folge erreichte sehr gute Marktanteile von 10,6 % bei den 14- bis 59-j\u00e4hrigen und starke 14,7 % bei den 14-49-J\u00e4hrigen. Damit sicherte sich RTL den Primetime-Sieg in der jungen Zielgruppe und bei den 14-59-J\u00e4hrigen den Sieg nach der Tagesschau. beim Gesamtpublikum waren insgesamt 1,41\u00a0Millionen (ab 3 J.) dabei.<\/p>\n<p style=\"text-align: justify;\">Auch in diesem Jahr gibt es <a href=\"https:\/\/www.sport.de\/video\/en591146\/buzzer-danach-mattli-spricht-ueber-spannenden-start\/\">bei sport.de jeden Samstag den &#8222;Buzzer danach&#8220;<\/a> mit Moderator Daniel Hock und Ninja-Athleten im Interview. In Folge 1: Joel Mattli.<\/p>\n<p>Mit einem Tagesmarktanteil von 10,3 % bei den 14-49-J\u00e4hrigen lag RTL am Freitag vor allen anderen Sendern.<\/p>\n<p style=\"text-align: justify;\">Die erste regul\u00e4re Ausgabe von &#8222;DSRS&#8220; zeigt RTL am kommenden Mittwoch, 24.9. um 20:15 Uhr (vorab auf RTL+ verf\u00fcgbar).<\/p>\n<p>&nbsp;<\/p>\n<p>&nbsp;<\/p>\n<p style=\"text-align: justify;\"><sup><em>Quelle: AGF \/ GfK \/ DAP AGF SCOPE \/ RTL DATA \/ vorl. gew. \/ Stand: 20.09.2025<\/em><\/sup><\/p>\n<p>&nbsp;<\/p>\n<p>&nbsp;<\/p>\n<figure id=\"attachment_247873\" aria-describedby=\"caption-attachment-247873\" style=\"width: 2560px\" class=\"wp-caption alignnone\"><img decoding=\"async\" loading=\"lazy\" class=\"size-full wp-image-247873\" src=\"https:\/\/smago.de\/ws2\/wp-content\/uploads\/2025\/09\/D2FF4-2-scaled.jpg\" alt=\"\" width=\"2560\" height=\"1440\" srcset=\"https:\/\/smago.de\/ws2\/wp-content\/uploads\/2025\/09\/D2FF4-2-scaled.jpg 2560w, https:\/\/smago.de\/ws2\/wp-content\/uploads\/2025\/09\/D2FF4-2-522x294.jpg 522w, https:\/\/smago.de\/ws2\/wp-content\/uploads\/2025\/09\/D2FF4-2-800x450.jpg 800w, https:\/\/smago.de\/ws2\/wp-content\/uploads\/2025\/09\/D2FF4-2-267x150.jpg 267w, https:\/\/smago.de\/ws2\/wp-content\/uploads\/2025\/09\/D2FF4-2-768x432.jpg 768w, https:\/\/smago.de\/ws2\/wp-content\/uploads\/2025\/09\/D2FF4-2-1536x864.jpg 1536w, https:\/\/smago.de\/ws2\/wp-content\/uploads\/2025\/09\/D2FF4-2-2048x1152.jpg 2048w, https:\/\/smago.de\/ws2\/wp-content\/uploads\/2025\/09\/D2FF4-2-392x221.jpg 392w, https:\/\/smago.de\/ws2\/wp-content\/uploads\/2025\/09\/D2FF4-2-130x73.jpg 130w, https:\/\/smago.de\/ws2\/wp-content\/uploads\/2025\/09\/D2FF4-2-791x445.jpg 791w, https:\/\/smago.de\/ws2\/wp-content\/uploads\/2025\/09\/D2FF4-2-870x489.jpg 870w, https:\/\/smago.de\/ws2\/wp-content\/uploads\/2025\/09\/D2FF4-2-292x164.jpg 292w, https:\/\/smago.de\/ws2\/wp-content\/uploads\/2025\/09\/D2FF4-2-435x245.jpg 435w, https:\/\/smago.de\/ws2\/wp-content\/uploads\/2025\/09\/D2FF4-2-895x503.jpg 895w\" sizes=\"(max-width: 2560px) 100vw, 2560px\" \/><figcaption id=\"caption-attachment-247873\" class=\"wp-caption-text\"><em>Foto-Credit: RTL &#8211; Raab Entertainment \/ Willi Weber<\/em><\/p>\n<p><em>Bitte beachten Sie auch <strong><a href=\"http:\/\/www.rtlplus.de\">RTL+<\/a><\/strong>!<\/em><\/figcaption><\/figure>\n","protected":false},"excerpt":{"rendered":"<p>&#8222;Die Stefan Raab Show&#8220; in drei Kernzielgruppen st\u00e4rkstes Format im Timeslot unter den Privaten +++ Wochenfinale steigert sich deutlich \u2013<\/p>\n","protected":false},"author":2,"featured_media":247873,"comment_status":"open","ping_status":"closed","sticky":false,"template":"","format":"standard","meta":{"_FSMCFIC_featured_image_caption":"","_FSMCFIC_featured_image_nocaption":"","_FSMCFIC_featured_image_hide":""},"categories":[23,128],"tags":[507],"acf":[],"_links":{"self":[{"href":"https:\/\/smago.de\/ws2\/wp-json\/wp\/v2\/posts\/247872"}],"collection":[{"href":"https:\/\/smago.de\/ws2\/wp-json\/wp\/v2\/posts"}],"about":[{"href":"https:\/\/smago.de\/ws2\/wp-json\/wp\/v2\/types\/post"}],"author":[{"embeddable":true,"href":"https:\/\/smago.de\/ws2\/wp-json\/wp\/v2\/users\/2"}],"replies":[{"embeddable":true,"href":"https:\/\/smago.de\/ws2\/wp-json\/wp\/v2\/comments?post=247872"}],"version-history":[{"count":1,"href":"https:\/\/smago.de\/ws2\/wp-json\/wp\/v2\/posts\/247872\/revisions"}],"predecessor-version":[{"id":247874,"href":"https:\/\/smago.de\/ws2\/wp-json\/wp\/v2\/posts\/247872\/revisions\/247874"}],"wp:featuredmedia":[{"embeddable":true,"href":"https:\/\/smago.de\/ws2\/wp-json\/wp\/v2\/media\/247873"}],"wp:attachment":[{"href":"https:\/\/smago.de\/ws2\/wp-json\/wp\/v2\/media?parent=247872"}],"wp:term":[{"taxonomy":"category","embeddable":true,"href":"https:\/\/smago.de\/ws2\/wp-json\/wp\/v2\/categories?post=247872"},{"taxonomy":"post_tag","embeddable":true,"href":"https:\/\/smago.de\/ws2\/wp-json\/wp\/v2\/tags?post=247872"}],"curies":[{"name":"wp","href":"https:\/\/api.w.org\/{rel}","templated":true}]}}