{"id":247817,"date":"2025-09-21T00:00:13","date_gmt":"2025-09-20T22:00:13","guid":{"rendered":"https:\/\/smago.de\/ws2\/?p=247817"},"modified":"2025-09-21T09:38:05","modified_gmt":"2025-09-21T07:38:05","slug":"midoo-midoo-meldet-sich-zurueck-mit-seiner-neuen-single-es-ist-nicht-die-wahrheit","status":"publish","type":"post","link":"https:\/\/smago.de\/ws2\/pop-schlager\/midoo-midoo-meldet-sich-zurueck-mit-seiner-neuen-single-es-ist-nicht-die-wahrheit\/","title":{"rendered":"MIDOO <br>Midoo meldet sich zur\u00fcck \u2013 mit seiner neuen Single \u201eEs ist nicht die Wahrheit\u201c!"},"content":{"rendered":"<p style=\"text-align: justify;\">Die kreative Auszeit nutzte der K\u00fcnstler, um sich neu zu fokussieren, musikalisch weiterzuentwickeln und neue Impulse zu sammeln!<!--more--><\/p>\n<p>&nbsp;<\/p>\n<p>&nbsp;<\/p>\n<p>&nbsp;<\/p>\n<p style=\"text-align: justify;\">Nach 1,5 Jahren musikalischer Pause ist er endlich zur\u00fcck: MIDOO, der in seiner Heimatstadt Hamm l\u00e4ngst Kultstatus genie\u00dft, startet mit neuer Energie und einem echten Hit im Gep\u00e4ck wieder voll durch. Seine neue Single \u201eEs ist nicht die Wahrheit\u201c erscheint p\u00fcnktlich zum Comeback \u2013 und hat alles, was ein erfolgreicher Song braucht: starke Emotionen, moderne Sounds und eine Hook, die sofort im Ohr bleibt.<\/p>\n<p style=\"text-align: justify;\">Mit seiner markanten Stimme und einem unverkennbaren Stil hat sich Midoo \u00fcber die Jahre eine treue Fanbase aufgebaut. Die kreative Auszeit nutzte der K\u00fcnstler, um sich neu zu fokussieren, musikalisch weiterzuentwickeln und neue Impulse zu sammeln. Das Ergebnis ist ein Song, der unter die Haut geht \u2013 ehrlich, direkt und mitrei\u00dfend.<\/p>\n<p style=\"text-align: justify;\">\u201eEs ist nicht die Wahrheit\u201c erz\u00e4hlt von T\u00e4uschung, Entt\u00e4uschung und dem schmerzhaften Prozess, sich von Illusionen zu befreien \u2013 Themen, die viele Menschen bewegen und die Midoo mit gro\u00dfer Authentizit\u00e4t und Tiefe verarbeitet. Gleichzeitig \u00fcberzeugt der Track durch eing\u00e4ngige Melodien und eine moderne Produktion mit Hit-Potenzial.<\/p>\n<p style=\"text-align: justify;\">Mit seinem Comeback unterstreicht Midoo einmal mehr seine musikalische Relevanz \u2013 nicht nur in Hamm, sondern weit dar\u00fcber hinaus. Die Szene darf gespannt sein, was als n\u00e4chstes kommt.<\/p>\n<p style=\"text-align: justify;\">Eines ist sicher: Midoo ist zur\u00fcck. Und st\u00e4rker denn je.<\/p>\n<p style=\"text-align: justify;\">Die Ver\u00f6ffentlichung erfolgt zum 26.09.2025 via Fiesta Records (Andreas Rosmiarek).<\/p>\n","protected":false},"excerpt":{"rendered":"<p>Die kreative Auszeit nutzte der K\u00fcnstler, um sich neu zu fokussieren, musikalisch weiterzuentwickeln und neue Impulse zu sammeln!<\/p>\n","protected":false},"author":2,"featured_media":247819,"comment_status":"open","ping_status":"closed","sticky":false,"template":"","format":"standard","meta":{"_FSMCFIC_featured_image_caption":"","_FSMCFIC_featured_image_nocaption":"","_FSMCFIC_featured_image_hide":""},"categories":[28],"tags":[4702],"acf":[],"_links":{"self":[{"href":"https:\/\/smago.de\/ws2\/wp-json\/wp\/v2\/posts\/247817"}],"collection":[{"href":"https:\/\/smago.de\/ws2\/wp-json\/wp\/v2\/posts"}],"about":[{"href":"https:\/\/smago.de\/ws2\/wp-json\/wp\/v2\/types\/post"}],"author":[{"embeddable":true,"href":"https:\/\/smago.de\/ws2\/wp-json\/wp\/v2\/users\/2"}],"replies":[{"embeddable":true,"href":"https:\/\/smago.de\/ws2\/wp-json\/wp\/v2\/comments?post=247817"}],"version-history":[{"count":3,"href":"https:\/\/smago.de\/ws2\/wp-json\/wp\/v2\/posts\/247817\/revisions"}],"predecessor-version":[{"id":247889,"href":"https:\/\/smago.de\/ws2\/wp-json\/wp\/v2\/posts\/247817\/revisions\/247889"}],"wp:featuredmedia":[{"embeddable":true,"href":"https:\/\/smago.de\/ws2\/wp-json\/wp\/v2\/media\/247819"}],"wp:attachment":[{"href":"https:\/\/smago.de\/ws2\/wp-json\/wp\/v2\/media?parent=247817"}],"wp:term":[{"taxonomy":"category","embeddable":true,"href":"https:\/\/smago.de\/ws2\/wp-json\/wp\/v2\/categories?post=247817"},{"taxonomy":"post_tag","embeddable":true,"href":"https:\/\/smago.de\/ws2\/wp-json\/wp\/v2\/tags?post=247817"}],"curies":[{"name":"wp","href":"https:\/\/api.w.org\/{rel}","templated":true}]}}