{"id":247734,"date":"2025-09-20T00:00:34","date_gmt":"2025-09-19T22:00:34","guid":{"rendered":"https:\/\/smago.de\/ws2\/?p=247734"},"modified":"2025-09-19T21:14:27","modified_gmt":"2025-09-19T19:14:27","slug":"wolfgang-lippert-heute-20-09-2025-mdr-fernsehen-ein-kessel-buntes-spezial","status":"publish","type":"post","link":"https:\/\/smago.de\/ws2\/ost-schlager\/wolfgang-lippert-heute-20-09-2025-mdr-fernsehen-ein-kessel-buntes-spezial\/","title":{"rendered":"WOLFGANG LIPPERT <br>Heute, 20.09.2025, MDR Fernsehen: &#8222;Ein Kessel Buntes Spezial&#8220;!"},"content":{"rendered":"<p style=\"text-align: justify;\">&#8222;Lippis Lieblingsst\u00fccke \u2013 Folge 3&#8220; \/\/ 20:15 Uhr &#8211; 22:13 Uhr (im Anschluss: &#8222;MDR aktuell&#8220; bis 22:15 Uhr)!<br \/>\n<!--more--><\/p>\n<p style=\"text-align: justify;\">\n<p style=\"text-align: justify;\">\n<p style=\"text-align: justify;\">WOLFGANG LIPPERT pr\u00e4sentiert im neuen \u201eKessel Buntes\u201c \u00fcber 200 Mitwirkende und erinnert sich dabei an bewegende Geschichten, gro\u00dfe Stars und emotionale Momente aus der DDR-Unterhaltung. Pers\u00f6nliche Erlebnisse der G\u00e4ste machen die Show zu einem nostalgischen Highlight voller Lieblingsst\u00fccke.<\/p>\n<p style=\"text-align: justify;\">\n<p style=\"text-align: justify;\">***<\/p>\n<p style=\"text-align: justify;\">\n<p style=\"text-align: justify;\">Wenn einer viele Kessel macht, dann kann er sich erinnern: An gro\u00dfartige Stars, \u00fcberraschende Begegnungen und emotionale Momente! Denn mehr als 200 Mitwirkende hat Wolfgang Lippert f\u00fcr den Supermix aus Adlershofer Unterhaltungsshows im neuen Kessel Buntes pr\u00e4sentiert. Ber\u00fchrt hat ihn, wie Udo J\u00fcrgens von seinem ersten Auftritt im Osten in Bitterfeld erz\u00e4hlte. F\u00fcr Petra Kusch-L\u00fcck war der Kessel der Durchbruch f\u00fcr eine Karriere auf der Showb\u00fchne. Der Schauspieler Dieter Mann verdankte seinen gro\u00dfen Kesselauftritt den grandiosen Texten von Hans-Joachim Preil. Und Dagmar Koller schw\u00e4rmt von den M\u00f6glichkeiten, die ihr das DDR-Fernsehen f\u00fcr ihre Karriere geboten hat. Alle diese Geschichten, noch mehr Anekdoten und spektakul\u00e4re Auftritte aus dem Ostfernsehshowleben sind Lippis Lieblingsst\u00fccke.<\/p>\n","protected":false},"excerpt":{"rendered":"<p>&#8222;Lippis Lieblingsst\u00fccke \u2013 Folge 3&#8220; \/\/ 20:15 Uhr &#8211; 22:13 Uhr (im Anschluss: &#8222;MDR aktuell&#8220; bis 22:15 Uhr)!<\/p>\n","protected":false},"author":2,"featured_media":247735,"comment_status":"open","ping_status":"closed","sticky":false,"template":"","format":"standard","meta":{"_FSMCFIC_featured_image_caption":"","_FSMCFIC_featured_image_nocaption":"","_FSMCFIC_featured_image_hide":""},"categories":[25,128],"tags":[657],"acf":[],"_links":{"self":[{"href":"https:\/\/smago.de\/ws2\/wp-json\/wp\/v2\/posts\/247734"}],"collection":[{"href":"https:\/\/smago.de\/ws2\/wp-json\/wp\/v2\/posts"}],"about":[{"href":"https:\/\/smago.de\/ws2\/wp-json\/wp\/v2\/types\/post"}],"author":[{"embeddable":true,"href":"https:\/\/smago.de\/ws2\/wp-json\/wp\/v2\/users\/2"}],"replies":[{"embeddable":true,"href":"https:\/\/smago.de\/ws2\/wp-json\/wp\/v2\/comments?post=247734"}],"version-history":[{"count":1,"href":"https:\/\/smago.de\/ws2\/wp-json\/wp\/v2\/posts\/247734\/revisions"}],"predecessor-version":[{"id":247736,"href":"https:\/\/smago.de\/ws2\/wp-json\/wp\/v2\/posts\/247734\/revisions\/247736"}],"wp:featuredmedia":[{"embeddable":true,"href":"https:\/\/smago.de\/ws2\/wp-json\/wp\/v2\/media\/247735"}],"wp:attachment":[{"href":"https:\/\/smago.de\/ws2\/wp-json\/wp\/v2\/media?parent=247734"}],"wp:term":[{"taxonomy":"category","embeddable":true,"href":"https:\/\/smago.de\/ws2\/wp-json\/wp\/v2\/categories?post=247734"},{"taxonomy":"post_tag","embeddable":true,"href":"https:\/\/smago.de\/ws2\/wp-json\/wp\/v2\/tags?post=247734"}],"curies":[{"name":"wp","href":"https:\/\/api.w.org\/{rel}","templated":true}]}}