{"id":247706,"date":"2025-09-19T00:25:51","date_gmt":"2025-09-18T22:25:51","guid":{"rendered":"https:\/\/smago.de\/ws2\/?p=247706"},"modified":"2025-09-19T00:25:51","modified_gmt":"2025-09-18T22:25:51","slug":"juergen-drews-am-31-10-2025-erscheint-die-cd-80-jahre-koenig-von-mallorca-mit-neun-neuen-songs","status":"publish","type":"post","link":"https:\/\/smago.de\/ws2\/schlager\/juergen-drews-am-31-10-2025-erscheint-die-cd-80-jahre-koenig-von-mallorca-mit-neun-neuen-songs\/","title":{"rendered":"J\u00dcRGEN DREWS <br>Am 31.10.2025 erscheint die CD &#8222;80 Jahre K\u00f6nig von Mallorca&#8220; \u2013 mit neun neuen Songs!"},"content":{"rendered":"<p>Den Titel &#8222;Es war alles am Besten&#8220; pr\u00e4sentiert &#8222;Onkel J\u00fcrgen&#8220; im Duett mit Howard Carpendale!<!--more--><\/p>\n<p>&nbsp;<\/p>\n<p>&nbsp;<\/p>\n<p style=\"text-align: justify;\">\n<p style=\"text-align: justify;\">Am 31.10.2025 erscheint das gro\u00dfe Best Of-Album von J\u00dcRGEN DREWS \u2013 mit Klassikern aus acht Jahrzehnten Musikgeschichte, neun neuen Songs und einem Remix-Feuerwerk seiner gr\u00f6\u00dften Hits.<\/p>\n<p style=\"text-align: justify;\">Neben unvergessenen Hits wie \u201eK\u00f6nig von Mallorca\u201c, \u201eIrgendwann, irgendwo, irgendwie (&#8230; seh&#8217;n wir uns wieder), und Ein Bett im Kornfeld\u201c gl\u00e4nzt das Album mit spektakul\u00e4ren neuen Versionen:<\/p>\n<p>&nbsp;<\/p>\n<ul>\n<li style=\"text-align: justify;\">\u201eK\u00f6nig von Mallorca\u201c \u2013 neu aufgenommen mit Knossi,<\/li>\n<li style=\"text-align: justify;\">\u201eIrgendwann, irgendwo, irgendwie (&#8230; seh&#8217;n wir uns wieder)\u201c \u2013 modern interpretiert mit Oli P.,<\/li>\n<li style=\"text-align: justify;\">&#8222;Ein Bett im Kornfeld\u201c \u2013 neu eingesungen mit Tochter Joelina Drews<\/li>\n<li style=\"text-align: justify;\">ein gef\u00fchlvolles Duett mit Ehefrau Ramona<\/li>\n<li style=\"text-align: justify;\">und ein Legenden-Feature von gemeinsamen 160 Jahren Musikgeschichte: \u201eEs war alles am Besten\u201c \u2013 mit Howard Carpendale, neu remastered.<\/li>\n<\/ul>\n<p>&nbsp;<\/p>\n<p style=\"text-align: justify;\">Dazu gibt es weitere hochkar\u00e4tige Features mit Matze Knop, Julian Reim u.v.m. sowie Remixes von Szene-Gr\u00f6\u00dfen wie DJ Aaron, NoooN, Nur So!, DJ Herzbeat und weiteren \u2013 ein wahres Hit-Feuerwerk, das die zeitlosen Klassiker neu erstrahlen l\u00e4sst.<\/p>\n<p style=\"text-align: justify;\">Von 80 Jahren ist bei J\u00fcrgen Drews noch lange keine Spur \u2013 der \u201eK\u00f6nig von Mallorca\u201c lebt Schlager wie nie zuvor!<\/p>\n","protected":false},"excerpt":{"rendered":"<p>Den Titel &#8222;Es war alles am Besten&#8220; pr\u00e4sentiert &#8222;Onkel J\u00fcrgen&#8220; im Duett mit Howard Carpendale!<\/p>\n","protected":false},"author":2,"featured_media":247707,"comment_status":"open","ping_status":"closed","sticky":false,"template":"","format":"standard","meta":{"_FSMCFIC_featured_image_caption":"","_FSMCFIC_featured_image_nocaption":"","_FSMCFIC_featured_image_hide":""},"categories":[29,39],"tags":[108],"acf":[],"_links":{"self":[{"href":"https:\/\/smago.de\/ws2\/wp-json\/wp\/v2\/posts\/247706"}],"collection":[{"href":"https:\/\/smago.de\/ws2\/wp-json\/wp\/v2\/posts"}],"about":[{"href":"https:\/\/smago.de\/ws2\/wp-json\/wp\/v2\/types\/post"}],"author":[{"embeddable":true,"href":"https:\/\/smago.de\/ws2\/wp-json\/wp\/v2\/users\/2"}],"replies":[{"embeddable":true,"href":"https:\/\/smago.de\/ws2\/wp-json\/wp\/v2\/comments?post=247706"}],"version-history":[{"count":1,"href":"https:\/\/smago.de\/ws2\/wp-json\/wp\/v2\/posts\/247706\/revisions"}],"predecessor-version":[{"id":247708,"href":"https:\/\/smago.de\/ws2\/wp-json\/wp\/v2\/posts\/247706\/revisions\/247708"}],"wp:featuredmedia":[{"embeddable":true,"href":"https:\/\/smago.de\/ws2\/wp-json\/wp\/v2\/media\/247707"}],"wp:attachment":[{"href":"https:\/\/smago.de\/ws2\/wp-json\/wp\/v2\/media?parent=247706"}],"wp:term":[{"taxonomy":"category","embeddable":true,"href":"https:\/\/smago.de\/ws2\/wp-json\/wp\/v2\/categories?post=247706"},{"taxonomy":"post_tag","embeddable":true,"href":"https:\/\/smago.de\/ws2\/wp-json\/wp\/v2\/tags?post=247706"}],"curies":[{"name":"wp","href":"https:\/\/api.w.org\/{rel}","templated":true}]}}