{"id":247701,"date":"2025-09-19T00:19:25","date_gmt":"2025-09-18T22:19:25","guid":{"rendered":"https:\/\/smago.de\/ws2\/?p=247701"},"modified":"2025-09-19T00:19:25","modified_gmt":"2025-09-18T22:19:25","slug":"semino-rossi-cd-blanca-navidad-weisse-weihnacht-ab-17-10-2025-erhaeltlich","status":"publish","type":"post","link":"https:\/\/smago.de\/ws2\/schlager\/semino-rossi-cd-blanca-navidad-weisse-weihnacht-ab-17-10-2025-erhaeltlich\/","title":{"rendered":"SEMINO ROSSI <br>CD &#8222;Blanca Navidad \u2013 Wei\u00dfe Weihnacht&#8220; ab 17.10.2025 erh\u00e4ltlich!"},"content":{"rendered":"<p>Semino stimmt die Herzen auf die festliche Zeit ein!<br \/>\n<!--more--><\/p>\n<p>&nbsp;<\/p>\n<p style=\"text-align: justify;\">\nAm 17.10.2025 beschert SEMINO ROSSI ein ganz besonderes musikalisches Geschenk: Sein neues Album \u201eBlanca Navidad \u2013 Wei\u00dfe Weihnacht\u201c enth\u00e4lt 15 brandneue Weihnachtssongs, die in Zusammenarbeit mit dem renommierten City of Prague Philharmonic Orchestra entstanden sind.<\/p>\n<p style=\"text-align: justify;\">Die Kombination aus Semino Rossis gef\u00fchlvoller Stimme und orchestraler Klangf\u00fclle sorgt f\u00fcr ein emotionales und besinnliches H\u00f6rerlebnis. Als besonderes Extra ver\u00f6ffentlicht Semino Rossi auch eine exklusive Zusammenstellung seiner sch\u00f6nsten Duette \u2013 ein R\u00fcckblick auf die ber\u00fchrendsten musikalischen Begegnungen seiner Karriere.<\/p>\n<p style=\"text-align: justify;\">Diese Sammlung vereint gro\u00dfe Momente mit namhaften K\u00fcnstlern und zeigt die Vielseitigkeit und Tiefe seines musikalischen Schaffens.<\/p>\n<p style=\"text-align: justify;\">Passend dazu ist der Ausnahmek\u00fcnstler nicht nur auf gro\u00dfer Live-Tournee, sondern spielt ebenfalls mehrere Weihnachtskonzerte inklusive Band in Deutschland, \u00d6sterreich und der Schweiz.<\/p>\n<p>&nbsp;<\/p>\n<p>&nbsp;<\/p>\n<p>&nbsp;<\/p>\n<p style=\"text-align: justify;\"><strong>SEMINO ROSSI SELBST MERKT HIERZU AN &#8230;:<\/strong><\/p>\n<p><em>Liebe Freunde,<\/em><br class=\"html-br\" \/><br class=\"html-br\" \/><em>ich freue mich sehr euch endlich sagen zu k\u00f6nnen, dass es ein neues Album von mir geben wird <span class=\"html-span xexx8yu xyri2b x18d9i69 x1c1uobl x1hl2dhg x16tdsg8 x1vvkbs x3nfvp2 x1j61x8r x1fcty0u xdj266r xat24cr xm2jcoa x1mpyi22 xxymvpz xlup9mm x1kky2od\"><img decoding=\"async\" loading=\"lazy\" class=\"xz74otr x15mokao x1ga7v0g x16uus16 xbiv7yw\" src=\"https:\/\/static.xx.fbcdn.net\/images\/emoji.php\/v9\/tf7\/2\/16\/1f929.png\" alt=\"&#x1f929;\" width=\"16\" height=\"16\" \/><\/span> \u201dBlanca Navidad &#8211; Wei\u00dfe Weihnacht\u201d ist ein Weihnachtsalbum mit 15 neuen Songs, die ich zusammen mit dem City of Prague Philharmonic Orchestra aufgenommen und arrangiert habe <span class=\"html-span xexx8yu xyri2b x18d9i69 x1c1uobl x1hl2dhg x16tdsg8 x1vvkbs x3nfvp2 x1j61x8r x1fcty0u xdj266r xat24cr xm2jcoa x1mpyi22 xxymvpz xlup9mm x1kky2od\"><img decoding=\"async\" loading=\"lazy\" class=\"xz74otr x15mokao x1ga7v0g x16uus16 xbiv7yw\" src=\"https:\/\/static.xx.fbcdn.net\/images\/emoji.php\/v9\/tea\/2\/16\/1f3bb.png\" alt=\"&#x1f3bb;\" width=\"16\" height=\"16\" \/><\/span><\/em><br class=\"html-br\" \/><br class=\"html-br\" \/><em>Als kleines extra gibt es dazu noch eine zweite CD im Paket, welche meine sch\u00f6nsten Duette beinhaltet &#8211; ein kleiner R\u00fcckblick auf tolle Begegnungen in meiner Karriere <span class=\"html-span xexx8yu xyri2b x18d9i69 x1c1uobl x1hl2dhg x16tdsg8 x1vvkbs x3nfvp2 x1j61x8r x1fcty0u xdj266r xat24cr xm2jcoa x1mpyi22 xxymvpz xlup9mm x1kky2od\"><img decoding=\"async\" loading=\"lazy\" class=\"xz74otr x15mokao x1ga7v0g x16uus16 xbiv7yw\" src=\"https:\/\/static.xx.fbcdn.net\/images\/emoji.php\/v9\/t63\/2\/16\/1faf6_1f3fb.png\" alt=\"&#x1faf6;&#x1f3fb;\" width=\"16\" height=\"16\" \/><\/span><\/em><br class=\"html-br\" \/><br class=\"html-br\" \/><em>Das Album wird am 17.10.2025 ver\u00f6ffentlich und kann ab sofort unter folgendem Link vorbestellt werden: <span class=\"html-span xdj266r x14z9mp xat24cr x1lziwak xexx8yu xyri2b x18d9i69 x1c1uobl x1hl2dhg x16tdsg8 x1vvkbs\"><a class=\"x1i10hfl xjbqb8w x1ejq31n x18oe1m7 x1sy0etr xstzfhl x972fbf x10w94by x1qhh985 x14e42zd x9f619 x1ypdohk xt0psk2 x3ct3a4 xdj266r x14z9mp xat24cr x1lziwak xexx8yu xyri2b x18d9i69 x1c1uobl x16tdsg8 x1hl2dhg xggy1nq x1a2a7pz xkrqix3 x1sur9pj x1fey0fg x1s688f\" tabindex=\"0\" role=\"link\" href=\"https:\/\/seminorossi.lnk.to\/BlancaNavidad?fbclid=IwZXh0bgNhZW0CMTAAYnJpZBExRFZkcXA0RnprM2cxRDZTMQEe1JukCChhWsqDlbnlgatl8yZ9gILeo3UYz7KlKVNSk6_L0TCxQjH9xq60idM_aem_wHhPcJ8M0ndjtxc7Vetybw\" target=\"_blank\" rel=\"nofollow noopener noreferrer\">https:\/\/SeminoRossi.lnk.to\/BlancaNavidad<\/a><\/span><\/em><br class=\"html-br\" \/><br class=\"html-br\" \/><em>Ich freue mich auf eine wundersch\u00f6ne Weihnachts- und Winzerzeit mit euch und den tollen neuen Liedern, die ihr auf meiner Weihnachtstour auch live h\u00f6ren k\u00f6nnt <span class=\"html-span xexx8yu xyri2b x18d9i69 x1c1uobl x1hl2dhg x16tdsg8 x1vvkbs x3nfvp2 x1j61x8r x1fcty0u xdj266r xat24cr xm2jcoa x1mpyi22 xxymvpz xlup9mm x1kky2od\"><img decoding=\"async\" loading=\"lazy\" class=\"xz74otr x15mokao x1ga7v0g x16uus16 xbiv7yw\" src=\"https:\/\/static.xx.fbcdn.net\/images\/emoji.php\/v9\/t1d\/2\/16\/1f3a4.png\" alt=\"&#x1f3a4;\" width=\"16\" height=\"16\" \/><br \/>\n<\/span><\/em><br class=\"html-br\" \/><br class=\"html-br\" \/><em>Euer Semino <span class=\"html-span xexx8yu xyri2b x18d9i69 x1c1uobl x1hl2dhg x16tdsg8 x1vvkbs x3nfvp2 x1j61x8r x1fcty0u xdj266r xat24cr xm2jcoa x1mpyi22 xxymvpz xlup9mm x1kky2od\"><img decoding=\"async\" loading=\"lazy\" class=\"xz74otr x15mokao x1ga7v0g x16uus16 xbiv7yw\" src=\"https:\/\/static.xx.fbcdn.net\/images\/emoji.php\/v9\/ted\/2\/16\/2764.png\" alt=\"&#x2764;&#xfe0f;\" width=\"16\" height=\"16\" \/><\/span><\/em><br class=\"html-br\" \/>\n<\/p>\n<p>&nbsp;<\/p>\n<p><img decoding=\"async\" loading=\"lazy\" class=\"alignnone size-large wp-image-247704\" src=\"https:\/\/smago.de\/ws2\/wp-content\/uploads\/2025\/09\/rossi_blanca_plakat-640x800.jpeg\" alt=\"\" width=\"640\" height=\"800\" srcset=\"https:\/\/smago.de\/ws2\/wp-content\/uploads\/2025\/09\/rossi_blanca_plakat-640x800.jpeg 640w, https:\/\/smago.de\/ws2\/wp-content\/uploads\/2025\/09\/rossi_blanca_plakat-418x522.jpeg 418w, https:\/\/smago.de\/ws2\/wp-content\/uploads\/2025\/09\/rossi_blanca_plakat-120x150.jpeg 120w, https:\/\/smago.de\/ws2\/wp-content\/uploads\/2025\/09\/rossi_blanca_plakat-768x960.jpeg 768w, https:\/\/smago.de\/ws2\/wp-content\/uploads\/2025\/09\/rossi_blanca_plakat-218x272.jpeg 218w, https:\/\/smago.de\/ws2\/wp-content\/uploads\/2025\/09\/rossi_blanca_plakat-480x600.jpeg 480w, https:\/\/smago.de\/ws2\/wp-content\/uploads\/2025\/09\/rossi_blanca_plakat-104x130.jpeg 104w, https:\/\/smago.de\/ws2\/wp-content\/uploads\/2025\/09\/rossi_blanca_plakat-356x445.jpeg 356w, https:\/\/smago.de\/ws2\/wp-content\/uploads\/2025\/09\/rossi_blanca_plakat-152x190.jpeg 152w, https:\/\/smago.de\/ws2\/wp-content\/uploads\/2025\/09\/rossi_blanca_plakat-232x290.jpeg 232w, https:\/\/smago.de\/ws2\/wp-content\/uploads\/2025\/09\/rossi_blanca_plakat.jpeg 1080w\" sizes=\"(max-width: 640px) 100vw, 640px\" \/><\/p>\n","protected":false},"excerpt":{"rendered":"<p>Semino stimmt die Herzen auf die festliche Zeit ein!<\/p>\n","protected":false},"author":2,"featured_media":247703,"comment_status":"open","ping_status":"closed","sticky":false,"template":"","format":"standard","meta":{"_FSMCFIC_featured_image_caption":"","_FSMCFIC_featured_image_nocaption":"","_FSMCFIC_featured_image_hide":""},"categories":[29],"tags":[117],"acf":[],"_links":{"self":[{"href":"https:\/\/smago.de\/ws2\/wp-json\/wp\/v2\/posts\/247701"}],"collection":[{"href":"https:\/\/smago.de\/ws2\/wp-json\/wp\/v2\/posts"}],"about":[{"href":"https:\/\/smago.de\/ws2\/wp-json\/wp\/v2\/types\/post"}],"author":[{"embeddable":true,"href":"https:\/\/smago.de\/ws2\/wp-json\/wp\/v2\/users\/2"}],"replies":[{"embeddable":true,"href":"https:\/\/smago.de\/ws2\/wp-json\/wp\/v2\/comments?post=247701"}],"version-history":[{"count":1,"href":"https:\/\/smago.de\/ws2\/wp-json\/wp\/v2\/posts\/247701\/revisions"}],"predecessor-version":[{"id":247705,"href":"https:\/\/smago.de\/ws2\/wp-json\/wp\/v2\/posts\/247701\/revisions\/247705"}],"wp:featuredmedia":[{"embeddable":true,"href":"https:\/\/smago.de\/ws2\/wp-json\/wp\/v2\/media\/247703"}],"wp:attachment":[{"href":"https:\/\/smago.de\/ws2\/wp-json\/wp\/v2\/media?parent=247701"}],"wp:term":[{"taxonomy":"category","embeddable":true,"href":"https:\/\/smago.de\/ws2\/wp-json\/wp\/v2\/categories?post=247701"},{"taxonomy":"post_tag","embeddable":true,"href":"https:\/\/smago.de\/ws2\/wp-json\/wp\/v2\/tags?post=247701"}],"curies":[{"name":"wp","href":"https:\/\/api.w.org\/{rel}","templated":true}]}}