{"id":247682,"date":"2025-09-19T00:00:42","date_gmt":"2025-09-18T22:00:42","guid":{"rendered":"https:\/\/smago.de\/ws2\/?p=247682"},"modified":"2025-09-18T23:50:33","modified_gmt":"2025-09-18T21:50:33","slug":"stauferkrone-stefanie-hertel-kroent-die-stauferkrone-2026","status":"publish","type":"post","link":"https:\/\/smago.de\/ws2\/schlager\/stauferkrone-stefanie-hertel-kroent-die-stauferkrone-2026\/","title":{"rendered":"&#8222;STAUFERKRONE&#8220; <br>Stefanie Hertel kr\u00f6nt die Stauferkrone 2026!"},"content":{"rendered":"<p>Wettbewerbs-Juroren sind u. a. Mara Kayser und Holm Dressler (&#8222;Wetten, dass ..?&#8220;)!<br \/>\n<!--more--><\/p>\n<p>&nbsp;<\/p>\n<p>&nbsp;<\/p>\n<p class=\"p1\" style=\"text-align: justify;\"><b>Donzdorf. <\/b>Stefanie Hertel kr\u00f6nt mit einem einst\u00fcndigen Live-Auftritt die n\u00e4chste Stauferkrone. Das Finale des gr\u00f6\u00dften und bedeutendsten internationalen deutschsprachigen Schlagerwettbewerbs findet am 11. April 2026 wieder in der Stadthalle in Donzdorf (Baden-W\u00fcrttemberg) statt.<\/p>\n<p class=\"p1\" style=\"text-align: justify;\">Freunde des deutschsprachigen Schlagers kommen wieder auf ihre Kosten. Am 11. April 2026 findet das Finale der Stauferkrone statt. Dann sollen in der Stadthalle Donzdorf Interpreten aus mehreren n L\u00e4ndern vor einer prominent besetzten Fachjury ihr K\u00f6nnen pr\u00e4sentieren. Zugleich r\u00fccken neben den Interpreten auch Komponisten und Textdichter in den Fokus. Am 15. Oktober 2025 ist Bewerbungsschluss.<\/p>\n<p class=\"p1\" style=\"text-align: justify;\">Unter den fachkundigen Wettbewerbs-Juroren finden sich auch prominente Namen. So die Schlagers\u00e4ngerin und Musikproduzentin Mara Kayser oder der langj\u00e4hrige Produzent vieler gro\u00dfer Samstagabends-Shows im deutschen Fernsehen, Holm Dressler (\u201eWetten, dass ..?\u201c, \u201eVerstehen Sie Spa\u00df?\u201c, \u201eAuf los geht\u2018s los\u201c).<\/p>\n<p class=\"p1\" style=\"text-align: justify;\">Unterst\u00fctzung erhalten die Macher der Stauferkrone auch in den USA. Dort hat jetzt ein privater Fernsehsender die mediale Begleitung des Wettbewerbs \u00fcbernommen, um deutschsprachige amerikanische Schlagers\u00e4nger auf den Contest aufmerksam zu machen.<\/p>\n<p class=\"p1\" style=\"text-align: justify;\">Nach Stefan Mross, Vincent Gross, Andy Borg und Bernhard Brink wird 2026 Stefanie Hertel das Publikum am Finalabend mit ihren Pop-Schlagern unterhalten. Hertel, im Vogtland geboren und Tochter des inzwischen gestorbenen popul\u00e4ren S\u00e4ngers Eberhard Hertel, stand schon als Kind singend auf der B\u00fchne und feierte daher schon 2025 ihr 40-j\u00e4hriges B\u00fchnenjubil\u00e4um.<\/p>\n<p class=\"p1\" style=\"text-align: justify;\">Die Stauferkrone wird seit 2015 von der G\u00f6ppinger Agentur Maitis-Media ausgerichtet, die die Veranstaltung als Fortsetzung der legend\u00e4ren Deutschen Schlagerfestspiele sieht und neben den Interpreten auch Komponisten und Textdichtern eine gro\u00dfe B\u00fchne bieten will. Der Deutsche Komponistenverband, der Deutsche Textdichterverband und die Gema sind daher auch ideelle Partner der Stauferkrone. \u201eHier wird an alle gedacht: Auch an die Kreativen, die Komponisten und Textdichter, die Tag f\u00fcr Tag auf der Suche nach der perfekten Melodie sind und nach dem Text, der m\u00f6glichst viele Menschen ber\u00fchrt\u201c, so Frank Ramond, Pr\u00e4sident des Deutschen Textdichterverbandes.<\/p>\n<p class=\"p1\" style=\"text-align: justify;\">Der Wettbewerb, benannt nach dem mittelalterlichen Herrschergeschlecht, dessen Stammburg unweit des Austragungsortes stand, f\u00fchrte in der Vergangenheit schon bekannte Namen der Branche ins Stauferland. So den Musikproduzenten und Mr. Grand Prix Ralph Siegel, die Komponisten-Legende Christian Bruhn (\u201eMarmor, Stein und Eisen bricht\u201c) oder \u2013 als Wettbewerbsteilnehmer &#8211; Schlager-Legende Graham Bonney, \u201eHeidi\u201c-Interpretin Gitti G\u00f6tz (Teil des Duos Gitti &amp; Erika), die Schwarzwaldfamilie Seitz oder die Lebensgef\u00e4hrtin von Stefan Mross, Eva Luginger.<\/p>\n<p class=\"p1\" style=\"text-align: justify;\">Die Finalisten des Wettbewerbs kamen bislang aus allen Teilen Deutschlands, aus den Niederlanden, D\u00e4nemark, Frankreich, der Schweiz, \u00d6sterreich oder Moldawien.<\/p>\n<p>&nbsp;<\/p>\n<p class=\"p1\">Tickets f\u00fcr die Stauferkrone gibt es unter <strong><a href=\"http:\/\/www.easyticket.de\">www.easyticket.de<\/a><\/strong>!<\/p>\n<p>&nbsp;<\/p>\n<p>&nbsp;<\/p>\n<figure id=\"attachment_247684\" aria-describedby=\"caption-attachment-247684\" style=\"width: 961px\" class=\"wp-caption alignnone\"><img decoding=\"async\" loading=\"lazy\" class=\"size-full wp-image-247684\" src=\"https:\/\/smago.de\/ws2\/wp-content\/uploads\/2025\/09\/Stefanie-Hertel-Pressefoto-3-C-Kevin-Lauderlein-.jpeg\" alt=\"\" width=\"961\" height=\"960\" srcset=\"https:\/\/smago.de\/ws2\/wp-content\/uploads\/2025\/09\/Stefanie-Hertel-Pressefoto-3-C-Kevin-Lauderlein-.jpeg 961w, https:\/\/smago.de\/ws2\/wp-content\/uploads\/2025\/09\/Stefanie-Hertel-Pressefoto-3-C-Kevin-Lauderlein--522x522.jpeg 522w, https:\/\/smago.de\/ws2\/wp-content\/uploads\/2025\/09\/Stefanie-Hertel-Pressefoto-3-C-Kevin-Lauderlein--800x800.jpeg 800w, https:\/\/smago.de\/ws2\/wp-content\/uploads\/2025\/09\/Stefanie-Hertel-Pressefoto-3-C-Kevin-Lauderlein--150x150.jpeg 150w, https:\/\/smago.de\/ws2\/wp-content\/uploads\/2025\/09\/Stefanie-Hertel-Pressefoto-3-C-Kevin-Lauderlein--768x767.jpeg 768w, https:\/\/smago.de\/ws2\/wp-content\/uploads\/2025\/09\/Stefanie-Hertel-Pressefoto-3-C-Kevin-Lauderlein--272x272.jpeg 272w, https:\/\/smago.de\/ws2\/wp-content\/uploads\/2025\/09\/Stefanie-Hertel-Pressefoto-3-C-Kevin-Lauderlein--601x600.jpeg 601w, https:\/\/smago.de\/ws2\/wp-content\/uploads\/2025\/09\/Stefanie-Hertel-Pressefoto-3-C-Kevin-Lauderlein--130x130.jpeg 130w, https:\/\/smago.de\/ws2\/wp-content\/uploads\/2025\/09\/Stefanie-Hertel-Pressefoto-3-C-Kevin-Lauderlein--445x445.jpeg 445w, https:\/\/smago.de\/ws2\/wp-content\/uploads\/2025\/09\/Stefanie-Hertel-Pressefoto-3-C-Kevin-Lauderlein--523x522.jpeg 523w, https:\/\/smago.de\/ws2\/wp-content\/uploads\/2025\/09\/Stefanie-Hertel-Pressefoto-3-C-Kevin-Lauderlein--190x190.jpeg 190w, https:\/\/smago.de\/ws2\/wp-content\/uploads\/2025\/09\/Stefanie-Hertel-Pressefoto-3-C-Kevin-Lauderlein--290x290.jpeg 290w\" sizes=\"(max-width: 961px) 100vw, 961px\" \/><figcaption id=\"caption-attachment-247684\" class=\"wp-caption-text\"><em>Foto-Credit: Kevin Lauderlein<\/em><\/figcaption><\/figure>\n<p>&nbsp;<\/p>\n","protected":false},"excerpt":{"rendered":"<p>Wettbewerbs-Juroren sind u. a. Mara Kayser und Holm Dressler (&#8222;Wetten, dass ..?&#8220;)!<\/p>\n","protected":false},"author":2,"featured_media":247683,"comment_status":"open","ping_status":"closed","sticky":false,"template":"","format":"standard","meta":{"_FSMCFIC_featured_image_caption":"","_FSMCFIC_featured_image_nocaption":"","_FSMCFIC_featured_image_hide":""},"categories":[29,39],"tags":[583,2140,418,91],"acf":[],"_links":{"self":[{"href":"https:\/\/smago.de\/ws2\/wp-json\/wp\/v2\/posts\/247682"}],"collection":[{"href":"https:\/\/smago.de\/ws2\/wp-json\/wp\/v2\/posts"}],"about":[{"href":"https:\/\/smago.de\/ws2\/wp-json\/wp\/v2\/types\/post"}],"author":[{"embeddable":true,"href":"https:\/\/smago.de\/ws2\/wp-json\/wp\/v2\/users\/2"}],"replies":[{"embeddable":true,"href":"https:\/\/smago.de\/ws2\/wp-json\/wp\/v2\/comments?post=247682"}],"version-history":[{"count":3,"href":"https:\/\/smago.de\/ws2\/wp-json\/wp\/v2\/posts\/247682\/revisions"}],"predecessor-version":[{"id":247687,"href":"https:\/\/smago.de\/ws2\/wp-json\/wp\/v2\/posts\/247682\/revisions\/247687"}],"wp:featuredmedia":[{"embeddable":true,"href":"https:\/\/smago.de\/ws2\/wp-json\/wp\/v2\/media\/247683"}],"wp:attachment":[{"href":"https:\/\/smago.de\/ws2\/wp-json\/wp\/v2\/media?parent=247682"}],"wp:term":[{"taxonomy":"category","embeddable":true,"href":"https:\/\/smago.de\/ws2\/wp-json\/wp\/v2\/categories?post=247682"},{"taxonomy":"post_tag","embeddable":true,"href":"https:\/\/smago.de\/ws2\/wp-json\/wp\/v2\/tags?post=247682"}],"curies":[{"name":"wp","href":"https:\/\/api.w.org\/{rel}","templated":true}]}}