{"id":247672,"date":"2025-09-18T23:58:52","date_gmt":"2025-09-18T21:58:52","guid":{"rendered":"https:\/\/smago.de\/ws2\/?p=247672"},"modified":"2025-09-18T23:23:12","modified_gmt":"2025-09-18T21:23:12","slug":"stefanie-heinzmann-u-a-fr-19-09-2025-in-der-talk-show-3nach9-zu-gast","status":"publish","type":"post","link":"https:\/\/smago.de\/ws2\/pop\/stefanie-heinzmann-u-a-fr-19-09-2025-in-der-talk-show-3nach9-zu-gast\/","title":{"rendered":"STEFANIE HEINZMANN u.a. <br>Fr. (19.09.2025) in der Talk-Show &#8222;3nach9&#8220; zu Gast!"},"content":{"rendered":"<p style=\"text-align: justify;\">NDR Fernsehen, HR Fernsehen + WDR Fernsehen, 22:00 Uhr &#8211; 00:00 Uhr! Moderation: Judith Rakers und Giovanni di Lorenzo!<!--more--><\/p>\n<p style=\"text-align: justify;\">\n<p style=\"text-align: justify;\">\n<p id=\"Judith-Rakers-und-Giovanni-di-Lorenzo-begruessen-folgende-Gaeste\" style=\"text-align: justify;\">Judith Rakers und Giovanni di Lorenzo begr\u00fc\u00dfen folgende G\u00e4ste &#8230;:<\/p>\n<p>&nbsp;<\/p>\n<p>&nbsp;<\/p>\n<p>&nbsp;<\/p>\n<h2 id=\"Franziska-van-Almsick\" style=\"text-align: justify;\">Franziska van Almsick<\/h2>\n<div style=\"text-align: justify;\">\n<div class=\"contentimage s-100 m-50\"><\/div>\n<\/div>\n<p class=\"\" style=\"text-align: justify;\">Sie ist das Gesicht des deutschen Schwimmsports, mehrfache Welt- und Europameisterin und holte zahlreiche olympische Medaillen: Franziska van Almsick. Geboren 1978 in Berlin, wurde sie bereits im Kindesalter als Hoffnungstr\u00e4gerin gefeiert. Im Alter von f\u00fcnf Jahren beginnt sie zu schwimmen, mit sieben Jahren wird sie als J\u00fcngste ins Schul- und Leistungssportzentrum Berlin aufgenommen. Von dort an geht es steil bergauf: Bereits mit elf Jahren gewinnt Franziska in der Jugend- und Spartakiade neun Goldmedaillen. Heute setzt sich die 47-J\u00e4hrige mit ihrer Stiftung Schwimmkids e.V. f\u00fcr die Schwimmf\u00e4higkeit von Kindern ein. Mit welchem Gef\u00fchl sie auf ihre Erfolge zur\u00fcckblickt, was ihr im Bereich des Leistungssports am Herzen liegt und warum sie eigentlich gerne Medizin studiert h\u00e4tte, berichtet Franziska van Almsick bei &#8222;3nach9&#8220;.<\/p>\n<p>&nbsp;<\/p>\n<p>&nbsp;<\/p>\n<p>&nbsp;<\/p>\n<h2 id=\"Hendrik-Wuest\" style=\"text-align: justify;\">Hendrik W\u00fcst<\/h2>\n<div style=\"text-align: justify;\">\n<div class=\"contentimage s-100 m-50\"><\/div>\n<\/div>\n<p class=\"\" style=\"text-align: justify;\">Als Kind hatte er den festen Vorsatz &#8222;B\u00e4cker, Lokomotivf\u00fchrer und Papst&#8220; zu werden. Doch es kam anders: Im Alter von 15 Jahren tritt er in die Junge Union ein, seit 2021 ist Hendrik Josef W\u00fcst (CDU) Ministerpr\u00e4sident des Landes Nordrhein-Westfalen. Zwei Jahre zuvor heiratet er seine damalige Lebensgef\u00e4hrtin Katharina, eine Juristin. Beide sind mittlerweile Eltern der kleinen Philippa. Familie hat f\u00fcr Hendrik W\u00fcst schon immer einen besonderen Stellenwert. Besonders zu seiner Mutter, die mit 14 Jahren ein Jahr lang bei Nonnen lebte, pflegte er ein enges Verh\u00e4ltnis. Sie stirbt an den Folgen einer Krebserkrankung, als er gerade erst 19 Jahre alt ist. Bis heute steht ihre Puppe aus Kindertagen in seinem B\u00fcro. Wie der Ministerpr\u00e4sident \u00fcber den Verlust hinwegkam, warum sich der Jurist f\u00fcr den Beruf des Politikers entschieden hat und wie oft er heute noch dazu kommt, Handball zu spielen, erz\u00e4hlt Hendrik W\u00fcst bei &#8222;3nach9&#8220;.<\/p>\n<p>&nbsp;<\/p>\n<p>&nbsp;<\/p>\n<p>&nbsp;<\/p>\n<h2 id=\"Stefanie-Heinzmann\" style=\"text-align: justify;\">Stefanie Heinzmann<\/h2>\n<div style=\"text-align: justify;\">\n<div class=\"contentimage s-100 m-50\"><\/div>\n<\/div>\n<p class=\"\" style=\"text-align: justify;\">Mit Hits wie &#8222;My Man Is A Mean Man&#8220; und &#8222;In The End&#8220; zeigt sie, dass Soul, Pop und ein bisschen Rock perfekt zusammenpassen: S\u00e4ngerin Stefanie Heinzmann. Die schweizerische Soul-Queen, die mit ihrer kraftvollen Stimme und ihrem ansteckenden L\u00e4cheln die B\u00fchnen Europas erobert, ist eine talentierte S\u00e4ngerin und leidenschaftliche K\u00fcnstlerin. Doch das Leben der 36-J\u00e4hrigen verl\u00e4uft nicht immer in geraden Bahnen: Nach einem schweren Bandscheibenvorfall ger\u00e4t sie im Alter von 18 Jahren in eine psychische Krise, verbringt drei Monate in der Jugendpsychiatrie. Danach geht es ihr deutlich besser und sie kann sich wieder ihrer musikalischen Leidenschaft widmen. Heinzmann erzielt zahlreiche Erfolge, nimmt an TV-Shows wie &#8222;The Voice of Switzerland&#8220;, &#8222;The Masked Singer&#8220; und &#8222;Sing meinen Song&#8220; teil. Au\u00dferdem engagiert sich die S\u00e4ngerin als UNICEF-Botschafterin der Schweiz und f\u00fcr die Deutsche Kinderhospizstiftung. Warum auch dunkle Zeiten zum Leben dazugeh\u00f6ren und wie sie es geschafft hat, dorthin zu kommen, wo sie heute ist, erz\u00e4hlt Stefanie Heinzmann &#8211; mit Livemusik im Gep\u00e4ck &#8211; im Studio an der Weser.<\/p>\n<p>&nbsp;<\/p>\n<p>&nbsp;<\/p>\n<p>&nbsp;<\/p>\n<h2 id=\"Michel-Abdollahi\" style=\"text-align: justify;\">Michel Abdollahi<\/h2>\n<div style=\"text-align: justify;\">\n<div class=\"contentimage s-100 m-50\"><\/div>\n<\/div>\n<p class=\"\" style=\"text-align: justify;\">Er ist ein kluger Kopf mit klarer Haltung: Michel Abdollahi. Der deutsch-iranische Moderator kommt in Teheran zur Welt und flieht im Alter von f\u00fcnf Jahren nach Hamburg. Begleitet nur von seiner Gro\u00dfmutter, die ihn vor Saddam Husseins Granaten sch\u00fctzen will. Die Eltern und seine Schwester kommen ein Jahr sp\u00e4ter nach. Mit 19 Jahren steht Abdollahi das erste Mal auf einer B\u00fchne, schreibt Kurzgeschichten sowie Gedichte und sammelt Erfahrungen beim Moderieren. 2016 bekommt der &#8222;politische Entertainer&#8220;, wie ihn die Presse einst betitelt, seine eigene Talkshow &#8222;K\u00e4pt&#8217;ns Dinner&#8220; im NDR Fernsehen, in der er zwischen rostigem Stahl und engen Luken prominente Schwergewichte in einem alten U-Boot befragt. Zudem engagiert sich der TV-Journalist seit vielen Jahren f\u00fcr Demokratie und Zivilcourage. In seinem neuesten Buch durchleuchtet er die Abgr\u00fcnde der deutschen Gegenwart und zeichnet das Lagebild einer Gesellschaft, in der Menschen mit Migrationsgeschichte mehr und mehr als Fremdk\u00f6rper wahrgenommen werden. Wie eine Wende gelingen kann hin zu einem vielf\u00e4ltigen Miteinander und wie ihn seine ganz pers\u00f6nlichen Erfahrungen mit Alltagsrassismus gepr\u00e4gt haben, erz\u00e4hlt der preisgekr\u00f6nte Reporter und Bestsellerautor Michel Abdollahi bei &#8222;3nach9&#8220;.<\/p>\n<p>&nbsp;<\/p>\n<p>&nbsp;<\/p>\n<p>&nbsp;<\/p>\n<h2 id=\"Lisa-Marie-Kraetschmer\" style=\"text-align: justify;\">Lisa Marie Kr\u00e4tschmer<\/h2>\n<div style=\"text-align: justify;\">\n<div class=\"contentimage s-100 m-50\"><\/div>\n<\/div>\n<p class=\"\" style=\"text-align: justify;\">Wie kann es sein, dass ich keine 200 Meter am St\u00fcck laufen kann? Das fragt sich Lisa Marie Kr\u00e4tschmer, als sie 2023 an einem Lauf ihrer Universit\u00e4t teilnehmen soll: &#8222;Mir war klar, dass ich keine einzige Runde schaffen werde. Und das war mir einfach wahnsinnig unangenehm.&#8220; Sie f\u00e4ngt an, t\u00e4glich aufs Laufband zu steigen, jeden Tag legt sie 200 Meter mehr zur\u00fcck. Um sich selbst weiter herauszufordern, meldet sie sich im M\u00e4rz 2024 zum Halbmarathon in New York an \u2013 Freunde und Familie ahnen nichts davon. Lisa Marie Kr\u00e4tschmer l\u00e4uft ins Ziel ein und beschlie\u00dft, sich ab jetzt immer neuen Herausforderungen zu stellen. Es folgen der Marathon in Berlin und der Ironman in Hamburg: &#8222;Da musste ich echt k\u00e4mpfen, aber ich habe es geschafft!&#8220; Gerade kommt die 24-J\u00e4hrige von ihrem n\u00e4chsten Abenteuer zur\u00fcck: Sie ist alleine mit dem Fahrrad von Heidelberg nach Barcelona gefahren. Was sie \u00fcber sich im vergangenen Jahr gelernt hat und wieso sie sich heute ein Leben ohne Sport nicht mehr vorstellen kann, erz\u00e4hlt Lisa Marie Kr\u00e4tschmer bei &#8222;3nach9&#8220;.<\/p>\n<p>&nbsp;<\/p>\n<p>&nbsp;<\/p>\n<p>&nbsp;<\/p>\n<h2 id=\"Fedor-Holz\" style=\"text-align: justify;\">Fedor Holz<\/h2>\n<div style=\"text-align: justify;\">\n<div class=\"contentimage s-100 m-50\"><\/div>\n<\/div>\n<p class=\"\" style=\"text-align: justify;\">Er ist nicht nur der erfolgreichste Pokerspieler Deutschlands, sondern z\u00e4hlt auch zu den Besten der Welt. Fedor Holz spielt auf h\u00f6chstem Level, hat mehr als 40 Millionen Euro an Preisgeldern in seiner Karriere gewonnen und arbeitet heute zudem erfolgreich als Unternehmer und Investor. Geboren 1993 in Saarbr\u00fccken, w\u00e4chst der 32-J\u00e4hrige gemeinsam mit seinen Geschwistern bei seiner alleinerziehenden Mutter auf. In der Schule ist Fedor Holz ein Au\u00dfenseiter, zu Hause ist das Geld oft knapp. Als Achtj\u00e4hriger bringt er sich selbst Schach bei, mit 16 Jahren entdeckt er seine Leidenschaft f\u00fcrs Pokerspielen. Beeindruckend schnell k\u00e4mpft er sich an die Weltspitze. Heute ist Fedor Holz Deutschlands bekanntester Pokerprofi und der einzige Spieler weltweit, der sowohl im Online- als auch im Livepoker Weltranglistenerster war. Wie er es geschafft hat, ein Star in der Szene zu werden, wie lange er f\u00fcr das perfekte Pokerface trainiert hat und was es f\u00fcr ihn bedeutet, so viel Geld zu haben, erz\u00e4hlt der &#8222;Prince of Poker&#8220; bei &#8222;3nach9&#8220;.<\/p>\n","protected":false},"excerpt":{"rendered":"<p>NDR Fernsehen, HR Fernsehen + WDR Fernsehen, 22:00 Uhr &#8211; 00:00 Uhr! Moderation: Judith Rakers und Giovanni di Lorenzo!<\/p>\n","protected":false},"author":2,"featured_media":247673,"comment_status":"open","ping_status":"closed","sticky":false,"template":"","format":"standard","meta":{"_FSMCFIC_featured_image_caption":"","_FSMCFIC_featured_image_nocaption":"","_FSMCFIC_featured_image_hide":""},"categories":[27,128],"tags":[215],"acf":[],"_links":{"self":[{"href":"https:\/\/smago.de\/ws2\/wp-json\/wp\/v2\/posts\/247672"}],"collection":[{"href":"https:\/\/smago.de\/ws2\/wp-json\/wp\/v2\/posts"}],"about":[{"href":"https:\/\/smago.de\/ws2\/wp-json\/wp\/v2\/types\/post"}],"author":[{"embeddable":true,"href":"https:\/\/smago.de\/ws2\/wp-json\/wp\/v2\/users\/2"}],"replies":[{"embeddable":true,"href":"https:\/\/smago.de\/ws2\/wp-json\/wp\/v2\/comments?post=247672"}],"version-history":[{"count":1,"href":"https:\/\/smago.de\/ws2\/wp-json\/wp\/v2\/posts\/247672\/revisions"}],"predecessor-version":[{"id":247674,"href":"https:\/\/smago.de\/ws2\/wp-json\/wp\/v2\/posts\/247672\/revisions\/247674"}],"wp:featuredmedia":[{"embeddable":true,"href":"https:\/\/smago.de\/ws2\/wp-json\/wp\/v2\/media\/247673"}],"wp:attachment":[{"href":"https:\/\/smago.de\/ws2\/wp-json\/wp\/v2\/media?parent=247672"}],"wp:term":[{"taxonomy":"category","embeddable":true,"href":"https:\/\/smago.de\/ws2\/wp-json\/wp\/v2\/categories?post=247672"},{"taxonomy":"post_tag","embeddable":true,"href":"https:\/\/smago.de\/ws2\/wp-json\/wp\/v2\/tags?post=247672"}],"curies":[{"name":"wp","href":"https:\/\/api.w.org\/{rel}","templated":true}]}}