{"id":247664,"date":"2025-09-19T00:00:34","date_gmt":"2025-09-18T22:00:34","guid":{"rendered":"https:\/\/smago.de\/ws2\/?p=247664"},"modified":"2025-09-18T23:13:01","modified_gmt":"2025-09-18T21:13:01","slug":"christin-stark-praesentiert-die-schlagerparade-heute-19-09-2025-mdr-fernsehen","status":"publish","type":"post","link":"https:\/\/smago.de\/ws2\/pop-schlager\/christin-stark-praesentiert-die-schlagerparade-heute-19-09-2025-mdr-fernsehen\/","title":{"rendered":"CHRISTIN STARK pr\u00e4sentiert &#8230;: <br>&#8222;Die Schlagerparade&#8220; \/\/ heute (19.09.2025), MDR Fernsehen!"},"content":{"rendered":"<p style=\"text-align: justify;\">20:15 Uhr &#8211; 21:45 Uhr (Wh.: 21.\/22.09., 02:05 Uhr &#8211; 03:35 Uhr)! <!--more--><\/p>\n<p>&nbsp;<\/p>\n<p>&nbsp;<\/p>\n<p style=\"text-align: justify;\">\n<p style=\"text-align: justify;\">Pr\u00e4sentiert werden in der &#8222;Schlagerhitparade&#8220; aktuelle und angesagte Schlager, die am h\u00e4ufigsten gespielten monatlichen Schlager-H\u00f6rfunkhits und das Beste aus der ARD-Schlagerhitparade. Diese wird seit Anfang Januar 2025 w\u00f6chentlich von den H\u00f6rern der ARD-Schlagerwellen bestimmt.<\/p>\n<p style=\"text-align: justify;\">In der Sendung gibt es dann die Lieblingshits der H\u00f6rer und H\u00f6rerinnen, die TOP 10 der am meisten gespielten Schlagertitel und nat\u00fcrlich die angesagten Stars im neu gestalteten Studio.<\/p>\n<p style=\"text-align: justify;\">Pr\u00e4sentiert wird die &#8222;Schlagerhitparade&#8220; von CHRISTIN STARK, der Power-Frau des deutschen Schlagers.<\/p>\n<p style=\"text-align: justify;\">Christin Stark steht f\u00fcr den modernen, rockigen Schlager und wird in ihren Sendungen auf die ganz frischen Hits der Szene, die legend\u00e4ren Hitparaden-Oldies und besonders gern auf die besten Newcomer der Branche blicken. Die Rubrik &#8222;Stark und neu&#8220; ist ein fester Bestandteil der Sendung und gibt jungen Schlagertalenten die Chance, sich vor einem gro\u00dfen Publikum zu pr\u00e4sentieren.<\/p>\n<p style=\"text-align: justify;\">&#8222;Die Schlagerhitparade&#8220; gibt es vorab in der ARD-Mediathek. Viele weitere Infos findet man zus\u00e4tzlich in der &#8222;ARD-Schlagerwelt&#8220; bei Facebook, Instagram, YouTube und nat\u00fcrlich auf der eigenen Webseite unter <strong><a href=\"https:\/\/www.mdr.de\/meine-schlagerwelt\/index.html\">ard-schlagerwelt.de<\/a><\/strong>.<\/p>\n<p>&nbsp;<\/p>\n<p>&nbsp;<\/p>\n<p>&nbsp;<\/p>\n<p><strong>G\u00e4ste im Studio:<\/strong><\/p>\n<p>&nbsp;<\/p>\n<p style=\"text-align: justify;\">* Nik P.<br \/>\n* Linda Jung in Rubrik &#8222;Stark und Neu&#8220;<\/p>\n","protected":false},"excerpt":{"rendered":"<p>20:15 Uhr &#8211; 21:45 Uhr (Wh.: 21.\/22.09., 02:05 Uhr &#8211; 03:35 Uhr)!<\/p>\n","protected":false},"author":2,"featured_media":247665,"comment_status":"open","ping_status":"closed","sticky":false,"template":"","format":"standard","meta":{"_FSMCFIC_featured_image_caption":"","_FSMCFIC_featured_image_nocaption":"","_FSMCFIC_featured_image_hide":""},"categories":[28,29,128],"tags":[4607,329],"acf":[],"_links":{"self":[{"href":"https:\/\/smago.de\/ws2\/wp-json\/wp\/v2\/posts\/247664"}],"collection":[{"href":"https:\/\/smago.de\/ws2\/wp-json\/wp\/v2\/posts"}],"about":[{"href":"https:\/\/smago.de\/ws2\/wp-json\/wp\/v2\/types\/post"}],"author":[{"embeddable":true,"href":"https:\/\/smago.de\/ws2\/wp-json\/wp\/v2\/users\/2"}],"replies":[{"embeddable":true,"href":"https:\/\/smago.de\/ws2\/wp-json\/wp\/v2\/comments?post=247664"}],"version-history":[{"count":2,"href":"https:\/\/smago.de\/ws2\/wp-json\/wp\/v2\/posts\/247664\/revisions"}],"predecessor-version":[{"id":247667,"href":"https:\/\/smago.de\/ws2\/wp-json\/wp\/v2\/posts\/247664\/revisions\/247667"}],"wp:featuredmedia":[{"embeddable":true,"href":"https:\/\/smago.de\/ws2\/wp-json\/wp\/v2\/media\/247665"}],"wp:attachment":[{"href":"https:\/\/smago.de\/ws2\/wp-json\/wp\/v2\/media?parent=247664"}],"wp:term":[{"taxonomy":"category","embeddable":true,"href":"https:\/\/smago.de\/ws2\/wp-json\/wp\/v2\/categories?post=247664"},{"taxonomy":"post_tag","embeddable":true,"href":"https:\/\/smago.de\/ws2\/wp-json\/wp\/v2\/tags?post=247664"}],"curies":[{"name":"wp","href":"https:\/\/api.w.org\/{rel}","templated":true}]}}