{"id":247651,"date":"2025-09-19T00:00:29","date_gmt":"2025-09-18T22:00:29","guid":{"rendered":"https:\/\/smago.de\/ws2\/?p=247651"},"modified":"2025-09-18T22:58:23","modified_gmt":"2025-09-18T20:58:23","slug":"anni-perka-es-faengt-grad-erst-an-die-neue-single-erscheint-am-26-09-2025","status":"publish","type":"post","link":"https:\/\/smago.de\/ws2\/pop-schlager\/anni-perka-es-faengt-grad-erst-an-die-neue-single-erscheint-am-26-09-2025\/","title":{"rendered":"ANNI PERKA <br>&#8222;Es f\u00e4ngt grad erst an&#8220; \u2013 Die neue Single erscheint am 26.09.2025 &#8230;"},"content":{"rendered":"<p style=\"text-align: justify;\">&#8230; und k\u00fcndigt ihr erstes Album seit SIEBEN Jahren an! Die CD &#8222;Es f\u00e4ngt grad erst an&#8220; gibt&#8217;s dann ab dem 17.10.2025!<!--more--><\/p>\n<p>&nbsp;<\/p>\n<p>&nbsp;<\/p>\n<p>&nbsp;<\/p>\n<p style=\"text-align: justify;\">Auch in diesem Jahr \u00fcberzeugt ANNI PERKA wieder mit gro\u00dfartigen Songs und Themen, die uns allen aus der Seele sprechen. Am 26.09.2025 erscheint die Namensgeber-Single ihres neuen Albums \u201eEs f\u00e4ngt grad erst an\u201c.<\/p>\n<p style=\"text-align: justify;\"><strong>\u00a0<\/strong>Seit mittlerweile zehn Jahren ist Anni Perka eine feste Gr\u00f6\u00dfe im deutschen Schlager. Nachdem sie sich musikalisch neu erfunden hat, startete sie in den vergangenen Jahren wieder voll durch \u2013 mit vielen Airplayhits und einem neuen Sound. Am 24. Oktober ver\u00f6ffentlicht Anni Perka ihr neues Album \u201eEs f\u00e4ngt grad erst an\u201c \u2013 das reine Single-Album ist das pers\u00f6nlichste ihrer bisherigen Karriere und der Titel h\u00e4tte nicht passender gew\u00e4hlt werden k\u00f6nnen. Denn eines steht fest: die geb\u00fcrtige Hamburgerin hat noch viele Pl\u00e4ne! Im September ver\u00f6ffentlicht sie nun die titelgebende Single des Albums. \u201eEs f\u00e4ngt grad erst an\u201c ist eine echte Motivationshymne, die Mut macht an seine Ziele zu glauben!<\/p>\n<p>&nbsp;<\/p>\n<p>&nbsp;<\/p>\n<p style=\"text-align: justify;\"><strong>Anni Perka:<\/strong> <em>\u201cF\u00fcr mich ist\u00a0es ein Lied voller Hoffnung und St\u00e4rke. Es erinnert mich daran, dass selbst nach schwierigen Phasen immer ein Neuanfang m\u00f6glich ist und dass es nie zu sp\u00e4t ist, an sich selbst zu glauben und seine Tr\u00e4ume zu verwirklichen. Der Song inspiriert dazu, dranzubleiben, auch wenn der Weg manchmal steinig ist, und zeigt, wie viel Kraft im eigenen Willen steckt.\u201c<\/em><\/p>\n<p>&nbsp;<\/p>\n<p style=\"text-align: justify;\">So hei\u00dft es im Refrain nicht umsonst: \u201eEs f\u00e4ngt grad erst an und das Beste ist, es l\u00e4uft nach Plan. Es f\u00e4ngt grad erst an &#8211; heute glaub ich dran, dass man alles, wirklich alles scha\ufb00en kann.\u201c Direkt beim ersten H\u00f6ren sorgt der Gute-Laune-Beat und Anni Perkas glasklare Stimme f\u00fcr Gl\u00fccksgef\u00fchle. Man merkt, wie die positiven Worte einem selbst die n\u00f6tige Motivation geben, dass auch die eigenen W\u00fcnsche in Erf\u00fcllung gehen k\u00f6nnen.<\/p>\n<p style=\"text-align: justify;\">Die neue Up tempo-Nummer hat Anni Perka wieder gemeinsam mit Daniel Sommer und Paul Falk vom Team D\u00fcsseldorf geschrieben. Die Drei haben sich gesucht und gefunden \u2013 gemeinsam haben sie die neue musikalische \u00c4ra von Anni Perka eingeleitet. Im Februar war die S\u00e4ngerin zudem Gastgeberin ihres ersten eigenen Events \u201eSchlagerfeeling\u201c \u2013 passend zur Album-Ver\u00f6ffentlichung am 24. Oktober 2025 findet das zweite \u201eSCHLAGERfeeling\u201c Event statt.<\/p>\n<p>&nbsp;<\/p>\n<p><img decoding=\"async\" class=\"alignnone size-full wp-image-247653\" src=\"https:\/\/smago.de\/ws2\/wp-content\/uploads\/2025\/09\/Anni-SINGLE-Es-faengt-grad-erst-an-BACK.jpg\" alt=\"\" \/><\/p>\n","protected":false},"excerpt":{"rendered":"<p>&#8230; und k\u00fcndigt ihr erstes Album seit SIEBEN Jahren an! Die CD &#8222;Es f\u00e4ngt grad erst an&#8220; gibt&#8217;s dann ab<\/p>\n","protected":false},"author":2,"featured_media":247654,"comment_status":"open","ping_status":"closed","sticky":false,"template":"","format":"standard","meta":{"_FSMCFIC_featured_image_caption":"","_FSMCFIC_featured_image_nocaption":"","_FSMCFIC_featured_image_hide":""},"categories":[28],"tags":[287],"acf":[],"_links":{"self":[{"href":"https:\/\/smago.de\/ws2\/wp-json\/wp\/v2\/posts\/247651"}],"collection":[{"href":"https:\/\/smago.de\/ws2\/wp-json\/wp\/v2\/posts"}],"about":[{"href":"https:\/\/smago.de\/ws2\/wp-json\/wp\/v2\/types\/post"}],"author":[{"embeddable":true,"href":"https:\/\/smago.de\/ws2\/wp-json\/wp\/v2\/users\/2"}],"replies":[{"embeddable":true,"href":"https:\/\/smago.de\/ws2\/wp-json\/wp\/v2\/comments?post=247651"}],"version-history":[{"count":2,"href":"https:\/\/smago.de\/ws2\/wp-json\/wp\/v2\/posts\/247651\/revisions"}],"predecessor-version":[{"id":247656,"href":"https:\/\/smago.de\/ws2\/wp-json\/wp\/v2\/posts\/247651\/revisions\/247656"}],"wp:featuredmedia":[{"embeddable":true,"href":"https:\/\/smago.de\/ws2\/wp-json\/wp\/v2\/media\/247654"}],"wp:attachment":[{"href":"https:\/\/smago.de\/ws2\/wp-json\/wp\/v2\/media?parent=247651"}],"wp:term":[{"taxonomy":"category","embeddable":true,"href":"https:\/\/smago.de\/ws2\/wp-json\/wp\/v2\/categories?post=247651"},{"taxonomy":"post_tag","embeddable":true,"href":"https:\/\/smago.de\/ws2\/wp-json\/wp\/v2\/tags?post=247651"}],"curies":[{"name":"wp","href":"https:\/\/api.w.org\/{rel}","templated":true}]}}