{"id":247598,"date":"2025-09-18T00:00:02","date_gmt":"2025-09-17T22:00:02","guid":{"rendered":"https:\/\/smago.de\/ws2\/?p=247598"},"modified":"2025-09-17T22:20:45","modified_gmt":"2025-09-17T20:20:45","slug":"frank-lars-event-tipp-von-dj-micha-michael-weichl-30-jahre-frank-lars-am-21-09-2025-in-muelheim-an-der-ruhr","status":"publish","type":"post","link":"https:\/\/smago.de\/ws2\/pop-schlager\/frank-lars-event-tipp-von-dj-micha-michael-weichl-30-jahre-frank-lars-am-21-09-2025-in-muelheim-an-der-ruhr\/","title":{"rendered":"FRANK LARS <br>Event-Tipp von &#8222;DJ Micha&#8220; (Michael Weichl): &#8222;30 Jahre Frank Lars&#8220; &#8211; am 21.09.2025 in M\u00fclheim an der Ruhr!"},"content":{"rendered":"<p>Frank Lars trifft G.G. Anderson, Fans &amp; Freunde \u2013 und das bei freiem Eintritt! Bei REWE Lenk, D\u00fcsseldorfer Str. 239, ab 13:00 Uhr!<br \/>\n<!--more--><\/p>\n<p style=\"text-align: justify;\">\n<p>&nbsp;<\/p>\n<p style=\"text-align: justify;\">\n<p style=\"text-align: justify;\"><em>P\u00fcnktlich zu seinem 30-j\u00e4hrigen B\u00fchnenjubil\u00e4um hat FRANK LARS am 12.09.2025 seine Mega-Single &#8222;Komm und lieb mich&#8220; ver\u00f6ffentlicht. Denn wer Frank Lars, so wie ich, seit \u00fcber 30 Jahren kennt, wei\u00df ganz genau, dass dieser Mann, in der Branche Anfangs doch deutlich bel\u00e4chelt, nichts dem Zufall \u00fcberl\u00e4sst.<\/em><\/p>\n<p style=\"text-align: justify;\"><em>Jede Menge Schlagerprominenz hat sich bei Frank Lars&#8216; B\u00fchnenjubil\u00e4um angek\u00fcndigt &#8230; Es sind unter anderem mit dabei Michael Larsen (Gesang und Moderation), Olaf Henning, Marc Koch, Peter Boom, Andrea Stein und &#8230;: G.G. Anderson !!! Da wird das Mikrofon h\u00e4ufig den Besitzer wechseln. <\/em><\/p>\n<p style=\"text-align: justify;\"><em>Wie ich anfangs schon erw\u00e4hnt habe, wurde Frank Lars ja wirklich von etlichen Schlagergr\u00f6\u00dfen bel\u00e4chelt und auch leider diskreditiert. Dieses war dem Umstand geschuldet, dass Frank Lars als Boxer \u00e4u\u00dferst erfolgreich war und meines Wissens nach sogar Vize-Europa oder sogar Europameister im Schwergewicht in der Amateurklasse war. Des Weiteren verstummten die Kritiker nicht, die behaupteten, er k\u00f6nne nicht singen und solle lieber in seinem Boxring bleiben. <\/em><\/p>\n<p style=\"text-align: justify;\"><em>Womit jedoch niemand gerechnet hatte, war, dass Frank Lars sich \u00fcber die ganzen Jahrzehnte kontinuierlich fortgebildet hat \u2013 sowohl im gesanglichen als auch im Produzenten technischen Bereich.\u00a0<\/em><\/p>\n<p style=\"text-align: justify;\"><em>Ich f\u00fcr meinen Teil kann nur sagen: Einen integeren und loyaleren Freund in der Schlagerbranche habe ich selten gesehen und gefunden. Ich habe ihn immer unterst\u00fctzt, wo ich konnte, und ich denke, dass sich das ausbezahlt hat.<\/em><\/p>\n<p style=\"text-align: justify;\"><em> Ich w\u00fcnsche allen anreisenden Schlagerfans ein mega tolles Event mit sehr gutem Wetter und vor allem: eine gute An- und Abreise&#8230;<\/em><\/p>\n<p style=\"text-align: justify;\"><em>Mit musikalischem Gru\u00df f\u00fcr Frank Lars und <a href=\"http:\/\/smago.de\/\">smago.de<\/a><\/em><\/p>\n<p>&nbsp;<\/p>\n<p style=\"text-align: justify;\"><em>Michael Weichl alias DJ Micha &#x270c;&#xfe0f;&#x1f60e;&#x1f3a4;&#x1f3a7;<\/em><\/p>\n<p>&nbsp;<\/p>\n<p><img decoding=\"async\" loading=\"lazy\" class=\"alignnone size-full wp-image-247612\" src=\"https:\/\/smago.de\/ws2\/wp-content\/uploads\/2025\/09\/lars_30-scaled.jpg\" alt=\"\" width=\"1818\" height=\"2560\" srcset=\"https:\/\/smago.de\/ws2\/wp-content\/uploads\/2025\/09\/lars_30-scaled.jpg 1818w, https:\/\/smago.de\/ws2\/wp-content\/uploads\/2025\/09\/lars_30-371x522.jpg 371w, https:\/\/smago.de\/ws2\/wp-content\/uploads\/2025\/09\/lars_30-568x800.jpg 568w, https:\/\/smago.de\/ws2\/wp-content\/uploads\/2025\/09\/lars_30-106x150.jpg 106w, https:\/\/smago.de\/ws2\/wp-content\/uploads\/2025\/09\/lars_30-768x1082.jpg 768w, https:\/\/smago.de\/ws2\/wp-content\/uploads\/2025\/09\/lars_30-1091x1536.jpg 1091w, https:\/\/smago.de\/ws2\/wp-content\/uploads\/2025\/09\/lars_30-1454x2048.jpg 1454w, https:\/\/smago.de\/ws2\/wp-content\/uploads\/2025\/09\/lars_30-193x272.jpg 193w, https:\/\/smago.de\/ws2\/wp-content\/uploads\/2025\/09\/lars_30-426x600.jpg 426w, https:\/\/smago.de\/ws2\/wp-content\/uploads\/2025\/09\/lars_30-92x130.jpg 92w, https:\/\/smago.de\/ws2\/wp-content\/uploads\/2025\/09\/lars_30-316x445.jpg 316w, https:\/\/smago.de\/ws2\/wp-content\/uploads\/2025\/09\/lars_30-135x190.jpg 135w, https:\/\/smago.de\/ws2\/wp-content\/uploads\/2025\/09\/lars_30-206x290.jpg 206w\" sizes=\"(max-width: 1818px) 100vw, 1818px\" \/><\/p>\n","protected":false},"excerpt":{"rendered":"<p>Frank Lars trifft G.G. Anderson, Fans &amp; Freunde \u2013 und das bei freiem Eintritt! Bei REWE Lenk, D\u00fcsseldorfer Str. 239,<\/p>\n","protected":false},"author":2,"featured_media":247612,"comment_status":"open","ping_status":"closed","sticky":false,"template":"","format":"standard","meta":{"_FSMCFIC_featured_image_caption":"","_FSMCFIC_featured_image_nocaption":"","_FSMCFIC_featured_image_hide":""},"categories":[28,39],"tags":[2018],"acf":[],"_links":{"self":[{"href":"https:\/\/smago.de\/ws2\/wp-json\/wp\/v2\/posts\/247598"}],"collection":[{"href":"https:\/\/smago.de\/ws2\/wp-json\/wp\/v2\/posts"}],"about":[{"href":"https:\/\/smago.de\/ws2\/wp-json\/wp\/v2\/types\/post"}],"author":[{"embeddable":true,"href":"https:\/\/smago.de\/ws2\/wp-json\/wp\/v2\/users\/2"}],"replies":[{"embeddable":true,"href":"https:\/\/smago.de\/ws2\/wp-json\/wp\/v2\/comments?post=247598"}],"version-history":[{"count":4,"href":"https:\/\/smago.de\/ws2\/wp-json\/wp\/v2\/posts\/247598\/revisions"}],"predecessor-version":[{"id":247614,"href":"https:\/\/smago.de\/ws2\/wp-json\/wp\/v2\/posts\/247598\/revisions\/247614"}],"wp:featuredmedia":[{"embeddable":true,"href":"https:\/\/smago.de\/ws2\/wp-json\/wp\/v2\/media\/247612"}],"wp:attachment":[{"href":"https:\/\/smago.de\/ws2\/wp-json\/wp\/v2\/media?parent=247598"}],"wp:term":[{"taxonomy":"category","embeddable":true,"href":"https:\/\/smago.de\/ws2\/wp-json\/wp\/v2\/categories?post=247598"},{"taxonomy":"post_tag","embeddable":true,"href":"https:\/\/smago.de\/ws2\/wp-json\/wp\/v2\/tags?post=247598"}],"curies":[{"name":"wp","href":"https:\/\/api.w.org\/{rel}","templated":true}]}}