{"id":247431,"date":"2025-09-15T00:00:59","date_gmt":"2025-09-14T22:00:59","guid":{"rendered":"https:\/\/smago.de\/ws2\/?p=247431"},"modified":"2025-09-14T09:57:19","modified_gmt":"2025-09-14T07:57:19","slug":"elisabeth-kreuzer-die-beruehrende-ballade-wo-bist-du-kuendigt-das-album-seelenmensch-an","status":"publish","type":"post","link":"https:\/\/smago.de\/ws2\/pop-schlager\/elisabeth-kreuzer-die-beruehrende-ballade-wo-bist-du-kuendigt-das-album-seelenmensch-an\/","title":{"rendered":"ELISABETH KREUZER <br>Die ber\u00fchrende Ballade &#8222;Wo bist du?&#8220; k\u00fcndigt das Album &#8222;Seelenmensch&#8220; an!"},"content":{"rendered":"<p class=\"p1\" style=\"text-align: justify;\"><span class=\"s1\">Erstmals hat die K\u00fcnstlerin selbst den Text verfasst \u2013 eine ganz pers\u00f6nliche Hommage an ihren verstorbenen Vater!<\/span><!--more--><\/p>\n<p>&nbsp;<\/p>\n<p>&nbsp;<\/p>\n<p>&nbsp;<\/p>\n<p class=\"p3\" style=\"text-align: justify;\"><span class=\"s2\">Nach schweren pers\u00f6nlichen R\u00fcckschl\u00e4gen \u2013 einer Stimmband-Operation und dem schmerzhaften Verlust ihres Vaters \u2013 meldet sich die K\u00e4rntner S\u00e4ngerin ELISABETH KREUZER kraftvoll zur\u00fcck. Mit der Single &#8222;Wo bist du?&#8220; pr\u00e4sentiert sie einen der wohl ber\u00fchrendsten Titel ihres aktuellen Albums &#8222;Seelenmensch&#8220; (V\u00d6: 03.10.2025).<\/span><\/p>\n<p class=\"p3\" style=\"text-align: justify;\"><span class=\"s2\">Erstmals hat die K\u00fcnstlerin selbst den Text verfasst. Unterst\u00fctzt von Komponist Christian Zierhofer entstand eine gef\u00fchlvolle Ballade, die den Zuh\u00f6rerinnen und Zuh\u00f6rern unmittelbar unter die Haut geht. \u201eWo bist du?\u201c ist Elisabeth Kreuzers ganz pers\u00f6nliche Hommage an ihren verstorbenen Vater \u2013 ein Lied voller Liebe, Dankbarkeit und Sehnsucht, das wie ein stilles Gespr\u00e4ch \u00fcber die Grenzen des Lebens hinaus klingt.<\/span><\/p>\n<p class=\"p3\" style=\"text-align: justify;\"><span class=\"s2\"><em>\u201eIch habe diesen Text f\u00fcr meinen Papa geschrieben \u2013 aber ich glaube, viele Menschen k\u00f6nnen sich darin wiederfinden\u201c,<\/em> sagt Elisabeth Kreuzer.<\/span><\/p>\n<p class=\"p3\" style=\"text-align: justify;\"><span class=\"s2\">Tats\u00e4chlich gelingt es ihr, in schlichten Worten und mit klarer Stimme einen Raum f\u00fcr Trauer, Hoffnung und Trost zu \u00f6ffnen. Ihre Interpretation ist ehrlich, authentisch und voller Gef\u00fchl \u2013 ein Lied, das verbindet<\/span><\/p>\n","protected":false},"excerpt":{"rendered":"<p>Erstmals hat die K\u00fcnstlerin selbst den Text verfasst \u2013 eine ganz pers\u00f6nliche Hommage an ihren verstorbenen Vater!<\/p>\n","protected":false},"author":2,"featured_media":247432,"comment_status":"open","ping_status":"closed","sticky":false,"template":"","format":"standard","meta":{"_FSMCFIC_featured_image_caption":"","_FSMCFIC_featured_image_nocaption":"","_FSMCFIC_featured_image_hide":""},"categories":[28],"tags":[1755],"acf":[],"_links":{"self":[{"href":"https:\/\/smago.de\/ws2\/wp-json\/wp\/v2\/posts\/247431"}],"collection":[{"href":"https:\/\/smago.de\/ws2\/wp-json\/wp\/v2\/posts"}],"about":[{"href":"https:\/\/smago.de\/ws2\/wp-json\/wp\/v2\/types\/post"}],"author":[{"embeddable":true,"href":"https:\/\/smago.de\/ws2\/wp-json\/wp\/v2\/users\/2"}],"replies":[{"embeddable":true,"href":"https:\/\/smago.de\/ws2\/wp-json\/wp\/v2\/comments?post=247431"}],"version-history":[{"count":1,"href":"https:\/\/smago.de\/ws2\/wp-json\/wp\/v2\/posts\/247431\/revisions"}],"predecessor-version":[{"id":247434,"href":"https:\/\/smago.de\/ws2\/wp-json\/wp\/v2\/posts\/247431\/revisions\/247434"}],"wp:featuredmedia":[{"embeddable":true,"href":"https:\/\/smago.de\/ws2\/wp-json\/wp\/v2\/media\/247432"}],"wp:attachment":[{"href":"https:\/\/smago.de\/ws2\/wp-json\/wp\/v2\/media?parent=247431"}],"wp:term":[{"taxonomy":"category","embeddable":true,"href":"https:\/\/smago.de\/ws2\/wp-json\/wp\/v2\/categories?post=247431"},{"taxonomy":"post_tag","embeddable":true,"href":"https:\/\/smago.de\/ws2\/wp-json\/wp\/v2\/tags?post=247431"}],"curies":[{"name":"wp","href":"https:\/\/api.w.org\/{rel}","templated":true}]}}