{"id":247404,"date":"2025-09-13T19:56:32","date_gmt":"2025-09-13T17:56:32","guid":{"rendered":"https:\/\/smago.de\/ws2\/?p=247404"},"modified":"2025-09-13T20:16:17","modified_gmt":"2025-09-13T18:16:17","slug":"andreas-martin-andreas-martin-ist-tot","status":"publish","type":"post","link":"https:\/\/smago.de\/ws2\/schlager\/andreas-martin-andreas-martin-ist-tot\/","title":{"rendered":"ANDREAS MARTIN <br>Andreas Martin ist tot!"},"content":{"rendered":"<p style=\"text-align: justify;\">Er starb am 13.09.2025 im Alter von 72 Jahren an Organversagen!<br \/>\n<!--more--><\/p>\n<p>&nbsp;<\/p>\n<p>&nbsp;<\/p>\n<p>&nbsp;<\/p>\n<p style=\"text-align: justify;\">ANDREAS MARTIN, mit b\u00fcrgerlichem Namen Andreas Martin Krause, (* 23. Dezember 1952 in Berlin; \u2020 13. September 2025 in Neunkirchen-Seelscheid) war ein deutscher Schlagers\u00e4nger, Komponist und Musikproduzent.<\/p>\n<p>&nbsp;<\/p>\n<p>&nbsp;<\/p>\n<p>&nbsp;<\/p>\n<p style=\"text-align: justify;\"><strong>Leben<\/strong><\/p>\n<p>&nbsp;<\/p>\n<p style=\"text-align: justify;\">Martin absolvierte ein Musikstudium. Er stellte im Jahre 1975 den noch unbekannten Wolfgang Petry dem Produzentenpaar Tony Hendrik \/ Karin Hartmann-Eisenbl\u00e4tter vor, das f\u00fcr ihn in den n\u00e4chsten 10 Jahren 20 Singles und 7 LPs produzierte und teilweise komponierte. Als S\u00e4nger wurde Martin bekannt durch den Hit &#8222;Amore mio&#8220;, mit dem er im Jahr 1982 in der deutschen Hitparade Platz 25 erreichte. Sein gr\u00f6\u00dfter Erfolg war die von Drafi Deutscher komponierte Single &#8222;Du bist alles (Maria, Maria)&#8220; aus dem Jahr 1987, im Original &#8222;You Want Love&#8220; von <em>Mixed Emotions<\/em>.<\/p>\n<p style=\"text-align: justify;\">Im Jahr 1989 nahm er als S\u00e4nger an der deutschen Vorausscheidung zum &#8222;Eurovision Song Contest&#8220; teil. Mit dem Lied &#8222;Herz an Herz&#8220; belegte er den vierten Platz unter zehn Teilnehmern.<\/p>\n<p style=\"text-align: justify;\">Martin komponierte Songs f\u00fcr andere Schlagers\u00e4nger, so war er unter anderem f\u00fcr Juliane Werding, Astrid Breck, Wolfgang Petry, Nino de Angelo und Roger Whittaker t\u00e4tig.<\/p>\n<p style=\"text-align: justify;\">In den Jahren 1991 und 1992 bildete er zusammen mit Drafi Deutscher das Pop-Duo<em> New Mixed Emotions<\/em> und nahm mit Deutscher das gemeinsame Album &#8222;Side By Side&#8220; auf. Mit den beiden daraus ausgekoppelten Singles &#8222;Sensuality (When I Touch You)&#8220; und &#8222;Lonely Lover&#8220; konnten sie sich 1991 hoch in der &#8222;ZDF-Hitparade&#8220; platzieren, sie mit &#8222;Lonely Lover&#8220; sogar gewinnen.<\/p>\n<p style=\"text-align: justify;\">Im Jahr 1994 erreichte Martin bei den Deutschen Schlager-Festspielen mit seinem Titel &#8222;So lieb ich dich&#8220; den 3. Platz. Daf\u00fcr wurde ihm von Dieter Thomas Heck die &#8222;Bronzene Muse&#8220; \u00fcberreicht.<\/p>\n<p style=\"text-align: justify;\">Ab 1993 war er vor allem als Songschreiber f\u00fcr die Erfolge von Brunner &amp; Brunner verantwortlich. Die erste Single, die er f\u00fcr das \u00f6sterreichische Br\u00fcderpaar schrieb, hie\u00df &#8222;Schenk mir diese eine Nacht&#8220;.<\/p>\n<p style=\"text-align: justify;\">Dem in Remscho\u00df (Nordrhein-Westfalen) lebenden Martin gelang im Jahr 2006 mit der Single &#8222;Einmal zu oft&#8220; erstmals seit 1995 wieder der Sprung in die offiziellen deutschen Verkaufs-Charts, wo sich der Titel vier Wochen hielt. Diesen Chart-Erfolg konnte er im Jahre 2008 mit der von J\u00fcrgen D\u00f6nges komponierten Single &#8222;Ich fang Dir den\u00a0 wiederholen bzw. sogar \u00fcbertreffen.<\/p>\n<p style=\"text-align: justify;\">Andreas Martin war verwitwet und hatte einen Sohn. Am 15. Juni 2017 meldete Martin seine Ehefrau Juliane als vermisst, nachdem sie zu Fu\u00df das Haus verlassen hatte und nicht zur\u00fcckgekehrt war. Suchaktionen der Polizei blieben ohne Erfolg. Im November 2017 entdeckten Spazierg\u00e4nger in einem Waldst\u00fcck bei Neunkirchen-Seelscheid eine Frauenleiche. Bei der Obduktion wurde festgestellt, dass es sich dabei um Juliane Martin handelte.<\/p>\n<p style=\"text-align: justify;\">Im Mai 2019 ver\u00f6ffentlichte Andreas Martin nach drei Jahren Pause gemeinsam mit seinem Sohn Alexander das Duett &#8222;Wir fangen von vorne an&#8220;. Ende Dezember 2019 gab Alexander Martin \u00fcber die sozialen Medien bekannt, dass sein Vater k\u00fcnftig nicht mehr als S\u00e4nger aktiv sein werde. Ende August 2023 gab sein Sohn bekannt, das Martin seit 2019 an Polyneuropathie erkrankt war.<\/p>\n<p>Im Dezember 2023 ver\u00f6ffentlichte Andreas Martin sein Abschiedsalbum &#8222;Hier in dem Moment&#8220;.<\/p>\n<p>Andreas Martin starb am 13. September 2025 im Alter von 72 Jahren an Organversagen.<\/p>\n","protected":false},"excerpt":{"rendered":"<p>Er starb am 13.09.2025 im Alter von 72 Jahren an Organversagen!<\/p>\n","protected":false},"author":2,"featured_media":187153,"comment_status":"open","ping_status":"closed","sticky":false,"template":"","format":"standard","meta":{"_FSMCFIC_featured_image_caption":"","_FSMCFIC_featured_image_nocaption":"","_FSMCFIC_featured_image_hide":""},"categories":[29,39],"tags":[121],"acf":[],"_links":{"self":[{"href":"https:\/\/smago.de\/ws2\/wp-json\/wp\/v2\/posts\/247404"}],"collection":[{"href":"https:\/\/smago.de\/ws2\/wp-json\/wp\/v2\/posts"}],"about":[{"href":"https:\/\/smago.de\/ws2\/wp-json\/wp\/v2\/types\/post"}],"author":[{"embeddable":true,"href":"https:\/\/smago.de\/ws2\/wp-json\/wp\/v2\/users\/2"}],"replies":[{"embeddable":true,"href":"https:\/\/smago.de\/ws2\/wp-json\/wp\/v2\/comments?post=247404"}],"version-history":[{"count":3,"href":"https:\/\/smago.de\/ws2\/wp-json\/wp\/v2\/posts\/247404\/revisions"}],"predecessor-version":[{"id":247407,"href":"https:\/\/smago.de\/ws2\/wp-json\/wp\/v2\/posts\/247404\/revisions\/247407"}],"wp:featuredmedia":[{"embeddable":true,"href":"https:\/\/smago.de\/ws2\/wp-json\/wp\/v2\/media\/187153"}],"wp:attachment":[{"href":"https:\/\/smago.de\/ws2\/wp-json\/wp\/v2\/media?parent=247404"}],"wp:term":[{"taxonomy":"category","embeddable":true,"href":"https:\/\/smago.de\/ws2\/wp-json\/wp\/v2\/categories?post=247404"},{"taxonomy":"post_tag","embeddable":true,"href":"https:\/\/smago.de\/ws2\/wp-json\/wp\/v2\/tags?post=247404"}],"curies":[{"name":"wp","href":"https:\/\/api.w.org\/{rel}","templated":true}]}}