{"id":247043,"date":"2025-09-06T00:00:37","date_gmt":"2025-09-05T22:00:37","guid":{"rendered":"https:\/\/smago.de\/ws2\/?p=247043"},"modified":"2025-09-05T12:51:15","modified_gmt":"2025-09-05T10:51:15","slug":"stefanie-hertel-u-a-heute-06-09-2025-in-der-quiz-show-gefragt-gejagt-zu-gast","status":"publish","type":"post","link":"https:\/\/smago.de\/ws2\/schlager\/stefanie-hertel-u-a-heute-06-09-2025-in-der-quiz-show-gefragt-gejagt-zu-gast\/","title":{"rendered":"STEFANIE HERTEL u.a. <br>Heute (06.09.2025) in der Quiz-Show &#8222;Gefragt &#8211; gejagt&#8220; zu Gast!"},"content":{"rendered":"<p style=\"text-align: justify;\">20:15 Uhr &#8211; 23:30 Uhr! Moderation: Alexander Bommes!<br \/>\n<!--more--><\/p>\n<p>&nbsp;<\/p>\n<p>&nbsp;<\/p>\n<p style=\"text-align: justify;\">\n<p style=\"text-align: justify;\">Es geht in die zweite Runde: Quiz-Elite trifft auf Promi-Power. Nach dem ersten erfolgreichen Quizmarathon\u00a0im Mai 2025 stellen sich bei Alexander Bommes erneut 16 hochmotivierte Prominente der nahezu unbesiegbaren Quiz-Elite.<\/p>\n<p style=\"text-align: justify;\">Das Spielprinzip ist erprobt: Vier Promi-Teams treten gegen die \u00fcberm\u00e4chtige Quiz-Elite von \u201eGefragt &#8211; Gejagt\u201c an. Innerhalb der extralangen Show wollen die Prominenten mit m\u00f6glichst vielen richtigen Antworten Geld f\u00fcr einen guten Zweck erspielen.<\/p>\n<p style=\"text-align: justify;\">Vor den Jagdthron wagen sich dieses Mal: Journalistin und Moderatorin Pinar Atalay, Nachrichtensprecher Jens Riewa, Sportjournalistin Okka Gundel, Ex-Fu\u00dfballprofi Fredi Bobic, Autorin und Kolumnistin Paula Lambert sowie S\u00e4nger und Songwriter Max Giesinger.<\/p>\n<p style=\"text-align: justify;\">Der Herausforderung stellen wollen sich ebenfalls die Schauspielerinnen und Schauspieler Elisabeth Lanz, Axel Milberg, Oliver Wnuk, Tom Wlaschiha sowie Model und Schauspielerin Eva Padberg.<\/p>\n<p style=\"text-align: justify;\">Vervollst\u00e4ndigt wird die Runde durch S\u00e4ngerin Stefanie Hertel, Moderatorin Panagiota Petridou und die Comedians Atze Schr\u00f6der, Michael Mittermeier und Florian Schroeder.<\/p>\n<p style=\"text-align: justify;\">Die Quiz-Elite ist gewohnt stark aufgestellt: Aber ob \u201eBesserwisser\u201c Sebastian Klussmann, \u201eQuizvulkan\u201c Manuel Hobiger, die \u201eGeneralistin\u201c Adriane Rickel, die \u201eSchlagfertige\u201c Annegret Schenkel, der \u201eQuizdoktor\u201c Dr. Thomas Kinne oder der \u201eQuizgott\u201c Sebastian Jacoby den prominenten Teams entgegentreten, bleibt eine \u00dcberraschung.<\/p>\n<p>&nbsp;<\/p>\n<p style=\"text-align: justify;\"><em>\u201eGefragt &#8211; Gejagt&#8220; ist eine Produktion der ITV Studios Germany im Auftrag der ARD-Werbung f\u00fcr Das Erste. Die Redaktion liegt beim Norddeutschen Rundfunk (NDR).<\/em><\/p>\n","protected":false},"excerpt":{"rendered":"<p>20:15 Uhr &#8211; 23:30 Uhr! Moderation: Alexander Bommes!<\/p>\n","protected":false},"author":2,"featured_media":247044,"comment_status":"open","ping_status":"closed","sticky":false,"template":"","format":"standard","meta":{"_FSMCFIC_featured_image_caption":"","_FSMCFIC_featured_image_nocaption":"","_FSMCFIC_featured_image_hide":""},"categories":[29,128],"tags":[415,91],"acf":[],"_links":{"self":[{"href":"https:\/\/smago.de\/ws2\/wp-json\/wp\/v2\/posts\/247043"}],"collection":[{"href":"https:\/\/smago.de\/ws2\/wp-json\/wp\/v2\/posts"}],"about":[{"href":"https:\/\/smago.de\/ws2\/wp-json\/wp\/v2\/types\/post"}],"author":[{"embeddable":true,"href":"https:\/\/smago.de\/ws2\/wp-json\/wp\/v2\/users\/2"}],"replies":[{"embeddable":true,"href":"https:\/\/smago.de\/ws2\/wp-json\/wp\/v2\/comments?post=247043"}],"version-history":[{"count":2,"href":"https:\/\/smago.de\/ws2\/wp-json\/wp\/v2\/posts\/247043\/revisions"}],"predecessor-version":[{"id":247046,"href":"https:\/\/smago.de\/ws2\/wp-json\/wp\/v2\/posts\/247043\/revisions\/247046"}],"wp:featuredmedia":[{"embeddable":true,"href":"https:\/\/smago.de\/ws2\/wp-json\/wp\/v2\/media\/247044"}],"wp:attachment":[{"href":"https:\/\/smago.de\/ws2\/wp-json\/wp\/v2\/media?parent=247043"}],"wp:term":[{"taxonomy":"category","embeddable":true,"href":"https:\/\/smago.de\/ws2\/wp-json\/wp\/v2\/categories?post=247043"},{"taxonomy":"post_tag","embeddable":true,"href":"https:\/\/smago.de\/ws2\/wp-json\/wp\/v2\/tags?post=247043"}],"curies":[{"name":"wp","href":"https:\/\/api.w.org\/{rel}","templated":true}]}}