{"id":246985,"date":"2025-09-04T23:59:55","date_gmt":"2025-09-04T21:59:55","guid":{"rendered":"https:\/\/smago.de\/ws2\/?p=246985"},"modified":"2025-09-04T14:15:53","modified_gmt":"2025-09-04T12:15:53","slug":"sarah-engels-fr-05-09-2025-in-der-ndr-talk-show-zu-gast","status":"publish","type":"post","link":"https:\/\/smago.de\/ws2\/pop\/sarah-engels-fr-05-09-2025-in-der-ndr-talk-show-zu-gast\/","title":{"rendered":"SARAH ENGELS <br>Fr. (05.09.2025) in der &#8222;NDR Talk Show&#8220; zu Gast!"},"content":{"rendered":"<p style=\"text-align: justify;\">NDR Fernsehen + HR Fernsehen, 22:00 Uhr &#8211; 00:00 Uhr! Moderation: Bettina Tietjen und Hubertus Meyer-Burckhardt!<!--more--><\/p>\n<p style=\"text-align: justify;\">\n<p style=\"text-align: justify;\">Bettina Tietjen und Hubertus Meyer-Burckhardt begr\u00fc\u00dfen in der NDR Talk Show aus Hamburg folgende G\u00e4ste &#8230;:<\/p>\n<p><strong>Jo Hiller, Moderator und Reporter<\/strong><\/p>\n<p>&nbsp;<\/p>\n<p style=\"text-align: justify;\">\nEr ist seit fast 15 Jahren das Gesicht der NDR Verbrauchersendung &#8222;Markt&#8220;: Jo Hiller. Geboren in Freiburg geht er nach dem Abitur zum Sportstudium nach K\u00f6ln. 1998 steht er zum ersten Mal vor der Fernsehkamera. Es folgen Eins\u00e4tze als Reporter und Moderator beim ZDF sowie bei &#8222;Planet Wissen&#8220; im WDR. Seit Anfang 2011 moderiert Jo Hiller die Sendung &#8222;Markt&#8220; im NDR Fernsehen. Jeden Montag pr\u00e4sentiert er ab 20.15 Uhr &#8222;Fernsehen, das man gebrauchen kann&#8220;. &#8222;Markt&#8220; gibt viele praktische Tipps in allen Alltagsfragen, deckt dubiose Gesch\u00e4ftspraktiken auf und mischt sich ein, wenn Zuschauer*innen \u00c4rger mit Firmen oder Beh\u00f6rden haben. Au\u00dferdem gibt es neue Folgen der Reihe &#8222;Die Tricks&#8220;, in der Jo Hiller den Tricks diverser Branchen und Industriezweige auf den Grund geht und verbraucherorientiert, etwa durch Preis-Checks und weitere Tests, so manche dreiste Abzocke oder Qualit\u00e4tsschwindel entlarvt.<\/p>\n<p>&nbsp;<\/p>\n<p>&nbsp;<\/p>\n<p>&nbsp;<\/p>\n<p style=\"text-align: justify;\">\n<strong>Gabriele von Arnim, Autorin und Journalistin<\/strong><\/p>\n<p style=\"text-align: justify;\">\nSie schreibt \u00fcber Demokratie, \u00fcber Sch\u00f6nheit und zuletzt \u00fcber Zuversicht. Gabriele von Arnim ist eine lebenskluge, erfahrene Journalistin und eins von f\u00fcnf Kindern der Hamburger Bankiersfamilie M\u00fcnchmeyer. Sie studiert Soziologie und Politik und schlie\u00dft ihr Studium mit einer Promotion ab, bevor sie mit ihrem ersten Mann f\u00fcr zehn Jahre nach New York zieht. Von dort schreibt sie f\u00fcr verschiedene Magazine. Ihr Motto lautet &#8222;Zur Erkenntnis geh\u00f6rt das Empfinden&#8220; und man kann sagen &#8211; sie hat schon viel empfunden in ihrem Leben. Kurz nachdem sie sich von ihrem zweiten Mann, einem bekannten Journalisten und ARD-Chefredakteur, trennt, erleidet dieser zwei Schlaganf\u00e4lle und wird zum Pflegefall. Sie beschlie\u00dft, bei ihm zu bleiben, und pflegt ihn zehn Jahre lang bis zu seinem Tod. Ihr Bestseller &#8222;Das Leben ist ein vor\u00fcbergehender Zustand&#8220; basiert auf diesen intensiven Lebenserfahrungen. Seit Anfang der 80er-Jahre engagiert sich Gabriele von Arnim au\u00dferdem gegen Rechtsextremismus und Fremdenfeindlichkeit. Sie hat eine Tochter und mehrere Enkel, denen sie unbedingt Zuversicht mit auf den Weg geben m\u00f6chte.<\/p>\n<p>&nbsp;<\/p>\n<p>&nbsp;<\/p>\n<p>&nbsp;<\/p>\n<p style=\"text-align: justify;\">\n<strong>Michel Friedman, Publizist, Jurist und Moderator<\/strong><\/p>\n<p style=\"text-align: justify;\">\n<p>Er ist einer der profiliertesten Intellektuellen des Landes: Michel Friedman. Der als Sohn einer polnisch-j\u00fcdischen Familie in Paris geborene Jurist, Philosoph, Publizist und Moderator engagiert sich seit Jahrzehnten gegen Rechtsradikalismus und f\u00fcr die Integration Gefl\u00fcchteter. In seinem neuen Buch &#8222;Mensch!&#8220; warnt der 69-J\u00e4hrige vor wachsendem Populismus, rechtsextremer Gewalt und gesellschaftlicher Gleichg\u00fcltigkeit und fordert dazu auf, Verantwortung zu \u00fcbernehmen. \u00dcber die dr\u00e4ngenden Herausforderungen der heutigen Zeit und \u00fcber die Frage, wie wir Demokratie nicht nur verteidigen, sondern gestalten k\u00f6nnen, spricht Michel Friedman in der NDR Talk Show.<\/p>\n<p>&nbsp;<\/p>\n<p>&nbsp;<\/p>\n<p>&nbsp;<\/p>\n<p style=\"text-align: justify;\">\n<strong>Saskia Fischer und Patrick Abozen, Schauspieler<\/strong><\/p>\n<p style=\"text-align: justify;\">\nSie sind zwei der beliebtesten Gesichter der ARD-Vorabendserie &#8222;Gro\u00dfstadtrevier&#8220;: Schauspielerin Saskia Fischer und Schauspieler Patrick Abozen. Seit nunmehr \u00fcber 500 Episoden gehen die beiden als Polizeioberr\u00e4tin Frau K\u00fcppers und Polizeioberkommisar Lukas Petersen in Hamburg auf Verbrecherjagd. Nun kommt die TV-Kultserie auf die B\u00fchne.<\/p>\n<p style=\"text-align: justify;\">Am 9. Oktober hat das Theaterst\u00fcck &#8222;Gro\u00dfstadtrevier&#8220;, das Saskia Fischer angelehnt an die gleichnamige Erfolgsserie geschrieben hat, im St. Pauli Theater Premiere. Es ist mehr als nur eine neue Episode an einem neuen, ungew\u00f6hnlichen Ort: Die Zuschauer und Zuschauerinnen k\u00f6nnen das vertraute Ensemble der Serie einmal v\u00f6llig anders und von einer ganz neuen Seite erleben. Wie gro\u00df die Herausforderung war, das &#8222;Gro\u00dfstadtrevier&#8220; vom Fernsehen auf die B\u00fchne zu transportieren, das erz\u00e4hlen Saskia Fischer und Patrick Abozen in der NDR Talk Show.<\/p>\n<p>&nbsp;<\/p>\n<p>&nbsp;<\/p>\n<p>&nbsp;<\/p>\n<p style=\"text-align: justify;\">\n<strong>Karl-Theodor zu Guttenberg, Publizist und Moderator<\/strong><\/p>\n<p style=\"text-align: justify;\">\n<p>Sein vollst\u00e4ndiger Name ist: Karl-Theodor Maria Nikolaus Johann Jacob Philipp Franz Joseph Sylvester Buhl-Freiherr von und zu Guttenberg &#8211; Freunde nennen ihn einfach KT. Der geb\u00fcrtige M\u00fcnchner stammt aus einem fr\u00e4nkischen Adelsgeschlecht, macht sein erstes Staatsexamen in Jura und schreibt dann seine Doktorarbeit, die ihn sp\u00e4ter in gro\u00dfe Schwierigkeiten bringt. Er ist CSU-Mitglied und von 2002 bis 2007 Mitglied des Deutschen Bundestages. 2009 wird er mit 37 Jahren j\u00fcngster deutscher Wirtschaftsminister. Zwei Jahre sp\u00e4ter \u00fcbernimmt er das Amt des Bundesverteidigungsministers. Aufgrund von Plagiatsvorw\u00fcrfen zu seiner Dissertation tritt er 2011 von allen \u00c4mtern zur\u00fcck. Heute ist er als Publizist t\u00e4tig, schreibt regelm\u00e4\u00dfig Kolumnen bei LinkedIn und betreibt mit Gregor Gysi erfolgreich einen Podcast. Jetzt erscheinen seine Kolumnen als Buch mit dem Titel &#8222;3 Worte. Neue Notizen aus der Gegenwart&#8220;. Im April 2025 best\u00e4tigte er die &#8222;seit geraumer Zeit&#8220; bestehende Beziehung zu Bundeswirtschaftsministerin Katherina Reiche (CDU).<\/p>\n<p>&nbsp;<\/p>\n<p>&nbsp;<\/p>\n<p>&nbsp;<\/p>\n<p style=\"text-align: justify;\">\n<strong>Sarah Engels, S\u00e4ngerin<\/strong><\/p>\n<p style=\"text-align: justify;\">\n2011 wird sie Zweite bei &#8222;Deutschland sucht den Superstar&#8220; und einem Millionenpublikum bekannt. Der Karrierestart f\u00fcr die damals 18-J\u00e4hrige, die schon als Kind von der B\u00fchne tr\u00e4umt und daf\u00fcr alles gibt. Und die Arbeit zahlt sich aus: Mit mehreren Singles und Alben schafft sie es in die Top 10 der Charts. Dass die Mutter zweier Kinder neben singen auch tanzen kann, zeigt sie 2016 bei &#8222;Let&#8217;s Dance&#8220;, wo sie den zweiten Platz belegt. Auf Schlittschuhen gewinnt sie die Show &#8222;Dancing on Ice&#8220;, tritt als Gastjurorin auf und macht Abstecher in die Schauspielbranche. Ein Multitalent und eine K\u00e4mpferin, die sich im Leben bereits einigen Herausforderungen stellen musste. Doch: &#8222;Auch zu scheitern macht uns stark&#8220;, so die 32-J\u00e4hrige. Passend dazu erscheint nun ihr Album &#8222;Strong Girls Club&#8220;, auf dem sie deutsche und englische Songs pr\u00e4sentiert. Wie sie sich als S\u00e4ngerin und Mutter ver\u00e4ndert hat, von ihrer gr\u00f6\u00dften \u00dcberwindung und gr\u00f6\u00dften St\u00e4rke erz\u00e4hlt Sarah Engels in der NDR Talk Show.<\/p>\n<p>&nbsp;<\/p>\n<p>&nbsp;<\/p>\n<p>&nbsp;<\/p>\n<p style=\"text-align: justify;\">\n<strong>Evelyn Weigert, Moderatorin und Podcasterin<\/strong><\/p>\n<p style=\"text-align: justify;\">\n<p>Evelyn Weigert hat der Selbstoptimierung den Kampf angesagt. Als Podcasterin, Moderatorin und Mutter widersetzt sie sich den g\u00e4ngigen Klischees von Idealk\u00f6rper und dem reibungslosen Funktionieren in Familie und Beruf. \u00dcber Social Media ermutigt sie Frauen, ihren Selbstanspruch runterzuschrauben und sich in Gelassenheit zu \u00fcben. Geboren ist sie in Regensburg, mit 15 wird sie von der Schule verwiesen, lernt Krankenschwester, studiert Gesang am Music College und nimmt an der Frank-Elstner-Masterclass an der Axel-Springer-Akademie in Berlin teil. Schnell gelingt ihr der Sprung ins Fernsehen, sie moderiert zahlreiche erfolgreiche TV-Formate f\u00fcr Pro7, ARD und Sky. 2023 ist sie im NDR mit dem Format &#8222;Oh Baby! Sowas von Mama&#8220; auf Sendung. Aktuell betreibt Evelyn ihren Podcast &#8222;Alle meine Eltern &#8211; Der Real Talk mit Evelyn Weigert&#8220; und hat nach ihrem ersten Bestseller &#8222;Peace, Bitches&#8220; im Mai ihr zweites Buch &#8222;Peace, Moms&#8220; ver\u00f6ffentlicht. Zudem begeistert Evelyn mit ihrer Kunst. Sie malt Frauenk\u00f6rper so, wie sie nun mal aussehen, und sie macht Musik. Und dann ist da noch ihr krassester Job, wie sie sagt &#8211; Mama sein.<\/p>\n","protected":false},"excerpt":{"rendered":"<p>NDR Fernsehen + HR Fernsehen, 22:00 Uhr &#8211; 00:00 Uhr! Moderation: Bettina Tietjen und Hubertus Meyer-Burckhardt!<\/p>\n","protected":false},"author":2,"featured_media":246986,"comment_status":"open","ping_status":"closed","sticky":false,"template":"","format":"standard","meta":{"_FSMCFIC_featured_image_caption":"","_FSMCFIC_featured_image_nocaption":"","_FSMCFIC_featured_image_hide":""},"categories":[27,128],"tags":[254],"acf":[],"_links":{"self":[{"href":"https:\/\/smago.de\/ws2\/wp-json\/wp\/v2\/posts\/246985"}],"collection":[{"href":"https:\/\/smago.de\/ws2\/wp-json\/wp\/v2\/posts"}],"about":[{"href":"https:\/\/smago.de\/ws2\/wp-json\/wp\/v2\/types\/post"}],"author":[{"embeddable":true,"href":"https:\/\/smago.de\/ws2\/wp-json\/wp\/v2\/users\/2"}],"replies":[{"embeddable":true,"href":"https:\/\/smago.de\/ws2\/wp-json\/wp\/v2\/comments?post=246985"}],"version-history":[{"count":1,"href":"https:\/\/smago.de\/ws2\/wp-json\/wp\/v2\/posts\/246985\/revisions"}],"predecessor-version":[{"id":246987,"href":"https:\/\/smago.de\/ws2\/wp-json\/wp\/v2\/posts\/246985\/revisions\/246987"}],"wp:featuredmedia":[{"embeddable":true,"href":"https:\/\/smago.de\/ws2\/wp-json\/wp\/v2\/media\/246986"}],"wp:attachment":[{"href":"https:\/\/smago.de\/ws2\/wp-json\/wp\/v2\/media?parent=246985"}],"wp:term":[{"taxonomy":"category","embeddable":true,"href":"https:\/\/smago.de\/ws2\/wp-json\/wp\/v2\/categories?post=246985"},{"taxonomy":"post_tag","embeddable":true,"href":"https:\/\/smago.de\/ws2\/wp-json\/wp\/v2\/tags?post=246985"}],"curies":[{"name":"wp","href":"https:\/\/api.w.org\/{rel}","templated":true}]}}