{"id":246256,"date":"2025-08-18T23:11:35","date_gmt":"2025-08-18T21:11:35","guid":{"rendered":"https:\/\/smago.de\/ws2\/?p=246256"},"modified":"2025-08-18T23:11:35","modified_gmt":"2025-08-18T21:11:35","slug":"das-das-rote-sofa-neuer-name-neuer-look","status":"publish","type":"post","link":"https:\/\/smago.de\/ws2\/smago-informiert\/das-das-rote-sofa-neuer-name-neuer-look\/","title":{"rendered":"&#8222;DAS!&#8220; <br>\u201eDAS! Rote Sofa\u201c \u2013 neuer Name, neuer Look!"},"content":{"rendered":"<p>Nach neun Jahren war es im Studio erneut Zeit f\u00fcr eine Modernisierung \u2013 auch im Hinblick auf neue \u00f6kologische Standards &#8230;:<br \/>\n<!--more--><\/p>\n<p>&nbsp;<\/p>\n<p style=\"text-align: justify;\">\u201eDAS!\u201c im NDR Fernsehen pr\u00e4sentiert sich seit dem gestrigen Montag (18.08.2025) in einem neuen Design. Im Mittelpunkt steht weiterhin das ber\u00fchmte Rote Sofa. Anlass, dem Erfolgsformat des NDR nach fast 35 Jahren auch einen neuen Namen zu geben: Ab sofort hei\u00dft die Sendung so, wie sie von Zuschauerinnen und Zuschauern bereits lange genannt wird \u2013 \u201eDAS! Rote Sofa\u201c.<\/p>\n<p style=\"text-align: justify;\">Nach neun Jahren war es im Studio erneut Zeit f\u00fcr eine Modernisierung \u2013 auch im Hinblick auf neue \u00f6kologische Standards. Deshalb wurde es auf energiesparende LED-Scheinwerfer umger\u00fcstet. Das flexible, modulare neue Set ist ebenfalls nachhaltig konzipiert. Es bietet Raum f\u00fcr vielf\u00e4ltige Inszenierungen und Show-Acts und ist somit zukunftsf\u00e4hig in Gestaltung und Nutzung.<\/p>\n<p style=\"text-align: justify;\">Mit einem durchschnittlichen Marktanteil von aktuell 14,2 Prozent im Norden von Januar bis Juli z\u00e4hlt \u201eDAS! Rote Sofa\u201c zu den erfolgreichsten Angeboten im NDR Fernsehen. Seit 34 Jahren begeistert die Kultsendung mit ihrem beliebten Infotainment-Mix aus regionalen Nachrichten, Magazinbeitr\u00e4gen sowie prominenten G\u00e4sten und namhaften Expertinnen und Experten. Moderiert wird \u201eDAS! Rote Sofa\u201c von Bettina Tietjen, Inka Schneider, Hinnerk Baumgarten oder Ilka Petersen \u2013 t\u00e4glich 45 Minuten live um 18:45 Uhr im NDR Fernsehen und in der ARD Mediathek.<\/p>\n","protected":false},"excerpt":{"rendered":"<p>Nach neun Jahren war es im Studio erneut Zeit f\u00fcr eine Modernisierung \u2013 auch im Hinblick auf neue \u00f6kologische Standards<\/p>\n","protected":false},"author":2,"featured_media":246257,"comment_status":"open","ping_status":"closed","sticky":false,"template":"","format":"standard","meta":{"_FSMCFIC_featured_image_caption":"","_FSMCFIC_featured_image_nocaption":"","_FSMCFIC_featured_image_hide":""},"categories":[33,128],"tags":[125],"acf":[],"_links":{"self":[{"href":"https:\/\/smago.de\/ws2\/wp-json\/wp\/v2\/posts\/246256"}],"collection":[{"href":"https:\/\/smago.de\/ws2\/wp-json\/wp\/v2\/posts"}],"about":[{"href":"https:\/\/smago.de\/ws2\/wp-json\/wp\/v2\/types\/post"}],"author":[{"embeddable":true,"href":"https:\/\/smago.de\/ws2\/wp-json\/wp\/v2\/users\/2"}],"replies":[{"embeddable":true,"href":"https:\/\/smago.de\/ws2\/wp-json\/wp\/v2\/comments?post=246256"}],"version-history":[{"count":1,"href":"https:\/\/smago.de\/ws2\/wp-json\/wp\/v2\/posts\/246256\/revisions"}],"predecessor-version":[{"id":246258,"href":"https:\/\/smago.de\/ws2\/wp-json\/wp\/v2\/posts\/246256\/revisions\/246258"}],"wp:featuredmedia":[{"embeddable":true,"href":"https:\/\/smago.de\/ws2\/wp-json\/wp\/v2\/media\/246257"}],"wp:attachment":[{"href":"https:\/\/smago.de\/ws2\/wp-json\/wp\/v2\/media?parent=246256"}],"wp:term":[{"taxonomy":"category","embeddable":true,"href":"https:\/\/smago.de\/ws2\/wp-json\/wp\/v2\/categories?post=246256"},{"taxonomy":"post_tag","embeddable":true,"href":"https:\/\/smago.de\/ws2\/wp-json\/wp\/v2\/tags?post=246256"}],"curies":[{"name":"wp","href":"https:\/\/api.w.org\/{rel}","templated":true}]}}