{"id":245806,"date":"2025-08-08T00:00:57","date_gmt":"2025-08-07T22:00:57","guid":{"rendered":"https:\/\/smago.de\/ws2\/?p=245806"},"modified":"2025-08-07T22:49:34","modified_gmt":"2025-08-07T20:49:34","slug":"hugo-egon-balder-u-a-heute-08-08-2025-in-der-ndr-talk-show-zu-gast","status":"publish","type":"post","link":"https:\/\/smago.de\/ws2\/nonsens\/hugo-egon-balder-u-a-heute-08-08-2025-in-der-ndr-talk-show-zu-gast\/","title":{"rendered":"HUGO EGON BALDER u.a. <br>Heute (08.08.2025) in der &#8222;NDR Talk Show&#8220; zu Gast!"},"content":{"rendered":"<p style=\"text-align: justify;\">NDR Fernsehen + HR Fernsehen, 22:00 Uhr &#8211; 00:00 Uhr! Moderation: Bettina Tietjen und Steven G\u00e4tjen!<!--more--><\/p>\n<p>&nbsp;<\/p>\n<p>&nbsp;<\/p>\n<p>&nbsp;<\/p>\n<p>Bettina Tietjen und Steven G\u00e4tjen begr\u00fc\u00dfen in der NDR Talk Show aus Hamburg folgende G\u00e4ste &#8230;:<\/p>\n<p>&nbsp;<\/p>\n<p>&nbsp;<\/p>\n<p style=\"text-align: justify;\">\n<p style=\"text-align: justify;\"><strong>Hugo Egon Balder, Entertainer, Moderator und Produzent<\/strong><\/p>\n<p>&nbsp;<\/p>\n<p style=\"text-align: justify;\">Hugo Egon Balder ist eine Fernsehlegende. Bekannt wird er Ende der 80er-Jahre mit den Fernsehshows &#8222;Alles. Nichts. Oder?!&#8220; und &#8222;Tutti Frutti&#8220;. Danach schreibt er mit der legend\u00e4ren Comedy-Sendung &#8222;RTL Samstag Nacht&#8220; in den 90ern Fernsehgeschichte. 2003 folgt die erfolgreiche Ratesendung &#8222;Genial daneben&#8220;. Dar\u00fcber hinaus ist er als S\u00e4nger, Schauspieler und Comedian t\u00e4tig \u2013 ein Allround-Talent eben. Im Herbst ist Balder, der im M\u00e4rz 75 Jahre alt geworden ist, wieder mit seinem B\u00fchnenprogramm &#8222;Erz\u00e4hlt es bloss nicht weiter&#8220; unterwegs. In der NDR Talk Show verr\u00e4t Hugo Egon Balder, wie schwer es f\u00fcr ihn war, nach \u00fcber sechs Jahrzehnten mit dem Rauchen aufzuh\u00f6ren und welche Episoden seines Lebens sich besonders gut f\u00fcr ein Comedy-Programm eignen.<\/p>\n<p>&nbsp;<\/p>\n<p>&nbsp;<\/p>\n<p>&nbsp;<\/p>\n<p style=\"text-align: justify;\"><strong>Leonie Bartsch und Linn Sch\u00fctze, Podcasterinnen<\/strong><\/p>\n<p style=\"text-align: justify;\">\n<p style=\"text-align: justify;\">Mit ihrem True-Crime-Podcast &#8222;Mord auf Ex&#8220; haben Linn Sch\u00fctze und Leonie Bartsch gro\u00dfen Erfolg.<br \/>\nIhr Podcast geh\u00f6rt zu den erfolgreichsten des Landes. Wenn Leonie Bartsch und Linn Sch\u00fctze jeden Montag in &#8222;Mord auf Ex&#8220; von einem wahren Kriminalfall erz\u00e4hlen, h\u00f6ren bis zu f\u00fcnf Millionen Menschen zu. Es geht um absurde Mordf\u00e4lle, r\u00e4tselhafte Cold Cases und True Crime-Storys wie beispielsweise den Mord am ehemaligen schwedischen Ministerpr\u00e4sidenten Olof Palme, den Mord an an &#8222;Beatles&#8220;-Mitbegr\u00fcnder John Lennon oder um das r\u00e4tselhafte Verschwinden der ber\u00fchmtesten Krimiautorin der Welt, Agatha Christie. Linn Sch\u00fctze und Leonie Bartsch erz\u00e4hlen dabei nicht einfach nur Verbrechen nach, sondern beleuchten die Hintergr\u00fcnde ausf\u00fchrlich und detailliert und steigen dazu auch selbst tief in die Recherche ein. Dazu f\u00fchren sie Interviews mit Betroffenen und \u00dcberlebenden, sprechen mit Zeug*innen und Expert*innen. Wenn die Beiden auf Tour gehen, verkaufen sie spielend Hallen aus, in die 15.000 Menschen passen. Im November 2019 ver\u00f6ffentlichen die Journalistinnen ihren allerersten Podcast. Inzwischen tauchen Linn Sch\u00fctze und Leonie Bartsch in weit \u00fcber 200 Folgen in ber\u00fchmte wie auch in unbekannte Kriminalf\u00e4lle ein und ziehen dabei immer mehr Menschen in ihren Bann.<\/p>\n<p style=\"text-align: justify;\">\n<p style=\"text-align: justify;\">\n<p style=\"text-align: justify;\">\n<p style=\"text-align: justify;\"><strong>Winfried Glatzeder, Schauspieler<\/strong><\/p>\n<p style=\"text-align: justify;\">\n<p style=\"text-align: justify;\">Er ist provokant, humorvoll, einzigartig: Schauspieler Winfried Glatzeder. Vor 80 Jahren geboren, ist er bereits Anfang der 60er-Jahre in der DDR ein DEFA-Star, bevor &#8222;der Belmondo des Ostens&#8220; 1973 mit dem Kultfilm &#8222;Die Legende von Paul und Paula&#8220; zur lebenden Schauspiellegende wird. 1981 geht Glatzeder mit seiner Familie in den Westen &#8211; und kann auch hier nahtlos an seine Erfolge auf der Theaterb\u00fchne, im Film und im Fernsehen ankn\u00fcpfen. Ein Leben lang bleibt der Charakterschauspieler rastlos, neugierig und auf positive Art unberechenbar. Immer wieder sorgt er f\u00fcr Schlagzeilen, so auch durch seine Mitwirkung im &#8222;Dschungelcamp&#8220;. Privat hingegen zeigt er Best\u00e4ndigkeit, seit 1970 ist der Vater zweier S\u00f6hne gl\u00fccklich mit seiner Frau Marion verheiratet. Warum er 104 Jahre alt werden will und wie seine weiteren Zukunftspl\u00e4ne aussehen, verr\u00e4t Winfried Glatzeder in der NDR Talk Show.<\/p>\n<p style=\"text-align: justify;\">\n<p style=\"text-align: justify;\">\n<p style=\"text-align: justify;\">\n<p style=\"text-align: justify;\"><strong>Robin K\u00f6nig, Pflanzen-Influencer<\/strong><\/p>\n<p>&nbsp;<\/p>\n<p style=\"text-align: justify;\">Er ist 25 Jahre alt, lebt in Berlin und bewirtschaftet einen Naturgarten in Pankow: Robin K\u00f6nig. Im Netz ist er unter dem Namen &#8222;Robinga Schn\u00f6gelr\u00f6gel&#8220; als &#8222;Plantfluencer&#8220; sehr erfolgreich. In social-media-gerechter Sprache erkl\u00e4rt er Pflanzen- und Gartenthemen &#8211; wie etwa das Thema &#8222;Herbstlaub&#8220;. Damit erreicht er allein auf Instagram 400.000 Menschen. Seine Bankausbildung bricht er ab und widmet sich jetzt meinungsstark, voller Leidenschaft und mit viel Witz der Natur. 1,5 Millionen Views sammelt K\u00f6nigs erster Beitrag zur Serie &#8222;Pflanzen, die ich hasse&#8220;. \u00dcber den Film &#8222;Planet der Affen&#8220; sei er in seiner Jugend auf die Bedrohungen f\u00fcr den Orang-Utan aufmerksam geworden. Sein Interesse f\u00fcr Umweltthemen ist geweckt und K\u00f6nig bleibt dran: &#8222;Ich bin einfach ein Typ, der die Natur liebt.&#8220; Und daf\u00fcr wird er u. a. mit dem Grimme Online Award und dem Umwelt-Medienpreis ausgezeichnet. Was er gegen Thujahecken, Kirschlorbeer, Steinw\u00fcsten und Gartenkitsch hat, erz\u00e4hlt er in der NDR Talk Show.<\/p>\n<p style=\"text-align: justify;\">\n<p>&nbsp;<\/p>\n<p>&nbsp;<\/p>\n<p style=\"text-align: justify;\"><strong>Lovis Wiefelsp\u00fctz und Alexander K\u00e4llner, Content Creator und Weltreisende<\/strong><\/p>\n<p style=\"text-align: justify;\">\n<p style=\"text-align: justify;\">Singapur, Australien, Vietnam, Oman und viele weitere L\u00e4nder: All diese Orte haben Lovis Wiefelsp\u00fctz und Alexander K\u00e4llner gesehen und erlebt. Die beiden Norddeutschen sind seit vielen Jahren beste Freunde und haben gemeinsam ihren Traum von einer Weltreise verwirklicht. Das Besondere daran: Sie sind als &#8222;Interabled Duo&#8220; unterwegs, also als Duo, bei dem eine Person eine Behinderung hat und die andere nicht. Denn Alexander ist schwerbehindert und hat eine angeborene Muskel- und Gelenkerkrankung. W\u00e4hrend Lovis unterwegs Alexanders k\u00f6rperliche Pflege \u00fcbernimmt und ihm bei Barrieren hilft, profitiert er selbst mit seinem ADHS von Alexanders k\u00fchlem Kopf und seinem Organisationstalent. &#8222;Wir waren schnell ein eingespieltes Team&#8220;, sagt Lovis. Hautnah erleben die beiden auf ihrer Reise, ob und wie Inklusion in anderen Teilen der Welt gelebt wird und berichten dar\u00fcber mittlerweile zum Beispiel in ihrem Podcast &#8222;Hurdle the world&#8220;. Welches Land in puncto Inklusion ganz vorne ist, wie sie mit der Verantwortung f\u00fcreinander umgegangen sind und was sie \u00fcber sich selbst und \u00fcber einander gelernt haben, erz\u00e4hlen Lovis Wiefelsp\u00fctz und Alexander K\u00e4llner in der NDR Talk Show.<\/p>\n<p style=\"text-align: justify;\">\n<p style=\"text-align: justify;\">\n<p style=\"text-align: justify;\">\n<p style=\"text-align: justify;\"><strong>Ulrike Folkerts, Schauspielerin<\/strong><\/p>\n<p style=\"text-align: justify;\">\n<p style=\"text-align: justify;\">\nSie ist ist eine seiner pr\u00e4gendsten Figuren des &#8222;Tatorts&#8220;: Ulrike Folkerts alias Lena Odenthal. Seit 1989 geht die 64-J\u00e4hrige zweimal j\u00e4hrlich in Rheinland-Pfalz auf Verbrecherjagd und ist damit die dienst\u00e4lteste Kommissarin im deutschen Fernsehen. Ihre Energie und Popularit\u00e4t nutzt die Wahl-Berlinerin aber auch, um soziale Projekte zu unterst\u00fctzen. F\u00fcr das &#8222;Labyrinth Kindermuseum Berlin&#8220; hat sie eine Patenschaft \u00fcbernommen: &#8222;Das Kindermuseum ist ein Wunderort f\u00fcr Kinder, wo junge Menschen die Chance haben, durch Ausprobieren etwas f\u00fcrs Leben zu lernen. Ich bin fr\u00fcher auf B\u00e4ume geklettert. Das Labyrinth Kindermuseum ist f\u00fcr seine kleinen Besucher eine mindestens genauso gro\u00dfe Herausforderung.&#8220; Im Sommersemester 2025 hat sie zus\u00e4tzlich noch eine Gastprofessur an einer Uni \u00fcbernommen. Warum ihr die Bildung junger Menschen und Kinder so am Herzen liegt, das verr\u00e4t Ulrike Folkerts in der NDR Talk Show.<\/p>\n","protected":false},"excerpt":{"rendered":"<p>NDR Fernsehen + HR Fernsehen, 22:00 Uhr &#8211; 00:00 Uhr! Moderation: Bettina Tietjen und Steven G\u00e4tjen!<\/p>\n","protected":false},"author":2,"featured_media":237024,"comment_status":"open","ping_status":"closed","sticky":false,"template":"","format":"standard","meta":{"_FSMCFIC_featured_image_caption":"","_FSMCFIC_featured_image_nocaption":"","_FSMCFIC_featured_image_hide":""},"categories":[23,29,128],"tags":[596],"acf":[],"_links":{"self":[{"href":"https:\/\/smago.de\/ws2\/wp-json\/wp\/v2\/posts\/245806"}],"collection":[{"href":"https:\/\/smago.de\/ws2\/wp-json\/wp\/v2\/posts"}],"about":[{"href":"https:\/\/smago.de\/ws2\/wp-json\/wp\/v2\/types\/post"}],"author":[{"embeddable":true,"href":"https:\/\/smago.de\/ws2\/wp-json\/wp\/v2\/users\/2"}],"replies":[{"embeddable":true,"href":"https:\/\/smago.de\/ws2\/wp-json\/wp\/v2\/comments?post=245806"}],"version-history":[{"count":2,"href":"https:\/\/smago.de\/ws2\/wp-json\/wp\/v2\/posts\/245806\/revisions"}],"predecessor-version":[{"id":245808,"href":"https:\/\/smago.de\/ws2\/wp-json\/wp\/v2\/posts\/245806\/revisions\/245808"}],"wp:featuredmedia":[{"embeddable":true,"href":"https:\/\/smago.de\/ws2\/wp-json\/wp\/v2\/media\/237024"}],"wp:attachment":[{"href":"https:\/\/smago.de\/ws2\/wp-json\/wp\/v2\/media?parent=245806"}],"wp:term":[{"taxonomy":"category","embeddable":true,"href":"https:\/\/smago.de\/ws2\/wp-json\/wp\/v2\/categories?post=245806"},{"taxonomy":"post_tag","embeddable":true,"href":"https:\/\/smago.de\/ws2\/wp-json\/wp\/v2\/tags?post=245806"}],"curies":[{"name":"wp","href":"https:\/\/api.w.org\/{rel}","templated":true}]}}