{"id":245232,"date":"2025-07-25T00:00:59","date_gmt":"2025-07-24T22:00:59","guid":{"rendered":"https:\/\/smago.de\/ws2\/?p=245232"},"modified":"2025-07-24T19:10:30","modified_gmt":"2025-07-24T17:10:30","slug":"stefan-zauner-petra-manuela-playback-ist-nicht-so-unser-ding-das-grosse-smago-exklusiv-interview-zur-neuen-cd-gedankenspiel","status":"publish","type":"post","link":"https:\/\/smago.de\/ws2\/pop-schlager\/stefan-zauner-petra-manuela-playback-ist-nicht-so-unser-ding-das-grosse-smago-exklusiv-interview-zur-neuen-cd-gedankenspiel\/","title":{"rendered":"STEFAN ZAUNER &#038; PETRA MANUELA <br>&#8222;Playback ist nicht so unser Ding!&#8220; \u2013 Das gro\u00dfe smago! Exklusiv-Interview zur neuen CD &#8222;Gedankenspiel&#8220;!"},"content":{"rendered":"<p style=\"text-align: justify;\">Das Gespr\u00e4ch fand &#8222;live&#8220; am Nachmittag des 15.07.2025 in\u00a0 der Galerie arts &amp; wine in M\u00fcnchen statt!<!--more--><\/p>\n<p>&nbsp;<\/p>\n<p>&nbsp;<\/p>\n<p>&nbsp;<\/p>\n<p style=\"font-weight: 400; text-align: justify;\"><strong>Lieber STEFAN, die Gem\u00e4lde, die hier ausgestellt sind, tragen alle Titel der M\u00dcNCHENER FREIHEIT. Haben Sie das bewusst so gemacht \u2013 oder ist das Zufall?<\/strong><\/p>\n<p style=\"font-weight: 400; text-align: justify;\">Ja, Namen wie \u201eTausendmal Du\u201c, \u201eOhne dich schlaf ich heut Nacht nicht ein\u201c oder \u201eSo lang man Tr\u00e4ume noch leben kann\u201c sind nat\u00fcrlich kein Zufall. Nein, wir haben eine Wohnung in Ellmau. Die Maklerin, die uns diese Wohnung vermittelt hat, die kannte meine Bilder und sagte mir: Wenn du schon malen kannst, dann versuche doch mal, die gr\u00f6\u00dften Hits der M\u00dcNCHENER FREIHEIT mal zu visualisieren. Das fand ich eine geile Idee. Das hat einen Bezug zur Musik, zu mir \u2013 und ist dann ein Bild. Das war das Erste, was ich in dieser Richtung gemacht habe.<\/p>\n<p style=\"font-weight: 400; text-align: justify;\">Bei diesem Bild (zeigt auf das Bild) war es so, dass es schon da war, da habe ich dann noch \u201eBaby Blue\u201c drauf gemalt. Das passte einfach zu dem Bild. Bei den anderen habe ich so nach und nach \u00fcberlegt und gemalt, dass es so eine Reihe gibt von Titeln, die dann als Bilder umgesetzt werden oder umgekehrt.<\/p>\n<p style=\"font-weight: 400; text-align: justify;\"><strong>Wie w\u00fcrden Sie Ihren Kunststil beschreiben?<\/strong><\/p>\n<p style=\"font-weight: 400; text-align: justify;\">Ja, das ist schwer zu sagen.<\/p>\n<p style=\"font-weight: 400; text-align: justify;\">PETRA MANUELA: Das ist gemischt. Er macht ja auch ganz andere Bilder, die z. B. in Richtung Pop-Art gehen. Man kann es nicht in eine Schublade stecken, beispielsweise hat er auch schon hinter Glas gemalt.<\/p>\n<p style=\"font-weight: 400; text-align: justify;\"><strong>Kann man die Bilder auch k\u00e4uflich erwerben, oder ist das ein reines Hobby?<\/strong><\/p>\n<p style=\"font-weight: 400; text-align: justify;\">Nein nein, die kann man schon kaufen. Die h\u00e4ngen hier jetzt noch bis Mitte August, dann gibt es noch eine Vernissage f\u00fcr Kunstliebhaber. Heute geht es ja erst um das Album, dann wird es noch mal eine Ausstellung speziell f\u00fcr die Bilder geben. Nat\u00fcrlich w\u00e4re es toll, wenn das ein zweites Standbein werden w\u00fcrde und man von der Kunst im Idealfall sogar leben k\u00f6nnte. Ich brauche es nicht zum \u00dcberleben \u2013 aber es w\u00fcrde mich freuen, wenn die Bilder auch Abnehmer finden w\u00fcrden.<\/p>\n<p style=\"font-weight: 400; text-align: justify;\"><strong>Es gab viele Interessenten. Was war letztlich ausschlaggebend f\u00fcr Sie, beim Label Artists &amp; Acts anzudocken?<\/strong><\/p>\n<p style=\"font-weight: 400; text-align: justify;\">Unser Manager J\u00dcRGEN TH\u00dcRNAU hat uns schon vor l\u00e4ngerer Zeit den Vorschlag gemacht, mal ein Album in Eigenregie selbst zu produzieren \u2013 mit einem kooperierenden Label. Der Vertrieb l\u00e4uft ja \u00fcber Universal. \u2013 Damit h\u00e4tte man finanzielle Vorteile und auch mehr Freiheit. Ich finde, man h\u00f6rt schon auch auf dem neuen Album, dass wir uns nicht in irgendeine Ecke dr\u00e4ngen lassen, sondern dass es von A bis Z alles vertreten ist. Wobei wir mit dem Label-Chef unseres letzten Albums, FRANK HABERLAND, auch nach wie vor ein sehr gutes Verh\u00e4ltnis haben.<\/p>\n<p style=\"font-weight: 400; text-align: justify;\"><strong>Besteht die Hoffnung, dass der Act \u201eSTEFAN ZAUNER und PETRA MANUELA\u201c eines Tages auch mal die Live-B\u00fchnen erobern werden \u2013 oder ist das kategorisch ausgeschlossen?<\/strong><\/p>\n<p style=\"font-weight: 400; text-align: justify;\">Live spielen \u2013 das w\u00fcrde nach meiner Definition bedeuten: Mit Band. Mit Playback, wie das im Schlagerbereich normalerweise passiert \u2013 das ist nicht so unser Ding. Mit Band w\u00fcrde hei\u00dfen, dass es ein brutaler Aufwand ist. Ich habe es ja bei der M\u00dcNCHENER FREIHEIT gesehen. Man muss die passenden Musiker finden, Zeit haben und einen Platz haben, wo man \u00fcben kann. Man ben\u00f6tigt eine Light-Show, die auch einstudiert werden muss. Ich wei\u00df, was da alles dahintersteckt. Die letzten Live-Shows der M\u00dcNCHENER FREIHEIT, die waren diesbez\u00fcglich sehr aufw\u00e4ndig. Das nochmal zu dem Standard, bei dem ich aufgeh\u00f6rt habe, wieder zu erarbeiten, um nicht wieder ganz unten anzufangen \u2013 das ist fast nicht m\u00f6glich. Alleine das Equipment \u2013 das ist schon so eine Sache.<\/p>\n<p style=\"font-weight: 400; text-align: justify;\"><strong>Oder sind Sie zu sehr Sound-\u00c4sthet \u2013 Motto: So wie es im Studio klingt, ist es kaum auf die B\u00fchne zu bringen bzw. mit maximalem Aufwand?<\/strong><\/p>\n<p style=\"font-weight: 400; text-align: justify;\">Das stimmt, der Aufwand ist schon enorm.<\/p>\n<p style=\"font-weight: 400; text-align: justify;\"><strong>Wenn man jetzt so viele gro\u00dfe Titel ver\u00f6ffentlicht hat, gibt es Phasen, in denen man das Gef\u00fchl hat: Mir f\u00e4llt nichts Neues mehr ein? Oder sprudelt es dann irgendwann wieder heraus?<\/strong><\/p>\n<p style=\"font-weight: 400; text-align: justify;\">PETRA MANUELA:\u00a0Kleine kreative Pausen gibt es immer. Wenn ein Album gerade fertig ist und bevor man ein neues beginnt, oder bei strahlendem Sonnenschein, sind wir nat\u00fcrlich kaum im Studio. Wir nehmen uns die Freiheit auf schlechtes Wetter zu warten, um dann im Studio kreativ zu werden.<\/p>\n<p style=\"font-weight: 400; text-align: justify;\">STEFAN: Es ist wirklich so: Manchmal wei\u00df ich es auch nicht, wo eine Idee herkommt. Wenn ich so \u00e4ltere Titel, die schon etwas weiter zur\u00fcckliegen ins Ged\u00e4chtnis zur\u00fcckrufe, frage ich mich, wie ich auf so einen Text gekommen bin. Wenn ich ein neues St\u00fcck anfange, wei\u00df ich absolut nicht, wohin textlich gesehen die Reise geht. Bei mir ist immer zuerst die Musik da, und dann kommt der Text. Das geht bei mir nicht Hand in Hand.<\/p>\n<p>&nbsp;<\/p>\n<p><img decoding=\"async\" loading=\"lazy\" class=\"alignnone size-large wp-image-245242\" src=\"https:\/\/smago.de\/ws2\/wp-content\/uploads\/2025\/07\/rodensteiner_windimhaarbella-italia-800x800.jpeg\" alt=\"\" width=\"800\" height=\"800\" srcset=\"https:\/\/smago.de\/ws2\/wp-content\/uploads\/2025\/07\/rodensteiner_windimhaarbella-italia-800x800.jpeg 800w, https:\/\/smago.de\/ws2\/wp-content\/uploads\/2025\/07\/rodensteiner_windimhaarbella-italia-522x522.jpeg 522w, https:\/\/smago.de\/ws2\/wp-content\/uploads\/2025\/07\/rodensteiner_windimhaarbella-italia-150x150.jpeg 150w, https:\/\/smago.de\/ws2\/wp-content\/uploads\/2025\/07\/rodensteiner_windimhaarbella-italia-768x768.jpeg 768w, https:\/\/smago.de\/ws2\/wp-content\/uploads\/2025\/07\/rodensteiner_windimhaarbella-italia-1536x1536.jpeg 1536w, https:\/\/smago.de\/ws2\/wp-content\/uploads\/2025\/07\/rodensteiner_windimhaarbella-italia-2048x2048.jpeg 2048w, https:\/\/smago.de\/ws2\/wp-content\/uploads\/2025\/07\/rodensteiner_windimhaarbella-italia-272x272.jpeg 272w, https:\/\/smago.de\/ws2\/wp-content\/uploads\/2025\/07\/rodensteiner_windimhaarbella-italia-600x600.jpeg 600w, https:\/\/smago.de\/ws2\/wp-content\/uploads\/2025\/07\/rodensteiner_windimhaarbella-italia-130x130.jpeg 130w, https:\/\/smago.de\/ws2\/wp-content\/uploads\/2025\/07\/rodensteiner_windimhaarbella-italia-445x445.jpeg 445w, https:\/\/smago.de\/ws2\/wp-content\/uploads\/2025\/07\/rodensteiner_windimhaarbella-italia-190x190.jpeg 190w, https:\/\/smago.de\/ws2\/wp-content\/uploads\/2025\/07\/rodensteiner_windimhaarbella-italia-290x290.jpeg 290w\" sizes=\"(max-width: 800px) 100vw, 800px\" \/><\/p>\n","protected":false},"excerpt":{"rendered":"<p>Das Gespr\u00e4ch fand &#8222;live&#8220; am Nachmittag des 15.07.2025 in\u00a0 der Galerie arts &amp; wine in M\u00fcnchen statt!<\/p>\n","protected":false},"author":2,"featured_media":245244,"comment_status":"open","ping_status":"closed","sticky":false,"template":"","format":"standard","meta":{"_FSMCFIC_featured_image_caption":"","_FSMCFIC_featured_image_nocaption":"","_FSMCFIC_featured_image_hide":""},"categories":[28,39],"tags":[2900],"acf":[],"_links":{"self":[{"href":"https:\/\/smago.de\/ws2\/wp-json\/wp\/v2\/posts\/245232"}],"collection":[{"href":"https:\/\/smago.de\/ws2\/wp-json\/wp\/v2\/posts"}],"about":[{"href":"https:\/\/smago.de\/ws2\/wp-json\/wp\/v2\/types\/post"}],"author":[{"embeddable":true,"href":"https:\/\/smago.de\/ws2\/wp-json\/wp\/v2\/users\/2"}],"replies":[{"embeddable":true,"href":"https:\/\/smago.de\/ws2\/wp-json\/wp\/v2\/comments?post=245232"}],"version-history":[{"count":3,"href":"https:\/\/smago.de\/ws2\/wp-json\/wp\/v2\/posts\/245232\/revisions"}],"predecessor-version":[{"id":245246,"href":"https:\/\/smago.de\/ws2\/wp-json\/wp\/v2\/posts\/245232\/revisions\/245246"}],"wp:featuredmedia":[{"embeddable":true,"href":"https:\/\/smago.de\/ws2\/wp-json\/wp\/v2\/media\/245244"}],"wp:attachment":[{"href":"https:\/\/smago.de\/ws2\/wp-json\/wp\/v2\/media?parent=245232"}],"wp:term":[{"taxonomy":"category","embeddable":true,"href":"https:\/\/smago.de\/ws2\/wp-json\/wp\/v2\/categories?post=245232"},{"taxonomy":"post_tag","embeddable":true,"href":"https:\/\/smago.de\/ws2\/wp-json\/wp\/v2\/tags?post=245232"}],"curies":[{"name":"wp","href":"https:\/\/api.w.org\/{rel}","templated":true}]}}