{"id":245036,"date":"2025-07-20T00:00:52","date_gmt":"2025-07-19T22:00:52","guid":{"rendered":"https:\/\/smago.de\/ws2\/?p=245036"},"modified":"2025-07-19T11:21:05","modified_gmt":"2025-07-19T09:21:05","slug":"nanett-weiss-mit-ihrer-zweiten-single-warum-denn-nicht-startet-sie-in-den-hochsommer","status":"publish","type":"post","link":"https:\/\/smago.de\/ws2\/pop-schlager\/nanett-weiss-mit-ihrer-zweiten-single-warum-denn-nicht-startet-sie-in-den-hochsommer\/","title":{"rendered":"NANETT WEISS <br>Mit ihrer zweiten Single \u201eWarum denn nicht\u201c startet sie in den Hochsommer!"},"content":{"rendered":"<p style=\"text-align: justify;\">Es geht um eine spontane Begegnung, die alle Gewissheiten ausradiert und zugleich den Herzschlag auf Hochtouren bringt &#8230;:<!--more--><\/p>\n<p>&nbsp;<\/p>\n<p>&nbsp;<\/p>\n<p class=\"bbb_show\" style=\"text-align: justify;\">Sie steht voll auf Action und Adrenalin, auf Gipfel und gro\u00dfe H\u00f6hen (z.B. per Fallschirmsprung!), doch vor allem hat Popschlager-Senkrechtstarterin Nanett Weiss zuletzt eindrucksvoll zum Solo-H\u00f6henflug angesetzt: Schon mit der Auftaktsingle \u201eAlles was ich will\u201c konnte die S\u00e4ngerin und Saxofonistin in der \u201eBeatrice Egli Show\u201c (ARD) den Newcomer-Wettbewerb f\u00fcr sich entscheiden \u2013 weshalb sie im Mai auch beim gro\u00dfen \u201eMDR Fr\u00fchlingserwachen\u201c mit von der Partie war. Nun beantwortet Nanett Weiss einen unglaublich verliebten Adrenalin- und Endorphinschub mit einer elektrisierenden Gegenfrage: Ihre zweite Single \u201eWarum denn nicht\u201c landet am 01.08.2025 auf den Playlists!<\/p>\n<p class=\"bbb_show\" style=\"text-align: justify;\">Es geht um eine spontane Begegnung, die alle Gewissheiten ausradiert und zugleich den Herzschlag auf Hochtouren bringt: \u201eVielleicht h\u00e4tt\u2019 ich doch deinen Blick ignoriert\u201c, beginnt die 31-J\u00e4hrige eine ganze Serie von Alternativszenarien und \u201eVielleicht\u201c-Einw\u00fcrfen, dabei wei\u00df sie doch eigentlich ganz genau, was sie braucht: \u201eWas ich will, bist du, nur du\u201c, singt Nanett, die nach ihrer tanzbaren Deb\u00fctsingle auch dieses Mal auf einen elektrisierenden Mix aus explosiven Synthies, treibenden Dance-Beats und ganz viel vertonter Euphorie setzt. W\u00e4hrend das Arrangement \u00e4hnlich wie ihr Endorphin-Spiegel in die H\u00f6he schie\u00dft, hei\u00dft es schlie\u00dflich: \u201eIch frag mich nur: Warum denn nicht?!\u201c<\/p>\n<p class=\"bbb_show\" style=\"text-align: justify;\">\u201eVielleicht nehm\u2019 ich einfach das Chaos in Kauf\u201c, klingen ihre sp\u00e4teren Abw\u00e4gungen schon nach sehr viel mehr Commitment \u2013 auch wenn\u2019s wom\u00f6glich \u201enur f\u00fcr heute ist\u201c. Indem sie das Mikrofon zwischendurch auch immer wieder gegen ihr geliebtes Saxofon eintauscht, gibt ein Chor aus \u201eWarum denn nicht\u201c-Ges\u00e4ngen Antwort auf die Frage, \u201eob ich neben dir erwach\u2019\u2026\u201c<\/p>\n<p class=\"bbb_show\" style=\"text-align: justify;\">F\u00fcr die Musik schl\u00e4gt das Herz von Nanett Weiss schon ihr ganzes Leben lang: Mit sechs am Klavier, war\u2019s ihr Gro\u00dfvater (ebenfalls Musiker), der ihr wenige Jahre sp\u00e4ter das Saxofon als weiteres Instrument nahelegte \u2013 womit die Weichen f\u00fcr ihren heutigen Trademark-Sound bereits gestellt waren. Tats\u00e4chlich leitete die Musikerin aus Auerbach im Erzgebirge schon w\u00e4hrend der Schulzeit eine eigene Big-Band \u2013 und tobte sich danach in etlichen Konstellationen und Genres aus: Von Club-Gigs mit DJs bis Gospelgottesdienst, von Rockabilly bis hin zu Funk erweiterte sie kontinuierlich das musikalische Spektrum, um nach und nach auch ihren eigenen Sound zu definieren.<\/p>\n<p class=\"bbb_show\" style=\"text-align: justify;\">Obwohl sie zwischendurch auch noch das Staatsexamen zur Grundschullehrerin abschlie\u00dfen und ein paar Jahre lang in Marienberg unterrichten sollte, ist sie abends schon seit vielen Jahren prim\u00e4r auf der B\u00fchne anzutreffen. Mal ist sie f\u00fcr Matthias Reim eingesprungen, hat f\u00fcr KARAT er\u00f6ffnet, vor allem hat sie immer wieder mit der Maffay Show Band gegl\u00e4nzt oder zusammen mit den Jungs von Big Fat Shakin\u2019 f\u00fcr massive Rockabilly-Live-Action gesorgt. Inzwischen als Solo-Senkrechtstarterin auf noch gr\u00f6\u00dferen B\u00fchnen angekommen, findet Nanett Weiss den Ausgleich dazu u.a. in den Bergen (Himalaya!) oder in den Wolken (300+ Fallschirmspr\u00fcnge) \u2013 im Sp\u00e4tsommer geht\u2019s f\u00fcr sie auf den Mont Blanc!<\/p>\n<p style=\"text-align: justify;\">\n<p class=\"bbb_show\" style=\"text-align: justify;\">Die neue Single \u201eWarum denn nicht\u201c erscheint am 01.08.2025 bei TELAMO.<\/p>\n","protected":false},"excerpt":{"rendered":"<p>Es geht um eine spontane Begegnung, die alle Gewissheiten ausradiert und zugleich den Herzschlag auf Hochtouren bringt &#8230;:<\/p>\n","protected":false},"author":2,"featured_media":245037,"comment_status":"open","ping_status":"closed","sticky":false,"template":"","format":"standard","meta":{"_FSMCFIC_featured_image_caption":"","_FSMCFIC_featured_image_nocaption":"","_FSMCFIC_featured_image_hide":""},"categories":[28],"tags":[4094],"acf":[],"_links":{"self":[{"href":"https:\/\/smago.de\/ws2\/wp-json\/wp\/v2\/posts\/245036"}],"collection":[{"href":"https:\/\/smago.de\/ws2\/wp-json\/wp\/v2\/posts"}],"about":[{"href":"https:\/\/smago.de\/ws2\/wp-json\/wp\/v2\/types\/post"}],"author":[{"embeddable":true,"href":"https:\/\/smago.de\/ws2\/wp-json\/wp\/v2\/users\/2"}],"replies":[{"embeddable":true,"href":"https:\/\/smago.de\/ws2\/wp-json\/wp\/v2\/comments?post=245036"}],"version-history":[{"count":1,"href":"https:\/\/smago.de\/ws2\/wp-json\/wp\/v2\/posts\/245036\/revisions"}],"predecessor-version":[{"id":245038,"href":"https:\/\/smago.de\/ws2\/wp-json\/wp\/v2\/posts\/245036\/revisions\/245038"}],"wp:featuredmedia":[{"embeddable":true,"href":"https:\/\/smago.de\/ws2\/wp-json\/wp\/v2\/media\/245037"}],"wp:attachment":[{"href":"https:\/\/smago.de\/ws2\/wp-json\/wp\/v2\/media?parent=245036"}],"wp:term":[{"taxonomy":"category","embeddable":true,"href":"https:\/\/smago.de\/ws2\/wp-json\/wp\/v2\/categories?post=245036"},{"taxonomy":"post_tag","embeddable":true,"href":"https:\/\/smago.de\/ws2\/wp-json\/wp\/v2\/tags?post=245036"}],"curies":[{"name":"wp","href":"https:\/\/api.w.org\/{rel}","templated":true}]}}