{"id":244386,"date":"2025-07-09T13:47:07","date_gmt":"2025-07-09T11:47:07","guid":{"rendered":"https:\/\/smago.de\/ws2\/?p=244386"},"modified":"2025-07-09T13:49:06","modified_gmt":"2025-07-09T11:49:06","slug":"jenny-van-bree-wolfgang-nadrag-also-doch-trennung-nach-6-%c2%bd-jahren","status":"publish","type":"post","link":"https:\/\/smago.de\/ws2\/pop-schlager\/jenny-van-bree-wolfgang-nadrag-also-doch-trennung-nach-6-%c2%bd-jahren\/","title":{"rendered":"JENNY VAN BREE \u2013 WOLFGANG NADRAG <br>Also doch! Trennung nach 6 \u00bd Jahren!"},"content":{"rendered":"<p>ABER: &#8222;<em>Wir werden weiterhin die Firma Lumina Records Music &amp; Video Production betreiben und f\u00fcr euch und unsere K\u00fcnstler aus vollem Herzen da sein&#8220; &#8230;:<\/em><!--more--><\/p>\n<p>&nbsp;<\/p>\n<p>&nbsp;<\/p>\n<p>&nbsp;<\/p>\n<p>&nbsp;<\/p>\n<div class=\"xdj266r x14z9mp xat24cr x1lziwak x1vvkbs x126k92a\">\n<div dir=\"auto\" style=\"text-align: justify;\">\n<p><em>Liebe Medienpartner,<\/em><\/p>\n<p>&nbsp;<\/p>\n<\/div>\n<div dir=\"auto\" style=\"text-align: justify;\"><\/div>\n<\/div>\n<div class=\"x14z9mp xat24cr x1lziwak x1vvkbs xtlvy1s x126k92a\" style=\"text-align: justify;\">\n<div dir=\"auto\">\n<p><em>leider m\u00fcssen wir euch mitteilen, dass Wolfgang Nadrag und ich (Jenny van Bree) uns nach 6,5 Jahren Beziehung getrennt haben. Dies aber einvernehmlich und sehr w\u00fcrdevoll. Da unsere Beziehung ja medial bekannt ist und wir Ger\u00fcchten vorbeugen wollen, ist es uns wichtig, dass wir euch das mitteilen.<\/em><\/p>\n<p><em>Wir werden weiterhin die Firma Lumina Records Music &amp; Video Production betreiben und f\u00fcr euch und unsere K\u00fcnstler aus vollem Herzen da sein.<\/em><\/p>\n<\/div>\n<\/div>\n<div class=\"x14z9mp xat24cr x1lziwak x1vvkbs xtlvy1s x126k92a\" style=\"text-align: justify;\">\n<div dir=\"auto\">\n<p><em>Nun beginnt ein neuer Lebensabschnitt, der nat\u00fcrlich aktuell noch mit Traurigkeit und Ver\u00e4nderungen gef\u00fcllt ist.<\/em><\/p>\n<\/div>\n<div dir=\"auto\"><em>Doch das geh\u00f6rt auch zum Leben dazu.<\/em><\/div>\n<div dir=\"auto\"><\/div>\n<div dir=\"auto\"><em>Unsere Solo-Karrieren samt Ver\u00f6ffentlichungen werden nat\u00fcrlich auch weitergehen. Noch diesen Monat bringen wir jeder eine neue Single raus, und der Terminkalender ist gut gef\u00fcllt. <\/em><\/div>\n<div dir=\"auto\"><\/div>\n<div dir=\"auto\"><em>Infos dazu auf <a href=\"http:\/\/www.jenny-van-bree.de\/\">www.jenny-van-bree.de<\/a> und <a href=\"http:\/\/www.wolfgang-nadrag.com\/\">www.wolfgang-nadrag.com<\/a>.<\/em><\/div>\n<div dir=\"auto\"><\/div>\n<div dir=\"auto\"><em>Zum Thema Songwriting k\u00f6nnen wir nach \u201eDas bleibt unter uns Ch\u00e9rie\u201c von Fantasy schon im August neue Songs von uns pr\u00e4sentieren, die wir bei bekannten Schlagerstars platzieren durften.<\/em><\/div>\n<div dir=\"auto\"><\/div>\n<div dir=\"auto\"><em>Musik ist weiterhin unser Lebensinhalt und wir freuen uns auf viele sch\u00f6ne Projekte, die wir in der n\u00e4chsten Zeit wieder ver\u00f6ffentlichen \u2013 egal ob Songwriting, Song- oder Musikvideoproduktionen. Auch die Tonstudiositze bleiben wie gewohnt erhalten.<\/em><\/div>\n<div dir=\"auto\"><\/div>\n<div dir=\"auto\"><em>Danke f\u00fcr euer Verst\u00e4ndnis und eure Aufmerksamkeit.<\/em><\/div>\n<div dir=\"auto\"><\/div>\n<div dir=\"auto\"><\/div>\n<\/div>\n<div class=\"x14z9mp xat24cr x1lziwak x1vvkbs xtlvy1s x126k92a\" style=\"text-align: justify;\">\n<div dir=\"auto\"><em>Herzliche Gr\u00fc\u00dfe<\/em><\/div>\n<div dir=\"auto\"><\/div>\n<\/div>\n<div class=\"x14z9mp xat24cr x1lziwak x1vvkbs xtlvy1s x126k92a\">\n<div dir=\"auto\" style=\"text-align: justify;\"><em>Jenny van Bree<\/em><\/div>\n<\/div>\n","protected":false},"excerpt":{"rendered":"<p>ABER: &#8222;Wir werden weiterhin die Firma Lumina Records Music &amp; Video Production betreiben und f\u00fcr euch und unsere K\u00fcnstler aus<\/p>\n","protected":false},"author":2,"featured_media":244387,"comment_status":"open","ping_status":"closed","sticky":false,"template":"","format":"standard","meta":{"_FSMCFIC_featured_image_caption":"","_FSMCFIC_featured_image_nocaption":"","_FSMCFIC_featured_image_hide":""},"categories":[28,39],"tags":[1214],"acf":[],"_links":{"self":[{"href":"https:\/\/smago.de\/ws2\/wp-json\/wp\/v2\/posts\/244386"}],"collection":[{"href":"https:\/\/smago.de\/ws2\/wp-json\/wp\/v2\/posts"}],"about":[{"href":"https:\/\/smago.de\/ws2\/wp-json\/wp\/v2\/types\/post"}],"author":[{"embeddable":true,"href":"https:\/\/smago.de\/ws2\/wp-json\/wp\/v2\/users\/2"}],"replies":[{"embeddable":true,"href":"https:\/\/smago.de\/ws2\/wp-json\/wp\/v2\/comments?post=244386"}],"version-history":[{"count":2,"href":"https:\/\/smago.de\/ws2\/wp-json\/wp\/v2\/posts\/244386\/revisions"}],"predecessor-version":[{"id":244389,"href":"https:\/\/smago.de\/ws2\/wp-json\/wp\/v2\/posts\/244386\/revisions\/244389"}],"wp:featuredmedia":[{"embeddable":true,"href":"https:\/\/smago.de\/ws2\/wp-json\/wp\/v2\/media\/244387"}],"wp:attachment":[{"href":"https:\/\/smago.de\/ws2\/wp-json\/wp\/v2\/media?parent=244386"}],"wp:term":[{"taxonomy":"category","embeddable":true,"href":"https:\/\/smago.de\/ws2\/wp-json\/wp\/v2\/categories?post=244386"},{"taxonomy":"post_tag","embeddable":true,"href":"https:\/\/smago.de\/ws2\/wp-json\/wp\/v2\/tags?post=244386"}],"curies":[{"name":"wp","href":"https:\/\/api.w.org\/{rel}","templated":true}]}}