{"id":244053,"date":"2025-07-02T00:00:56","date_gmt":"2025-07-01T22:00:56","guid":{"rendered":"https:\/\/smago.de\/ws2\/?p=244053"},"modified":"2025-07-01T20:38:33","modified_gmt":"2025-07-01T18:38:33","slug":"olaf-berger-mamacita-ein-musikalischer-kurzurlaub-mit-spanischem-flair","status":"publish","type":"post","link":"https:\/\/smago.de\/ws2\/ost-schlager\/olaf-berger-mamacita-ein-musikalischer-kurzurlaub-mit-spanischem-flair\/","title":{"rendered":"OLAF BERGER <bgr>&#8222;Mamacita&#8220;: Ein musikalischer Kurzurlaub mit spanischem Flair!"},"content":{"rendered":"<p>Olaf Berger pr\u00e4sentiert ab dem 11.07.2025 seine neue Single &#8222;Mamacita&#8220;!<br \/>\n<!--more--><\/p>\n<p>&nbsp;<\/p>\n<p style=\"text-align: justify;\">\n<p>Mit seiner brandneuen Single \u201eMamacita\u201c \u00fcberrascht OLAF BERGER erneut sein Publikum und sorgt f\u00fcr sommerliche Stimmung. Es geht auf eine klangvolle Reise in den sonnigen S\u00fcden \u2013 begleitet von temperamentvollen Gitarrenkl\u00e4ngen und beschwingten Rhythmen im spanischen Stil.<\/p>\n<p>\u201eMamacita\u201c vereint Olaf Bergers unverwechselbaren Sound mit einem Hauch mediterraner Lebensfreude. Die pulsierende Melodie und das lebendige Arrangement laden sofort zum Tanzen, Tr\u00e4umen und Mitsingen ein. Es entsteht ein musikalisches Urlaubsgef\u00fchl, das die W\u00e4rme und Leidenschaft Spaniens sp\u00fcrbar macht. \u201eMamacita\u201c ist mehr als nur ein Song: Es ist ein Feel-Good-Track, der das Urlaubsfeeling direkt in die Playlist bringt \u2013 der ideale Soundtrack f\u00fcr laue Sommerabende.<\/p>\n<p>Jetzt reinh\u00f6ren und den Sommer mit \u201eMamacita\u201c von Olaf Berger feiern!<\/p>\n","protected":false},"excerpt":{"rendered":"<p>Olaf Berger pr\u00e4sentiert ab dem 11.07.2025 seine neue Single &#8222;Mamacita&#8220;!<\/p>\n","protected":false},"author":2,"featured_media":244054,"comment_status":"open","ping_status":"closed","sticky":false,"template":"","format":"standard","meta":{"_FSMCFIC_featured_image_caption":"","_FSMCFIC_featured_image_nocaption":"","_FSMCFIC_featured_image_hide":""},"categories":[25,39],"tags":[361],"acf":[],"_links":{"self":[{"href":"https:\/\/smago.de\/ws2\/wp-json\/wp\/v2\/posts\/244053"}],"collection":[{"href":"https:\/\/smago.de\/ws2\/wp-json\/wp\/v2\/posts"}],"about":[{"href":"https:\/\/smago.de\/ws2\/wp-json\/wp\/v2\/types\/post"}],"author":[{"embeddable":true,"href":"https:\/\/smago.de\/ws2\/wp-json\/wp\/v2\/users\/2"}],"replies":[{"embeddable":true,"href":"https:\/\/smago.de\/ws2\/wp-json\/wp\/v2\/comments?post=244053"}],"version-history":[{"count":1,"href":"https:\/\/smago.de\/ws2\/wp-json\/wp\/v2\/posts\/244053\/revisions"}],"predecessor-version":[{"id":244055,"href":"https:\/\/smago.de\/ws2\/wp-json\/wp\/v2\/posts\/244053\/revisions\/244055"}],"wp:featuredmedia":[{"embeddable":true,"href":"https:\/\/smago.de\/ws2\/wp-json\/wp\/v2\/media\/244054"}],"wp:attachment":[{"href":"https:\/\/smago.de\/ws2\/wp-json\/wp\/v2\/media?parent=244053"}],"wp:term":[{"taxonomy":"category","embeddable":true,"href":"https:\/\/smago.de\/ws2\/wp-json\/wp\/v2\/categories?post=244053"},{"taxonomy":"post_tag","embeddable":true,"href":"https:\/\/smago.de\/ws2\/wp-json\/wp\/v2\/tags?post=244053"}],"curies":[{"name":"wp","href":"https:\/\/api.w.org\/{rel}","templated":true}]}}