{"id":242980,"date":"2025-06-12T17:39:31","date_gmt":"2025-06-12T15:39:31","guid":{"rendered":"https:\/\/smago.de\/ws2\/?p=242980"},"modified":"2025-06-12T17:39:31","modified_gmt":"2025-06-12T15:39:31","slug":"jay-khan-neue-single-tausendmal-ab-13-06-2025-erhaeltlich","status":"publish","type":"post","link":"https:\/\/smago.de\/ws2\/pop-schlager\/jay-khan-neue-single-tausendmal-ab-13-06-2025-erhaeltlich\/","title":{"rendered":"JAY KHAN <br>Neue Single &#8222;Tausendmal&#8220; ab 13.06.2025 erh\u00e4ltlich!"},"content":{"rendered":"<p>Das Album &#8222;Verdammt!&#8220; folgt am 11. Juli!<br \/>\n<!--more--><\/p>\n<p>&nbsp;<\/p>\n<p style=\"text-align: justify;\">\n<p style=\"text-align: justify;\">\n<p style=\"text-align: justify;\">Wenige Wochen vor dem gro\u00dfen Doppel-Release (Solo-Deb\u00fctalbum + Autobiografie!) pr\u00e4sentiert <strong>JAY KHAN<\/strong> eine weitere Facette seines aktuellen Popschlager-Sounds: Die neue Single <strong>\u201eTausendmal\u201c<\/strong> pulsiert zwischen Friendzone &amp; mehr. Das dazugeh\u00f6rige Album <strong>\u201eVerdammt!\u201c <\/strong>erscheint am <strong>11. Juli 2025<\/strong> und ist auch als limitierte Fanbox-Edition erh\u00e4ltlich!<\/p>\n<p style=\"text-align: justify;\">Auf die hunderttausendfach gestreamten Singles <i>\u201eMein Stern\u201c<\/i>, <i>\u201eBauchgef\u00fchl\u201c<\/i> und <i>\u201eVerdammt\u201c<\/i> lie\u00df der Boyband-Titan zuletzt nicht nur <i>\u201eDieser Kuss\u201c<\/i> folgen, sondern startete zusammen mit <i>Mola Adebisi <\/i>auch noch ein Podcast-Abenteuer unter dem Motto <i>\u201eDirty Pop\u201c<\/i>. Nun geht der Album-Countdown weiter, denn mit <strong>\u201eTausendmal\u201c <\/strong>pr\u00e4sentiert der geb\u00fcrtige Brite den n\u00e4chsten Vorgeschmack auf den <strong>\u201eVerdammt!\u201c<\/strong>-Longplayer, zu dem es im Herbst auch eine exklusive Live-Show in D\u00fcsseldorf geben wird. Vorbestellungen des neuen Albums, das am <strong>11. Juli 2025<\/strong> erscheint, sind bereits m\u00f6glich.<\/p>\n<p style=\"text-align: justify;\">Ging\u2019s schon auf der Vorg\u00e4ngersingle (<i>\u201eDieser Kuss\u201c<\/i>) um ein gef\u00e4hrlich-verlockendes Spiel, das keiner gewinnen kann, will Jay Khan dieses Mal voll ins Risiko gehen \u2013 obwohl noch viel mehr auf dem Spiel steht! In jedem Fall hat er genug von der platonischen Friendzone: <i>\u201e\u2026 ich tr\u00e4um jeden Tag von dir\u201c<\/i>, stellt er gleich zu Beginn klar und macht deutlich, dass er mehr will, <i>\u201ef\u00fcr immer\u201c<\/i> n\u00e4mlich, und zwar <i>\u201enur mit dir\u201c<\/i>! Die Beharrlichkeit und sein viel zu stark pochendes Herz spiegelt auch das eindringliche Mid Tempo-Arrangement wider, das <strong>Jay<\/strong> zusammen mit seinem Co-Producer <i>Mark Tabak <\/i>geschrieben hat: Dramatische Synthies, l\u00e4ssige Background-Ges\u00e4nge und elektrisierende Eighties-Referenzen rahmen das emotionale Drama ein \u2013 <i>\u201etausendmal stand mein Herz schon in Flammen, wegen dir, wegen dir, wegen dir!\u201c\u00a0<\/i><\/p>\n<p style=\"text-align: justify;\"><i>\u201e\u2026 wie oft hab ich gesagt: lass es uns doch mal probieren\u201c<\/i>, startet er noch einen Anlauf, um diese Freundschaft in etwas Festes zu verwandeln \u2013 auch wenn er sich schon so oft daran verbrannt hat, immer wieder mit pl\u00f6tzlichen K\u00e4lteschocks klarkommen musste. Zwischen zeitlosem Synthie-Pop und pulsierendem Popschlager-Zeitgeist will <strong>Jay Khan<\/strong> ganz klar den n\u00e4chsten Schritt machen. Zumindest klanglich m\u00fcndet alles in ein Happy End, denn: von Melancholie keine Spur\u2026<\/p>\n<p style=\"text-align: justify;\">F\u00fcr das dazugeh\u00f6rige Solodeb\u00fct <strong>\u201eVerdammt!\u201c <\/strong>hat Jay insgesamt 20 Titel aufgenommen, um auch wirklich s\u00e4mtliche Facetten seines Popschlager-Begriffs zu pr\u00e4sentieren. W\u00e4hrend die Fans die komplette Story in der etwa zeitgleich erscheinenden Autobiografie <i>\u201eTariq &amp; Ich \u2013 Lieben und L\u00fcgen meines Lebens\u201c<\/i> (V\u00d6: 17.07.2025) nachlesen k\u00f6nnen, h\u00e4lt die erweiterte Fanbox-Edition (2 CDs!) obendrein reichlich Bonusmaterial bereit \u2013 f\u00fcr Karaoke-Partys und US5-Nostalgie-Trips! Die gro\u00dfe Live-Premiere von \u201eVerdammt!\u201c findet \u00fcbrigens in D\u00fcsseldorf statt:<i> \u201eDAS WIRD VERDAMMT GUT!\u201c<\/i>, freute sich <strong>Jay<\/strong> k\u00fcrzlich in den Socials, als er die Details <i>(20.09.2025, Schlager Caf\u00e9 D\u00fcsseldorf, plus Stargast Anna-Carina Woitschack \u2013 inklusive Meet &amp; Greet!)<\/i> der Show bekannt gab, zu der es auch Ticket \/ CD-Bundles gibt.<\/p>\n<p style=\"text-align: justify;\">Geboren in London, zog <strong>Jay Khan<\/strong> noch vor der Einschulung mit seiner Familie nach Berlin, wo er schon als Teenager erste Kontakte in die Musikwelt kn\u00fcpfen konnte. Da die ersten Erfolge als Songwriter nicht lange auf sich warten lie\u00dfen, wurde aus der angedachten Sportlerkarriere und dem Journalismus-Studium zum Gl\u00fcck doch nichts: Zum Platin-Deb\u00fctalbum der Boyband Overground steuerte Jay im Jahr 2003 allein sieben Songs bei. Sein eigener musikalischer Durchbruch gelang ihm schon zwei Jahre sp\u00e4ter als Band-Mitglied der von <i>Lou Pearlman<\/i> (Backstreet Boys &amp; N\u2019Sync) gegr\u00fcndeten Boyband US5, die weltweit \u00fcber 12 Millionen Tontr\u00e4ger verkaufte und allein in Deutschland neun Top-10-Hits (!) landen konnte. <strong>Jay Khan <\/strong>war dabei nicht nur Band-Mitglied, sondern auch als Songwriter (u.a. die auch in den USA vergoldete #1-Single<i> \u201eMaria&#8220;<\/i>) ma\u00dfgeblich am Erfolg vom US5 beteiligt. Nach der Aufl\u00f6sung der Boygroup entdeckte <strong>Jay Khan<\/strong> seine Liebe zum Schlager und konnte mit seinem eigenen Label Neuland Entertainment zahlreiche Top-10-Erfolge in den offiziellen konservativen Radio-Charts feiern. Dazu schrieb er weiterhin auch anderen K\u00fcnstler:innen Hits auf den Leib (z.B. <i>Maite Kellys<\/i> <i>\u201eHeute Nacht f\u00fcr immer\u201c<\/i>, 2018). Ins aktuelle Jahrzehnt startete er mit <i>TEAM 5\u00dcNF<\/i>, deren Alben <i>\u201eF\u00fcr die Ewigkeit\u201c<\/i> (#9, 2023) und <i>\u201eEinmal Boyband und zur\u00fcck\u201c <\/i>(#20, 2021) sich erfolgreich in den vorderen R\u00e4ngen der deutschen Album Charts platzieren konnten. Mit der explosiven ersten Single <i>\u201eMein Stern\u201c<\/i>, die er \u00fcbrigens seiner Gro\u00dfmutter gewidmet hat, schlug <strong>Jay Khan <\/strong>zuletzt das aktuelle Solokapitel auf und lie\u00df darauf wenig sp\u00e4ter weitere Singles wie <i>\u201eBauchgef\u00fchl\u201c<\/i> und den Titelsong <i>\u201eVerdammt\u201c<\/i> folgen. Das neue Album <strong>\u201eVerdammt!\u201c<\/strong> erscheint am <strong>11. Juli 2025<\/strong>.<\/p>\n<p style=\"text-align: justify;\">\n<p style=\"text-align: justify;\">Die Single <strong>&#8222;Tausendmal\u201c <\/strong>von <strong>Jay Khan<\/strong> erscheint am<strong> 13.06.2025<\/strong> bei <strong>TELAMO<\/strong>.<\/p>\n","protected":false},"excerpt":{"rendered":"<p>Das Album &#8222;Verdammt!&#8220; folgt am 11. Juli!<\/p>\n","protected":false},"author":2,"featured_media":242981,"comment_status":"open","ping_status":"closed","sticky":false,"template":"","format":"standard","meta":{"_FSMCFIC_featured_image_caption":"","_FSMCFIC_featured_image_nocaption":"","_FSMCFIC_featured_image_hide":""},"categories":[28],"tags":[165],"acf":[],"_links":{"self":[{"href":"https:\/\/smago.de\/ws2\/wp-json\/wp\/v2\/posts\/242980"}],"collection":[{"href":"https:\/\/smago.de\/ws2\/wp-json\/wp\/v2\/posts"}],"about":[{"href":"https:\/\/smago.de\/ws2\/wp-json\/wp\/v2\/types\/post"}],"author":[{"embeddable":true,"href":"https:\/\/smago.de\/ws2\/wp-json\/wp\/v2\/users\/2"}],"replies":[{"embeddable":true,"href":"https:\/\/smago.de\/ws2\/wp-json\/wp\/v2\/comments?post=242980"}],"version-history":[{"count":1,"href":"https:\/\/smago.de\/ws2\/wp-json\/wp\/v2\/posts\/242980\/revisions"}],"predecessor-version":[{"id":242982,"href":"https:\/\/smago.de\/ws2\/wp-json\/wp\/v2\/posts\/242980\/revisions\/242982"}],"wp:featuredmedia":[{"embeddable":true,"href":"https:\/\/smago.de\/ws2\/wp-json\/wp\/v2\/media\/242981"}],"wp:attachment":[{"href":"https:\/\/smago.de\/ws2\/wp-json\/wp\/v2\/media?parent=242980"}],"wp:term":[{"taxonomy":"category","embeddable":true,"href":"https:\/\/smago.de\/ws2\/wp-json\/wp\/v2\/categories?post=242980"},{"taxonomy":"post_tag","embeddable":true,"href":"https:\/\/smago.de\/ws2\/wp-json\/wp\/v2\/tags?post=242980"}],"curies":[{"name":"wp","href":"https:\/\/api.w.org\/{rel}","templated":true}]}}