{"id":242958,"date":"2025-06-12T23:58:16","date_gmt":"2025-06-12T21:58:16","guid":{"rendered":"https:\/\/smago.de\/ws2\/?p=242958"},"modified":"2025-06-12T10:36:55","modified_gmt":"2025-06-12T08:36:55","slug":"gabriel-kelly-u-a-fr-13-06-2025-in-der-ndr-talk-show-zu-gast","status":"publish","type":"post","link":"https:\/\/smago.de\/ws2\/pop\/gabriel-kelly-u-a-fr-13-06-2025-in-der-ndr-talk-show-zu-gast\/","title":{"rendered":"GABRIEL KELLY u.a. <br>Fr. (13.06.2025) in der &#8222;NDR Talk Show&#8220; zu Gast!"},"content":{"rendered":"<p style=\"text-align: justify;\">NDR Fernsehen + HR Fernsehen, 22:00 Uhr &#8211; 00:00 Uhr! Moderation: Barbara Sch\u00f6neberger und Hubertus Meyer-Burckhardt!<!--more--><\/p>\n<p>&nbsp;<\/p>\n<p>&nbsp;<\/p>\n<p>&nbsp;<\/p>\n<p style=\"text-align: justify;\">Barbara Sch\u00f6neberger und Hubertus Meyer-Burckhardt begr\u00fc\u00dfen in der NDR Talk Show aus Hamburg folgende G\u00e4ste &#8230;:<\/p>\n<p>&nbsp;<\/p>\n<p>&nbsp;<\/p>\n<p>&nbsp;<\/p>\n<h2 style=\"text-align: justify;\">Jan Ullrich und Rick Zabel, Sportler und Podcaster<\/h2>\n<div class=\"contentimage w50\" style=\"text-align: justify;\"><\/div>\n<p style=\"text-align: justify;\">Radsport-Legende Jan Ullrich und der ehemalige Rad-Profi und Social Media Influencer Rick Zabel machen gemeinsame Sache: Mit ihrem Podcast &#8222;Ulle und Rick&#8220; wollen sie ihre Zuh\u00f6rer und Zuh\u00f6rerinnen f\u00fcr den Radsport begeistern. Mit gro\u00dfem Humor und voller Leidenschaft erz\u00e4hlen die beiden von ihren Erlebnissen und Erfahrungen rund ums Rad. Jan Ullrich ist eine Radsport-Legende und der erste und bisher einzige Deutsche, der 1997 die Tour de France gewinnt. Dann der Absturz: Dopingskandale, Alkohol- und Drogenexzesse, bevor es ihm gelingt, sich wieder zu fangen. Rick Zabel ist der Sohn des Radrennsportlers Erik Zabel und verschreibt sich wie sein Vater dem Radsport. Mittlerweile ist er erfolgreich in den Sozialen Medien aktiv. Was &#8222;Ulle und Rick&#8220; verbindet und wie sie sich gegenseitig inspirieren, erz\u00e4hlen die Sportler in der NDR Talk Show.<\/p>\n<p>&nbsp;<\/p>\n<p>&nbsp;<\/p>\n<p>&nbsp;<\/p>\n<h2 style=\"text-align: justify;\">Peter Tauber, Unternehmer<\/h2>\n<div class=\"contentimage w50\" style=\"text-align: justify;\"><\/div>\n<p style=\"text-align: justify;\">Er hat einen steilen politischen Aufstieg hinter sich, der geb\u00fcrtige Hesse und promovierte Historiker Peter Tauber. Zw\u00f6lf Jahre ist er Mitglied des Bundestages, arbeitet als CDU-Generalsekret\u00e4r und Parlamentarischer Staatssekret\u00e4r. 2017 wird er schwer krank und beschlie\u00dft im April 2021, seine politische Laufbahn zu beenden. Er wei\u00df, was es hei\u00dft, hinzufallen und wieder aufzustehen. Was ihm dabei hilft, ist das Laufen. &#8222;Beim Laufen bist du im Hier und Jetzt. Das tut gut!&#8220;, sagt der leidenschaftliche Sportler. In seinem Buch &#8222;Lauf los&#8220; schildert er die Kraft des Laufens, die ihm geholfen hat, Krisen und Herausforderungen zu meistern. Vertrauen ins Leben gibt ihm aber auch sein christlicher Glaube. Der engagierte Reserveoffizier und selbstst\u00e4ndige Berater hat die Koordinaten seiner Heimatkirche auf seinen Arm t\u00e4towiert. Wie sein innerer Kompass funktioniert, erz\u00e4hlt Peter Tauber in der NDR Talk Show.<\/p>\n<p>&nbsp;<\/p>\n<p>&nbsp;<\/p>\n<p>&nbsp;<\/p>\n<h2 style=\"text-align: justify;\">Jan &#8222;Monchi&#8220; Gorkow, &#8222;Feine Sahne Fischfilet&#8220;-S\u00e4nger<\/h2>\n<div class=\"contentimage w50\" style=\"text-align: justify;\"><\/div>\n<p style=\"text-align: justify;\">Der Punks\u00e4nger Monchi hat in 37 Jahren schon eine Menge erlebt. Besonders in seinen jungen Jahren ist Gorkow ein Mann der Extreme. Als Jugendlicher tritt er in die Hooligan-Szene Hansa Rostocks ein, mit 19 z\u00fcndet er ein Polizeiauto an und kassierte eine Bew\u00e4hrungsstrafe. &#8222;Mein gr\u00f6\u00dftes Ziel war nicht, das Abi zu machen, sondern 34 Spiele in der Saison zu sehen. Damals fand ich das total schlau. Jetzt denke ich, das war selten d\u00e4mlich&#8220;, sagt er heute. Mit seiner Band &#8222;Feine Sahne Fischfilet&#8220; singt Jan Gorkow alias Monchi gegen Rechts. Wie die Musik ihm geholfen hat, sein Gleichgewicht zu finden, und warum er \u00fcber 65 Kilo abgenommen hat, das erz\u00e4hlt Monchi in der NDR Talk Show.<\/p>\n<p>&nbsp;<\/p>\n<p>&nbsp;<\/p>\n<p>&nbsp;<\/p>\n<h2 style=\"text-align: justify;\">Gabriel Kelly, Musiker<\/h2>\n<div class=\"contentimage w50\" style=\"text-align: justify;\"><\/div>\n<p style=\"text-align: justify;\">Der Name Kelly ist Programm und Gabriel Kelly sp\u00e4testens seit seinem Sieg bei &#8222;Let&#8217;s Dance&#8220; im vergangenen Jahr auch als Tanztalent bekannt. Aber schon in der Zeit davor beweist der \u00e4lteste Sohn von Angelo Kelly Rhythmusgef\u00fchl und Leidenschaft f\u00fcr Musik. Erst singt er in der Familienband des Vaters, mit 18 zieht er dann aus der irischen Heimat nach Norddeutschland und startet seine Karriere als Solo-Musiker. Dabei setzt er vor allem auf Deutschrap und Rock. Nun erscheint sein Deb\u00fctalbum. Warum sich der 23-J\u00e4hrige darauf auch von seiner verletzlichen Seite zeigt, was er von seiner &#8222;Let&#8217;s Dance&#8220;-Reise f\u00fcr sich mitgenommen hat und wie es f\u00fcr ihn ist, eigene Wege zu gehen, das erz\u00e4hlt Gabriel Kelly in der NDR Talk Show.<\/p>\n<h2><\/h2>\n<h2><\/h2>\n<h2 style=\"text-align: justify;\">Caroline Philipp, Drillingsmutter<\/h2>\n<div class=\"contentimage w50\" style=\"text-align: justify;\"><\/div>\n<p style=\"text-align: justify;\">Ein drittes Geschwisterchen f\u00fcr ihre beiden Kleinen &#8211; das w\u00fcnschten sich die Hamburgerin Caroline und ihr Mann. Doch beim Ultraschall kommt die gro\u00dfe \u00dcberraschung: Sie erwarten Drillinge! Eine echte Seltenheit, denn ohne k\u00fcnstliche Befruchtung liegt die Wahrscheinlichkeit daf\u00fcr bei gerade mal 1 zu 10.000. Auf die frohe Kunde und den Schock folgen Komplikationen: Caroline erkrankt kurz vor der Geburt gleichzeitig an Grippe und Corona. Die werdende Mama muss im Krankenhaus isoliert werden. Zum Gl\u00fcck bleibt der Infekt ohne Folgen f\u00fcr die Babys. Am 21. Februar, in der 34. Schwangerschaftswoche, kommen die Drillinge Liv, \u00c9my und Lucien gesund zur Welt. \u00dcber Wendepunkte im Leben, ein schlafloses Leben und das Gl\u00fcck hoch f\u00fcnf berichtet Caroline in der NDR Talk Show.<\/p>\n<p>&nbsp;<\/p>\n<p>&nbsp;<\/p>\n<p>&nbsp;<\/p>\n<h2 style=\"text-align: justify;\">Evelyn Burdecki, Moderatorin, Entertainerin und Schauspielerin<\/h2>\n<div class=\"contentimage w50\" style=\"text-align: justify;\"><\/div>\n<p style=\"text-align: justify;\">Diese Frau hat sich den Traum &#8222;von der Tellerw\u00e4scherin zur Million\u00e4rin&#8220; beinahe buchst\u00e4blich erf\u00fcllt: Evelyn Burdecki arbeitet lange als Kellnerin, bevor ihre Teilnahme an Reality-TV-Shows ihr Leben ver\u00e4ndert. Nur zehn Minuten Sendezeit in der Dating-Show &#8222;Der Bachelor&#8220; werden f\u00fcr sie zum Sprungbrett. Mit legend\u00e4ren Spr\u00fcchen und ihrer lebensfrohen Art bleibt sie dem Publikum im Ged\u00e4chtnis, wird sp\u00e4ter Dschungelk\u00f6nigin und ist mittlerweile eine sehr erfolgreiche Unternehmerin. Die D\u00fcsseldorferin ist gern gesehener Gast in den gr\u00f6\u00dften TV-Shows und l\u00e4sst auf Social Media fast 900.000 Follower*innen an ihrem Alltag teilhaben. &#8222;Ich habe einfach nur gemacht&#8220;, sagt die Entertainerin, wenn man sie nach ihrem beruflichen Konzept fragt. Ihr Erfolgsgeheimnis sei es, einfach immer untersch\u00e4tzt zu werden, so die 36-J\u00e4hrige. Wie ihr Weg zum echten Medienph\u00e4nomen f\u00fcr sie war, wie wichtig der Glaube in ihrem Leben ist und welche Tr\u00e4ume sie sich noch erf\u00fcllen will, erz\u00e4hlt Evelyn Burdecki in der NDR Talk Show.<\/p>\n","protected":false},"excerpt":{"rendered":"<p>NDR Fernsehen + HR Fernsehen, 22:00 Uhr &#8211; 00:00 Uhr! Moderation: Barbara Sch\u00f6neberger und Hubertus Meyer-Burckhardt!<\/p>\n","protected":false},"author":2,"featured_media":242959,"comment_status":"open","ping_status":"closed","sticky":false,"template":"","format":"standard","meta":{"_FSMCFIC_featured_image_caption":"","_FSMCFIC_featured_image_nocaption":"","_FSMCFIC_featured_image_hide":""},"categories":[27,29,128],"tags":[254],"acf":[],"_links":{"self":[{"href":"https:\/\/smago.de\/ws2\/wp-json\/wp\/v2\/posts\/242958"}],"collection":[{"href":"https:\/\/smago.de\/ws2\/wp-json\/wp\/v2\/posts"}],"about":[{"href":"https:\/\/smago.de\/ws2\/wp-json\/wp\/v2\/types\/post"}],"author":[{"embeddable":true,"href":"https:\/\/smago.de\/ws2\/wp-json\/wp\/v2\/users\/2"}],"replies":[{"embeddable":true,"href":"https:\/\/smago.de\/ws2\/wp-json\/wp\/v2\/comments?post=242958"}],"version-history":[{"count":2,"href":"https:\/\/smago.de\/ws2\/wp-json\/wp\/v2\/posts\/242958\/revisions"}],"predecessor-version":[{"id":242961,"href":"https:\/\/smago.de\/ws2\/wp-json\/wp\/v2\/posts\/242958\/revisions\/242961"}],"wp:featuredmedia":[{"embeddable":true,"href":"https:\/\/smago.de\/ws2\/wp-json\/wp\/v2\/media\/242959"}],"wp:attachment":[{"href":"https:\/\/smago.de\/ws2\/wp-json\/wp\/v2\/media?parent=242958"}],"wp:term":[{"taxonomy":"category","embeddable":true,"href":"https:\/\/smago.de\/ws2\/wp-json\/wp\/v2\/categories?post=242958"},{"taxonomy":"post_tag","embeddable":true,"href":"https:\/\/smago.de\/ws2\/wp-json\/wp\/v2\/tags?post=242958"}],"curies":[{"name":"wp","href":"https:\/\/api.w.org\/{rel}","templated":true}]}}