{"id":242829,"date":"2025-06-08T20:47:27","date_gmt":"2025-06-08T18:47:27","guid":{"rendered":"https:\/\/smago.de\/ws2\/?p=242829"},"modified":"2025-06-08T20:50:02","modified_gmt":"2025-06-08T18:50:02","slug":"carlo-von-tiedemann-carlo-von-tiedemann-ist-tot","status":"publish","type":"post","link":"https:\/\/smago.de\/ws2\/schlager\/carlo-von-tiedemann-carlo-von-tiedemann-ist-tot\/","title":{"rendered":"CARLO VON TIEDEMANN <br>Carlo von Tiedemann ist tot!"},"content":{"rendered":"<p style=\"text-align: justify;\">Er wurde 81 Jahre alt!<br \/>\n<!--more--><\/p>\n<p>&nbsp;<\/p>\n<p>&nbsp;<\/p>\n<p>&nbsp;<\/p>\n<div style=\"text-align: justify;\">CARLO VON TIEDEMANN (b\u00fcrgerlich: Carl Ferdinand Hanns-Joachim Franz-Friedrich von Tiedemann; * 20. Oktober 1943 in Stargard in Pommern; \u2020 8. Juni 2025 in Hamburg) war ein deutscher Rundfunk- und Fernsehredakteur und Moderator.<\/div>\n<div style=\"text-align: justify;\"><\/div>\n<div style=\"text-align: justify;\"><\/div>\n<div><\/div>\n<div style=\"text-align: justify;\"><\/div>\n<div style=\"text-align: justify;\"><strong>Leben<\/strong><\/div>\n<div style=\"text-align: justify;\"><\/div>\n<div style=\"text-align: justify;\"><\/div>\n<div style=\"text-align: justify;\"><\/div>\n<div style=\"text-align: justify;\">\n<p>Carlo von Tiedemann war der Sohn des Generalleutnants Carl von Tiedemann (1878\u20131979) und dessen dritter Ehefrau Fides von Tiedemann, geb. von Kleist (1910\u20131980). Er geh\u00f6rte somit zum gleichnamigen Adelsgeschlecht. Er war zudem ein entfernter Verwandter des Schriftstellers Heinrich von Kleist. Nach seiner Schulzeit absolvierte er zun\u00e4chst beim Axel-Springer-Verlag eine Ausbildung zum Verlagskaufmann, bevor er ein zweij\u00e4hriges Volontariat bei der Cuxhavener Allgemeinen begann. Anschlie\u00dfend arbeitete er vier Jahre als Journalist beim Hamburger Abendblatt, bevor er f\u00fcr drei Jahre als Korrespondent f\u00fcr den Springer-Auslandsdienst (SAD) nach Buenos Aires ging. Seit 1971 arbeitete er f\u00fcr den Norddeutschen Rundfunk (NDR).<\/p>\n<\/div>\n<div style=\"text-align: justify;\">\n<p>Von Tiedemann war von 1980 bis 1988 mit Doroth\u00e9e Mattern verheiratet. W\u00e4hrend der Partnerschaft mit seiner erst sp\u00e4ter, im Oktober 2012, angetrauten Frau, lebte er zeitweise in Quickborn. Er hatte aus drei verschiedenen Beziehungen einen Sohn und drei T\u00f6chter, darunter die Journalistin Theresa P\u00f6hls.<\/p>\n<\/div>\n<div style=\"text-align: justify;\">\n<p>Er hatte mit schweren gesundheitlichen Problemen zu k\u00e4mpfen: In seiner Jugend \u00fcberstand er die Kinderl\u00e4hmung, was mit langfristigen Krankenhausaufenthalten verbunden war. Er litt zudem an zwei Hirntumoren. Sp\u00e4ter geriet er aufgrund von Alkohol- und Kokain-Exzessen in die Schlagzeilen und warnte zuletzt \u2013 vor dem Hintergrund eigener Erfahrungen \u2013 \u00f6ffentlich vor Spielsucht und \u00dcberschuldung. Seit 2021 litt Tiedemann an Amyloidose, einer seltenen Herzkrankheit, f\u00fcr die ihm ein Herzschrittmacher eingesetzt wurde. Anfang des Jahres 2024 musste er aufgrund einer bakteriellen Infektion infolge einer Lungenentz\u00fcndung erneut zweimal operiert werden.<\/p>\n<\/div>\n<div style=\"text-align: justify;\">Carlo von Tiedemann starb am Pfingstsonntag 2025 im Alter von 81 Jahren in Hamburg.<\/div>\n<div style=\"text-align: justify;\"><\/div>\n<div style=\"text-align: justify;\"><\/div>\n<div style=\"text-align: justify;\"><\/div>\n<div style=\"text-align: justify;\"><\/div>\n<div style=\"text-align: justify;\"><\/div>\n<div style=\"text-align: justify;\"><strong>T\u00e4tigkeit als Moderator<\/strong><\/div>\n<div style=\"text-align: justify;\"><\/div>\n<div style=\"text-align: justify;\"><\/div>\n<div style=\"text-align: justify;\">F\u00fcr das Publikum stand Carlo von Tiedemann in erster Linie mit zahlreichen Fernsehshows in Verbindung, die \u00fcberwiegend im Regionalprogramm ausgestrahlt werden. Insbesondere sind dies die Sendungen<\/div>\n<div style=\"text-align: justify;\">\u2022Aktuelle Schaubude (1977\u20131988, 1997\u20132004)<\/div>\n<div style=\"text-align: justify;\">\u2022Show &amp; Co. mit Carlo (ZDF, 1984\u20131986)<\/div>\n<div style=\"text-align: justify;\">\u2022Lachen macht Spa\u00df<\/div>\n<div style=\"text-align: justify;\">\u2022Eurotops<\/div>\n<div style=\"text-align: justify;\">\u2022Deutscher Musikladen<\/div>\n<div style=\"text-align: justify;\">\u2022Gro\u00dfe Hafenrundfahrt<\/div>\n<div style=\"text-align: justify;\">\u2022Gro\u00dfe Show f\u00fcr kleine Leute (ZDF, 1984)[8]<\/div>\n<div style=\"text-align: justify;\">\u2022DAS!<\/div>\n<div style=\"text-align: justify;\">\u2022Tipps f\u00fcr das Wochenende: Was ist los in Hamburg?<\/div>\n<div style=\"text-align: justify;\">\u2022Lachen mit \u2026<\/div>\n<div style=\"text-align: justify;\">\u2022Gro\u00dfe Freiheit<\/div>\n<div style=\"text-align: justify;\">\u2022NDR Talk Show (1989, 2 Folgen)<\/div>\n<div style=\"text-align: justify;\">\u2022NDR-Quizshow<\/div>\n<div style=\"text-align: justify;\"><\/div>\n<div style=\"text-align: justify;\"><\/div>\n<div style=\"text-align: justify;\">\n<p>Dar\u00fcber hinaus gestaltete von Tiedemann verschiedene Radiosendungen des Norddeutschen Rundfunks. Von 1971 bis 1997 moderierte er bei NDR 2 und von 1997 bis 2023 bei NDR 90,3. Dort war er werktags Moderator der Sendung &#8222;Hamburg am Mittag&#8220; und sonnabends in der Show &#8222;Gro\u00dfe Freiheit&#8220; zu h\u00f6ren. Aufgrund seiner gesundheitlichen Probleme setzte NDR 90,3 von Tiedemann am 1. Juli 2023 das letzte Mal als Live-Moderator ein. Seit August 2023 moderierte er zuletzt Samstag Vormittags bei NDR Schlager.<\/p>\n<\/div>\n<div style=\"text-align: justify;\">\n<p>1980 nahm Carlo von Tiedemann auch eine Platte auf: &#8222;Monte Carlo von Tiedemann&#8220; (erschienen auf Philips).<\/p>\n<\/div>\n<div style=\"text-align: justify;\">\n<p>Von 1984 bis 1987 geh\u00f6rte er zum Rateteam der ZDF-Sendung &#8222;Der Apfel f\u00e4llt nicht weit vom Stamm&#8220;.<\/p>\n<\/div>\n<div style=\"text-align: justify;\">\n<p>Er arbeitete von Mai 1991 bis 1998 als Stadionsprecher im Hamburger Volksparkstadion bei den Heimspielen des Hamburger SV.<\/p>\n<\/div>\n<div style=\"text-align: justify;\">Von M\u00e4rz 2020 bis November 2023 ver\u00f6ffentlichte Tiedemann gemeinsam mit NDR-Redakteurin Steffi Banowski jeden Donnerstag den Podcast &#8222;Grauzone&#8220;, seit Dezember 2020 gemeinsam mit MDR-Th\u00fcringen-Moderator Marko Ramm jeden Freitag bis 13. November 2023 den Podcast &#8222;Wie war die Woche, Alter?&#8220;.<\/div>\n<p style=\"text-align: justify;\">\n","protected":false},"excerpt":{"rendered":"<p>Er wurde 81 Jahre alt!<\/p>\n","protected":false},"author":2,"featured_media":242830,"comment_status":"open","ping_status":"closed","sticky":false,"template":"","format":"aside","meta":{"_FSMCFIC_featured_image_caption":"","_FSMCFIC_featured_image_nocaption":"","_FSMCFIC_featured_image_hide":""},"categories":[29],"tags":[213],"acf":[],"_links":{"self":[{"href":"https:\/\/smago.de\/ws2\/wp-json\/wp\/v2\/posts\/242829"}],"collection":[{"href":"https:\/\/smago.de\/ws2\/wp-json\/wp\/v2\/posts"}],"about":[{"href":"https:\/\/smago.de\/ws2\/wp-json\/wp\/v2\/types\/post"}],"author":[{"embeddable":true,"href":"https:\/\/smago.de\/ws2\/wp-json\/wp\/v2\/users\/2"}],"replies":[{"embeddable":true,"href":"https:\/\/smago.de\/ws2\/wp-json\/wp\/v2\/comments?post=242829"}],"version-history":[{"count":2,"href":"https:\/\/smago.de\/ws2\/wp-json\/wp\/v2\/posts\/242829\/revisions"}],"predecessor-version":[{"id":242832,"href":"https:\/\/smago.de\/ws2\/wp-json\/wp\/v2\/posts\/242829\/revisions\/242832"}],"wp:featuredmedia":[{"embeddable":true,"href":"https:\/\/smago.de\/ws2\/wp-json\/wp\/v2\/media\/242830"}],"wp:attachment":[{"href":"https:\/\/smago.de\/ws2\/wp-json\/wp\/v2\/media?parent=242829"}],"wp:term":[{"taxonomy":"category","embeddable":true,"href":"https:\/\/smago.de\/ws2\/wp-json\/wp\/v2\/categories?post=242829"},{"taxonomy":"post_tag","embeddable":true,"href":"https:\/\/smago.de\/ws2\/wp-json\/wp\/v2\/tags?post=242829"}],"curies":[{"name":"wp","href":"https:\/\/api.w.org\/{rel}","templated":true}]}}