{"id":242649,"date":"2025-06-05T23:59:36","date_gmt":"2025-06-05T21:59:36","guid":{"rendered":"https:\/\/smago.de\/ws2\/?p=242649"},"modified":"2025-06-05T23:41:24","modified_gmt":"2025-06-05T21:41:24","slug":"peter-fox-fr-06-06-2025-rbb-fernsehen-block-party-peter-fox-feiert-mit-berlin","status":"publish","type":"post","link":"https:\/\/smago.de\/ws2\/pop\/peter-fox-fr-06-06-2025-rbb-fernsehen-block-party-peter-fox-feiert-mit-berlin\/","title":{"rendered":"PETER FOX <br>Fr., 06.06.2025, rbb Fernsehen: &#8222;Block Party \u2013 Peter Fox feiert mit Berlin&#8220;!"},"content":{"rendered":"<p style=\"text-align: justify;\">22:00 Uhr &#8211; 23:30 Uhr!<br \/>\n<!--more--><\/p>\n<p>&nbsp;<\/p>\n<p>&nbsp;<\/p>\n<p>&nbsp;<\/p>\n<p style=\"text-align: justify;\">Im Sommer 2024 plant PETER FOX Konzerte f\u00fcr die Bewohner an Berliner Brennpunkten \u2013 kostenlos. An Orten, die oft als Problemviertel betitelt werden: Neuk\u00f6lln, Kreuzberg, Marzahn und Sch\u00f6neberg. Aber jetzt soll hier gefeiert werden: Im Columbiabad, vor dem Wohnpark Pallasseum, im G\u00f6rlitzer Park und in Marzahn soll der Sound von &#8222;Zukunft Pink&#8220;, &#8222;Schwarz zu blau&#8220; und &#8222;Stadtaffe&#8220; erklingen.<\/p>\n<p style=\"text-align: justify;\">Neben Peter Fox stehen drei junge Newcomer im Fokus und sollen ihren ersten gro\u00dfen Auftritt haben: Rapper Kevin (31), S\u00e4ngerin Cerin (16) und Rapper\/Producer Nik (24). Kevin ist aus Neuk\u00f6lln und macht seit seiner Jugend unter dem K\u00fcnstlernamen &#8222;44 Grad&#8220; Musik. Er ist hauptberuflich Erzieher. Cerin ist Sch\u00fclerin in Gropiusstadt. F\u00fcr den Auftritt schreibt sie ihren ersten eigenen Song. Nik wohnt in Marzahn, seitdem er 17 Jahre alt ist. Seine schwierige Kindheit verarbeitet er durch Musik.<\/p>\n<p class=\"p1\" style=\"text-align: justify;\"><span class=\"s1\">Peter Fox zu seiner Mission:<em> \u201eKonzerte, die keinen Eintritt kosten und <\/em><\/span><em><span class=\"s1\">au\u00dferhalb der gewohnten Konzert-Locations stattfinden, haben immer eine ganz besondere <\/span><span class=\"s1\">Energie. Weil sich ein sehr gemischtes Publikum zusammenfindet und sehr intensiv und <\/span><span class=\"s1\">positiv feiert. Diese Energie wollte ich mal wieder erleben. Ich hatte die Hoffnung, dass sich <\/span><span class=\"s1\">Leute begegnen und zusammen Party machen, die sonst in Berlin vielleicht eher aneinander <\/span><span class=\"s1\">vorbei leben. Zum Beispiel die Lehrerin aus Charlottenburg, der Handyladen-Betreiber aus <\/span><span class=\"s1\">Neuk\u00f6lln, die Kids vom Prenzlberg und die Kids von der Sonnenallee.\u201c.<\/span><\/em><\/p>\n<p style=\"text-align: justify;\">\n<p>&nbsp;<\/p>\n<figure id=\"attachment_242651\" aria-describedby=\"caption-attachment-242651\" style=\"width: 800px\" class=\"wp-caption alignnone\"><img decoding=\"async\" loading=\"lazy\" class=\"size-large wp-image-242651\" src=\"https:\/\/smago.de\/ws2\/wp-content\/uploads\/2025\/06\/1_Block_Party_Peter_Fox_feiert_mit_Berlin_Keyvisual-800x446.jpg\" alt=\"\" width=\"800\" height=\"446\" srcset=\"https:\/\/smago.de\/ws2\/wp-content\/uploads\/2025\/06\/1_Block_Party_Peter_Fox_feiert_mit_Berlin_Keyvisual-800x445.jpg 800w, https:\/\/smago.de\/ws2\/wp-content\/uploads\/2025\/06\/1_Block_Party_Peter_Fox_feiert_mit_Berlin_Keyvisual-522x291.jpg 522w, https:\/\/smago.de\/ws2\/wp-content\/uploads\/2025\/06\/1_Block_Party_Peter_Fox_feiert_mit_Berlin_Keyvisual-269x150.jpg 269w, https:\/\/smago.de\/ws2\/wp-content\/uploads\/2025\/06\/1_Block_Party_Peter_Fox_feiert_mit_Berlin_Keyvisual-768x428.jpg 768w, https:\/\/smago.de\/ws2\/wp-content\/uploads\/2025\/06\/1_Block_Party_Peter_Fox_feiert_mit_Berlin_Keyvisual-1536x856.jpg 1536w, https:\/\/smago.de\/ws2\/wp-content\/uploads\/2025\/06\/1_Block_Party_Peter_Fox_feiert_mit_Berlin_Keyvisual-2048x1141.jpg 2048w, https:\/\/smago.de\/ws2\/wp-content\/uploads\/2025\/06\/1_Block_Party_Peter_Fox_feiert_mit_Berlin_Keyvisual-392x218.jpg 392w, https:\/\/smago.de\/ws2\/wp-content\/uploads\/2025\/06\/1_Block_Party_Peter_Fox_feiert_mit_Berlin_Keyvisual-130x72.jpg 130w, https:\/\/smago.de\/ws2\/wp-content\/uploads\/2025\/06\/1_Block_Party_Peter_Fox_feiert_mit_Berlin_Keyvisual-870x485.jpg 870w, https:\/\/smago.de\/ws2\/wp-content\/uploads\/2025\/06\/1_Block_Party_Peter_Fox_feiert_mit_Berlin_Keyvisual-292x163.jpg 292w, https:\/\/smago.de\/ws2\/wp-content\/uploads\/2025\/06\/1_Block_Party_Peter_Fox_feiert_mit_Berlin_Keyvisual-435x242.jpg 435w\" sizes=\"(max-width: 800px) 100vw, 800px\" \/><figcaption id=\"caption-attachment-242651\" class=\"wp-caption-text\"><em>Die Doku ist ein emotionaler R\u00fcckblick auf Peter Fox&#8216; Konzertreihe BLOCK PARTY im Sommer 2024. Die Auftrittsorte: Berliner Brennpunkte. Der Eintritt: frei. Die Mission: die Menschen vereinen. Mit dabei: drei Newcomer, auf die Fox \u00fcber Streetworker und TikTok aufmerksam wurde. Die Doku zeigt auch den b\u00fcrokratischen Hindernislauf im Vorfeld.<\/em><\/p>\n<p><em>\u00a9 SWR<\/em><\/figcaption><\/figure>\n","protected":false},"excerpt":{"rendered":"<p>22:00 Uhr &#8211; 23:30 Uhr!<\/p>\n","protected":false},"author":2,"featured_media":242650,"comment_status":"open","ping_status":"closed","sticky":false,"template":"","format":"standard","meta":{"_FSMCFIC_featured_image_caption":"","_FSMCFIC_featured_image_nocaption":"","_FSMCFIC_featured_image_hide":""},"categories":[27,128],"tags":[2728],"acf":[],"_links":{"self":[{"href":"https:\/\/smago.de\/ws2\/wp-json\/wp\/v2\/posts\/242649"}],"collection":[{"href":"https:\/\/smago.de\/ws2\/wp-json\/wp\/v2\/posts"}],"about":[{"href":"https:\/\/smago.de\/ws2\/wp-json\/wp\/v2\/types\/post"}],"author":[{"embeddable":true,"href":"https:\/\/smago.de\/ws2\/wp-json\/wp\/v2\/users\/2"}],"replies":[{"embeddable":true,"href":"https:\/\/smago.de\/ws2\/wp-json\/wp\/v2\/comments?post=242649"}],"version-history":[{"count":2,"href":"https:\/\/smago.de\/ws2\/wp-json\/wp\/v2\/posts\/242649\/revisions"}],"predecessor-version":[{"id":242653,"href":"https:\/\/smago.de\/ws2\/wp-json\/wp\/v2\/posts\/242649\/revisions\/242653"}],"wp:featuredmedia":[{"embeddable":true,"href":"https:\/\/smago.de\/ws2\/wp-json\/wp\/v2\/media\/242650"}],"wp:attachment":[{"href":"https:\/\/smago.de\/ws2\/wp-json\/wp\/v2\/media?parent=242649"}],"wp:term":[{"taxonomy":"category","embeddable":true,"href":"https:\/\/smago.de\/ws2\/wp-json\/wp\/v2\/categories?post=242649"},{"taxonomy":"post_tag","embeddable":true,"href":"https:\/\/smago.de\/ws2\/wp-json\/wp\/v2\/tags?post=242649"}],"curies":[{"name":"wp","href":"https:\/\/api.w.org\/{rel}","templated":true}]}}