{"id":241659,"date":"2025-05-18T00:00:01","date_gmt":"2025-05-17T22:00:01","guid":{"rendered":"https:\/\/smago.de\/ws2\/?p=241659"},"modified":"2025-05-17T12:51:26","modified_gmt":"2025-05-17T10:51:26","slug":"stefan-mross-ich-werde-93","status":"publish","type":"post","link":"https:\/\/smago.de\/ws2\/schlager\/stefan-mross-ich-werde-93\/","title":{"rendered":"STEFAN MROSS <br>&#8222;Ich werde 93!&#8220;"},"content":{"rendered":"<div class=\"\" style=\"text-align: justify;\"><span class=\"\"><span class=\"\"><em>smago!<\/em> w\u00fcnscht Stefan f\u00fcr die n\u00e4chsten 44 Jahre alles erdenklich Gute!<br \/>\n<b class=\"\"><!--more--><\/b><\/span><\/span><\/div>\n<p>&nbsp;<\/p>\n<p>&nbsp;<\/p>\n<p>&nbsp;<\/p>\n<div class=\"\" style=\"text-align: justify;\">\n<p>STEFAN MROSS war am Freitag (16.05.2025) in der MDR-Sendung &#8222;Riverboat&#8220; zu Gast.<\/p>\n<p>Im Gespr\u00e4ch mit Klaus Brinkb\u00e4umer, dem Co-Moderator von Kim Fisher am 16.05.2025, sagte er auf die Frage &#8222;Du feierst bald Deinen 50. Geburtstag. Hat Du Angst davor?&#8220;:<em> &#8222;<\/em><em><em>Nein, ich freue mich sogar sehr drauf. Ich werde 93, das ist mein gro\u00dfer Optimismus. <\/em><\/em><em>Ich freue mich sehr darauf, ich mag den und ich \u00fcberlege eher: Feiere ich den jetzt mit Freunden und mit Gesch\u00e4ftspartnern, denn denen habe ich viel zu verdanken. Oder feiere ich den mit meiner Eva allein oder spende ich das Geld meinen Projekt &#8218;Fly &amp; Help&#8216; und wir bauen die eigene &#8218;Stefan Mross&#8216;-Schule und ich will gern an meinen Geburtstag, dem 26. November dorthin fliegen und diese Schulen einweihen.&#8220;<\/em><\/p>\n<\/div>\n<div class=\"\" style=\"text-align: justify;\">\n<p>SO gesehen verbleiben Stefan Mross noch 44 Lebensjahre. &#8222;Bis Heesters&#8220; w\u00e4ren es sogar noch 59 &#8230;<\/p>\n<p>Am 15. Juni startet die &#8222;Immer wieder sonntags&#8220; Staffel 2025. Bis zum 30. August pr\u00e4sentiert Stefan Mross dann jeden Sonntag \u2013 ohne auch nur eine Unterbrechung \u2013 &#8222;die Unterhaltungssendung mit Herz&#8220;.<\/p>\n<\/div>\n<div class=\"\">F\u00fcr Stefan Mross ist es bereits die 21. Staffel.<\/div>\n","protected":false},"excerpt":{"rendered":"<p>smago! w\u00fcnscht Stefan f\u00fcr die n\u00e4chsten 44 Jahre alles erdenklich Gute!<\/p>\n","protected":false},"author":2,"featured_media":224597,"comment_status":"open","ping_status":"closed","sticky":false,"template":"","format":"standard","meta":{"_FSMCFIC_featured_image_caption":"","_FSMCFIC_featured_image_nocaption":"","_FSMCFIC_featured_image_hide":""},"categories":[29,39],"tags":[137],"acf":[],"_links":{"self":[{"href":"https:\/\/smago.de\/ws2\/wp-json\/wp\/v2\/posts\/241659"}],"collection":[{"href":"https:\/\/smago.de\/ws2\/wp-json\/wp\/v2\/posts"}],"about":[{"href":"https:\/\/smago.de\/ws2\/wp-json\/wp\/v2\/types\/post"}],"author":[{"embeddable":true,"href":"https:\/\/smago.de\/ws2\/wp-json\/wp\/v2\/users\/2"}],"replies":[{"embeddable":true,"href":"https:\/\/smago.de\/ws2\/wp-json\/wp\/v2\/comments?post=241659"}],"version-history":[{"count":3,"href":"https:\/\/smago.de\/ws2\/wp-json\/wp\/v2\/posts\/241659\/revisions"}],"predecessor-version":[{"id":241662,"href":"https:\/\/smago.de\/ws2\/wp-json\/wp\/v2\/posts\/241659\/revisions\/241662"}],"wp:featuredmedia":[{"embeddable":true,"href":"https:\/\/smago.de\/ws2\/wp-json\/wp\/v2\/media\/224597"}],"wp:attachment":[{"href":"https:\/\/smago.de\/ws2\/wp-json\/wp\/v2\/media?parent=241659"}],"wp:term":[{"taxonomy":"category","embeddable":true,"href":"https:\/\/smago.de\/ws2\/wp-json\/wp\/v2\/categories?post=241659"},{"taxonomy":"post_tag","embeddable":true,"href":"https:\/\/smago.de\/ws2\/wp-json\/wp\/v2\/tags?post=241659"}],"curies":[{"name":"wp","href":"https:\/\/api.w.org\/{rel}","templated":true}]}}