{"id":241474,"date":"2025-05-14T00:00:16","date_gmt":"2025-05-13T22:00:16","guid":{"rendered":"https:\/\/smago.de\/ws2\/?p=241474"},"modified":"2025-05-13T23:29:16","modified_gmt":"2025-05-13T21:29:16","slug":"stefan-raab-heute-14-05-2025-rtl-chefsache-esc-live-aus-basel","status":"publish","type":"post","link":"https:\/\/smago.de\/ws2\/nonsens\/stefan-raab-heute-14-05-2025-rtl-chefsache-esc-live-aus-basel\/","title":{"rendered":"STEFAN RAAB <br>Heute, 14.05.2025, RTL: &#8222;Chefsache ESC &#8211; Live aus Basel&#8220;!"},"content":{"rendered":"<p>20:15 Uhr &#8211; 22:15 Uhr!<br \/>\n<!--more--><\/p>\n<p>&nbsp;<\/p>\n<p>&nbsp;<\/p>\n<p style=\"text-align: justify;\"><span class=\"kurztext\">Stefan Raab hat das ESC-Projekt zur Chefsache gemacht und mit Abor &amp; Tynna und ihrem Hit &#8222;Baller&#8220; den idealen Act f\u00fcr die &#8222;Mission 12 Points for Germany&#8220; gefunden. Die Sendung begleitet die beiden K\u00fcnstler auf den letzten Metern vor ihrem gro\u00dfen Auftritt, einschlie\u00dflich Proben, backstage und pers\u00f6nlichen Momenten. Zusammen mit prominenten G\u00e4sten und spannenden Hintergrundgeschichten stimmt Raab Deutschland auf Europas gr\u00f6\u00dfte Musikshow ein.<\/span><span class=\"langtext\">Gr\u00fczi und Sali, liebe Schweiz! Drei Tage vor dem Finale des Eurovision Song Contest 2025 meldet sich Stefan Raab mit einer Liveshow aus der Schweiz: &#8222;Chefsache ESC 2025 &#8211; Live aus Basel&#8220; &#8211; am 14. Mai um 20:15 Uhr bei RTL und auf RTL+.<\/p>\n<p>Der ESC ist Kult. Leidenschaft. Wettbewerb. Und l\u00e4ngst mehr als nur Musik. Stefan Raab hat das Ding zur Chefsache gemacht und mit Abor &amp; Tynna und ihrem Hit &#8222;Baller&#8220; den perfekten Act f\u00fcr die &#8222;Mission 12 Points for Germany&#8220; gefunden. Die Sendung begleitet die beiden auf den letzten Metern vor dem gro\u00dfen Auftritt &#8211; bei den Proben, backstage und in ganz pers\u00f6nlichen Momenten.<br \/>\nGemeinsam mit vielen prominenten G\u00e4sten, jeder Menge spannender Hintergrundgeschichten und Analysen rund um den ESC und die zu erwartende Konkurrenz, stimmt Stefan Raab Deutschland auf Europas gr\u00f6\u00dfte Musikshow ein.<\/p>\n<p><em>&#8222;Chefsache ESC 2025 &#8211; Live aus Basel&#8220; ist eine Produktion von Raab Entertainment f\u00fcr RTL.<\/em><br \/>\n<\/span><\/p>\n<div class=\"besetzung\"><\/div>\n","protected":false},"excerpt":{"rendered":"<p>20:15 Uhr &#8211; 22:15 Uhr!<\/p>\n","protected":false},"author":2,"featured_media":241410,"comment_status":"open","ping_status":"closed","sticky":false,"template":"","format":"standard","meta":{"_FSMCFIC_featured_image_caption":"","_FSMCFIC_featured_image_nocaption":"","_FSMCFIC_featured_image_hide":""},"categories":[23,128],"tags":[85,507],"acf":[],"_links":{"self":[{"href":"https:\/\/smago.de\/ws2\/wp-json\/wp\/v2\/posts\/241474"}],"collection":[{"href":"https:\/\/smago.de\/ws2\/wp-json\/wp\/v2\/posts"}],"about":[{"href":"https:\/\/smago.de\/ws2\/wp-json\/wp\/v2\/types\/post"}],"author":[{"embeddable":true,"href":"https:\/\/smago.de\/ws2\/wp-json\/wp\/v2\/users\/2"}],"replies":[{"embeddable":true,"href":"https:\/\/smago.de\/ws2\/wp-json\/wp\/v2\/comments?post=241474"}],"version-history":[{"count":1,"href":"https:\/\/smago.de\/ws2\/wp-json\/wp\/v2\/posts\/241474\/revisions"}],"predecessor-version":[{"id":241475,"href":"https:\/\/smago.de\/ws2\/wp-json\/wp\/v2\/posts\/241474\/revisions\/241475"}],"wp:featuredmedia":[{"embeddable":true,"href":"https:\/\/smago.de\/ws2\/wp-json\/wp\/v2\/media\/241410"}],"wp:attachment":[{"href":"https:\/\/smago.de\/ws2\/wp-json\/wp\/v2\/media?parent=241474"}],"wp:term":[{"taxonomy":"category","embeddable":true,"href":"https:\/\/smago.de\/ws2\/wp-json\/wp\/v2\/categories?post=241474"},{"taxonomy":"post_tag","embeddable":true,"href":"https:\/\/smago.de\/ws2\/wp-json\/wp\/v2\/tags?post=241474"}],"curies":[{"name":"wp","href":"https:\/\/api.w.org\/{rel}","templated":true}]}}