{"id":241409,"date":"2025-05-12T18:44:13","date_gmt":"2025-05-12T16:44:13","guid":{"rendered":"https:\/\/smago.de\/ws2\/?p=241409"},"modified":"2025-05-12T18:44:54","modified_gmt":"2025-05-12T16:44:54","slug":"stefan-raab-im-esc-fieber-mit-stefan-raab","status":"publish","type":"post","link":"https:\/\/smago.de\/ws2\/nonsens\/stefan-raab-im-esc-fieber-mit-stefan-raab\/","title":{"rendered":"STEFAN RAAB <br>Im ESC-Fieber mit Stefan Raab!"},"content":{"rendered":"<p style=\"text-align: justify;\">Gro\u00dfe Countdown-Show mit zahlreichen prominenten G\u00e4sten am 14.05.2025 \u2013 RTL, 20:15 Uhr!<!--more--><\/p>\n<p>&nbsp;<\/p>\n<p>&nbsp;<\/p>\n<p>&nbsp;<\/p>\n<p style=\"text-align: justify;\">Der Eurovision Song Contest steht vor der T\u00fcr \u2013 und niemand feiert ihn so leidenschaftlich wie Stefan Raab! Am 14. Mai um 20:15 Uhr werden RTL und RTL+ zur ESC-B\u00fchne: Bei &#8222;Chefsache ESC 2025 \u2013 Live aus Basel&#8220; l\u00e4dt Raab zur spektakul\u00e4ren ESC-Party mit zahlreichen Legenden des Eurovision Song Contest.<\/p>\n<p style=\"text-align: justify;\">Mit dabei sind ESC-Kultmoderator <strong>Peter Urban<\/strong>, ESC-Ikone <strong>Conchita Wurst<\/strong>, der charmante Schweizer Publikumsliebling <strong>Luca<\/strong> <strong>H\u00e4nni<\/strong>, ESC-Star\u00a0<strong>Nemo<\/strong> sowie Show-Liebling <strong>Elton<\/strong>, der zuletzt mit seinen Auftritten in der deutschen ESC-Vorentscheid-Jury begeisterte.<\/p>\n<p style=\"text-align: justify;\">Gemeinsam blicken sie zur\u00fcck auf die schillerndsten Momente der ESC-Geschichte \u2013 mit exklusiven Backstage-Einblicken, packenden Live-Schalten und Insider-Talks mit <strong>Michelle Hunziker<\/strong>, <strong>Thorsten Schorn<\/strong> und vielen mehr. Und nat\u00fcrlich geht\u2019s auch um die deutschen Hoffnungstr\u00e4ger f\u00fcr den Eurovision Song Contest 2025: <strong>Abor &amp; Tynna<\/strong>, die sich exklusiv bei den Proben begleiten lassen.<\/p>\n<p style=\"text-align: justify;\">Ob hinter den Kulissen, mitten im Fantrubel oder hautnah bei den Stars \u2013 Stefan Raab ist \u00fcberall dabei und bringt das ESC-Feeling direkt ins heimische Wohnzimmer.<\/p>\n<p style=\"text-align: justify;\">Gro\u00dfe Emotionen, legend\u00e4re Auftritte und jede Menge \u00dcberraschungen \u2013 &#8222;Chefsache ESC 2025 \u2013 Live aus Basel&#8220; ist das ultimative Warm-up zum ESC-Finale! Ein Muss f\u00fcr alle Fans \u2013 direkt aus der ESC-Hauptstadt 2025.<\/p>\n<p>&nbsp;<\/p>\n<p>&nbsp;<\/p>\n<p style=\"text-align: justify;\"><em>&#8222;Chefsache ESC 2025 \u2013 Live aus Basel&#8220; ist eine Produktion von Raab Entertainment f\u00fcr RTL.<\/em><\/p>\n<p>&nbsp;<\/p>\n<p>&nbsp;<\/p>\n<figure id=\"attachment_241410\" aria-describedby=\"caption-attachment-241410\" style=\"width: 800px\" class=\"wp-caption alignnone\"><img decoding=\"async\" loading=\"lazy\" class=\"size-large wp-image-241410\" src=\"https:\/\/smago.de\/ws2\/wp-content\/uploads\/2025\/05\/B0C0E-2-800x450.jpg\" alt=\"\" width=\"800\" height=\"450\" srcset=\"https:\/\/smago.de\/ws2\/wp-content\/uploads\/2025\/05\/B0C0E-2-800x450.jpg 800w, https:\/\/smago.de\/ws2\/wp-content\/uploads\/2025\/05\/B0C0E-2-522x294.jpg 522w, https:\/\/smago.de\/ws2\/wp-content\/uploads\/2025\/05\/B0C0E-2-267x150.jpg 267w, https:\/\/smago.de\/ws2\/wp-content\/uploads\/2025\/05\/B0C0E-2-768x432.jpg 768w, https:\/\/smago.de\/ws2\/wp-content\/uploads\/2025\/05\/B0C0E-2-1536x864.jpg 1536w, https:\/\/smago.de\/ws2\/wp-content\/uploads\/2025\/05\/B0C0E-2-392x221.jpg 392w, https:\/\/smago.de\/ws2\/wp-content\/uploads\/2025\/05\/B0C0E-2-130x73.jpg 130w, https:\/\/smago.de\/ws2\/wp-content\/uploads\/2025\/05\/B0C0E-2-791x445.jpg 791w, https:\/\/smago.de\/ws2\/wp-content\/uploads\/2025\/05\/B0C0E-2-870x489.jpg 870w, https:\/\/smago.de\/ws2\/wp-content\/uploads\/2025\/05\/B0C0E-2-292x164.jpg 292w, https:\/\/smago.de\/ws2\/wp-content\/uploads\/2025\/05\/B0C0E-2-435x245.jpg 435w, https:\/\/smago.de\/ws2\/wp-content\/uploads\/2025\/05\/B0C0E-2-895x503.jpg 895w, https:\/\/smago.de\/ws2\/wp-content\/uploads\/2025\/05\/B0C0E-2.jpg 1920w\" sizes=\"(max-width: 800px) 100vw, 800px\" \/><figcaption id=\"caption-attachment-241410\" class=\"wp-caption-text\"><em>&#8222;Chefsache ESC 2025 Live aus Basel&#8220; am 14. Mai um 20:15 Uhr live bei RTL und auf RTL+<\/em><\/p>\n<p><em>Foto-Credit: RTL<\/em><\/p>\n<p><em>Bitte beachten Sie auch <strong><a href=\"http:\/\/www.rtlplus.de\">RTL+<\/a><\/strong>!<\/em><\/figcaption><\/figure>\n","protected":false},"excerpt":{"rendered":"<p>Gro\u00dfe Countdown-Show mit zahlreichen prominenten G\u00e4sten am 14.05.2025 \u2013 RTL, 20:15 Uhr!<\/p>\n","protected":false},"author":2,"featured_media":241410,"comment_status":"open","ping_status":"closed","sticky":false,"template":"","format":"standard","meta":{"_FSMCFIC_featured_image_caption":"","_FSMCFIC_featured_image_nocaption":"","_FSMCFIC_featured_image_hide":""},"categories":[23,128],"tags":[85,507],"acf":[],"_links":{"self":[{"href":"https:\/\/smago.de\/ws2\/wp-json\/wp\/v2\/posts\/241409"}],"collection":[{"href":"https:\/\/smago.de\/ws2\/wp-json\/wp\/v2\/posts"}],"about":[{"href":"https:\/\/smago.de\/ws2\/wp-json\/wp\/v2\/types\/post"}],"author":[{"embeddable":true,"href":"https:\/\/smago.de\/ws2\/wp-json\/wp\/v2\/users\/2"}],"replies":[{"embeddable":true,"href":"https:\/\/smago.de\/ws2\/wp-json\/wp\/v2\/comments?post=241409"}],"version-history":[{"count":2,"href":"https:\/\/smago.de\/ws2\/wp-json\/wp\/v2\/posts\/241409\/revisions"}],"predecessor-version":[{"id":241412,"href":"https:\/\/smago.de\/ws2\/wp-json\/wp\/v2\/posts\/241409\/revisions\/241412"}],"wp:featuredmedia":[{"embeddable":true,"href":"https:\/\/smago.de\/ws2\/wp-json\/wp\/v2\/media\/241410"}],"wp:attachment":[{"href":"https:\/\/smago.de\/ws2\/wp-json\/wp\/v2\/media?parent=241409"}],"wp:term":[{"taxonomy":"category","embeddable":true,"href":"https:\/\/smago.de\/ws2\/wp-json\/wp\/v2\/categories?post=241409"},{"taxonomy":"post_tag","embeddable":true,"href":"https:\/\/smago.de\/ws2\/wp-json\/wp\/v2\/tags?post=241409"}],"curies":[{"name":"wp","href":"https:\/\/api.w.org\/{rel}","templated":true}]}}