{"id":240917,"date":"2025-04-26T00:50:09","date_gmt":"2025-04-25T22:50:09","guid":{"rendered":"https:\/\/smago.de\/ws2\/?p=240917"},"modified":"2025-04-26T00:50:09","modified_gmt":"2025-04-25T22:50:09","slug":"matthias-reim-heute-26-04-2025-rtlzwei-pop-giganten-matthias-reim","status":"publish","type":"post","link":"https:\/\/smago.de\/ws2\/pop-schlager\/matthias-reim-heute-26-04-2025-rtlzwei-pop-giganten-matthias-reim\/","title":{"rendered":"MATTHIAS REIM <br>Heute (26.04.2025), RTLZWEI: &#8222;Pop Giganten&#8220; \u2013 Matthias Reim!"},"content":{"rendered":"<p>20:15 Uhr &#8211; 23:15 Uhr (Wh.: 23:15 Uhr &#8211; 02:10 Uhr)!<br \/>\n<!--more--><\/p>\n<p>&nbsp;<\/p>\n<p style=\"text-align: justify;\">\n<p class=\"type-1 lh-4 p-1\" style=\"text-align: justify;\">Das Schlager-Urgestein MATTHIAS REIMhat in seinem Leben schon viel erlebt. Er erz\u00e4hlt von den kleinen Anf\u00e4ngen als Songwriter \u00fcber seine Karriereh\u00f6hepunkte bis hin zum finanziellen Absturz. Er k\u00e4mpfte sich zur\u00fcck auf die B\u00fchnen dieser Welt und hat bis heute zahlreiche Fans hinter sich stehen.<\/p>\n<p class=\"type-1 lh-4 p-1\" style=\"text-align: justify;\">Jung und alt kennen seine Songs. Vor allem mit \u201eVerdammt ich lieb\u2018 dich\u201c landete er einen Hit, der vielen in den K\u00f6pfen h\u00e4ngen geblieben ist.<\/p>\n<p class=\"type-1 lh-4 p-1\" style=\"text-align: justify;\">Zus\u00e4tzlich berichten Ehefrau Christin Stark, Freund und Schlager-Titan Bernhard Brink, Moderatorin und Ex-Freundin Kim Fischer, Sony SVP Markus Hartmann, Sarah Bora, S\u00e4ngerin und Ehefrau von Eko Fresh, und Matthias\u2018 Musiker und Bandkollegen sowie sein langj\u00e4hriger Freund und Fahrer Willi von ihren Erfahrungen mit dem Schlagerstar.<\/p>\n<p style=\"text-align: justify;\">\n<p style=\"text-align: justify;\">\n<p style=\"text-align: justify;\">\n<h2 class=\"h3 pl-1\" style=\"text-align: justify;\">Hintergrund-Informationen<\/h2>\n<p style=\"text-align: justify;\">\n<p class=\"type-1 lh-4 p-1\" style=\"text-align: justify;\">Herausragende Stars, musikalische Trends und Songs, die die Welt bewegen \u2013 die RTLZWEI-Musik-Doku-Reihe \u201ePop Giganten\u201c blickt hinter die Kulissen von spannenden Ph\u00e4nomenen der Musikgeschichte.<\/p>\n","protected":false},"excerpt":{"rendered":"<p>20:15 Uhr &#8211; 23:15 Uhr (Wh.: 23:15 Uhr &#8211; 02:10 Uhr)!<\/p>\n","protected":false},"author":2,"featured_media":240747,"comment_status":"open","ping_status":"closed","sticky":false,"template":"","format":"standard","meta":{"_FSMCFIC_featured_image_caption":"","_FSMCFIC_featured_image_nocaption":"","_FSMCFIC_featured_image_hide":""},"categories":[28,128],"tags":[50],"acf":[],"_links":{"self":[{"href":"https:\/\/smago.de\/ws2\/wp-json\/wp\/v2\/posts\/240917"}],"collection":[{"href":"https:\/\/smago.de\/ws2\/wp-json\/wp\/v2\/posts"}],"about":[{"href":"https:\/\/smago.de\/ws2\/wp-json\/wp\/v2\/types\/post"}],"author":[{"embeddable":true,"href":"https:\/\/smago.de\/ws2\/wp-json\/wp\/v2\/users\/2"}],"replies":[{"embeddable":true,"href":"https:\/\/smago.de\/ws2\/wp-json\/wp\/v2\/comments?post=240917"}],"version-history":[{"count":1,"href":"https:\/\/smago.de\/ws2\/wp-json\/wp\/v2\/posts\/240917\/revisions"}],"predecessor-version":[{"id":240918,"href":"https:\/\/smago.de\/ws2\/wp-json\/wp\/v2\/posts\/240917\/revisions\/240918"}],"wp:featuredmedia":[{"embeddable":true,"href":"https:\/\/smago.de\/ws2\/wp-json\/wp\/v2\/media\/240747"}],"wp:attachment":[{"href":"https:\/\/smago.de\/ws2\/wp-json\/wp\/v2\/media?parent=240917"}],"wp:term":[{"taxonomy":"category","embeddable":true,"href":"https:\/\/smago.de\/ws2\/wp-json\/wp\/v2\/categories?post=240917"},{"taxonomy":"post_tag","embeddable":true,"href":"https:\/\/smago.de\/ws2\/wp-json\/wp\/v2\/tags?post=240917"}],"curies":[{"name":"wp","href":"https:\/\/api.w.org\/{rel}","templated":true}]}}