{"id":240912,"date":"2025-04-26T00:39:32","date_gmt":"2025-04-25T22:39:32","guid":{"rendered":"https:\/\/smago.de\/ws2\/?p=240912"},"modified":"2025-04-26T00:41:30","modified_gmt":"2025-04-25T22:41:30","slug":"peter-rapp-der-orf-trauert-um-peter-rapp","status":"publish","type":"post","link":"https:\/\/smago.de\/ws2\/schlager\/peter-rapp-der-orf-trauert-um-peter-rapp\/","title":{"rendered":"PETER RAPP <br>Der ORF trauert um Peter Rapp!"},"content":{"rendered":"<p style=\"text-align: justify;\"><em>&#8222;Der letzte Universal-Entertainer des Fernsehens wird dem ORF und seinem Publikum sehr fehlen.&#8220;<\/em> (ORF-Generaldirektor Roland Wei\u00dfmann)<!--more--><\/p>\n<div class=\"subtitle\" style=\"text-align: justify;\" data-v-5829050e=\"\"><\/div>\n<div data-v-5829050e=\"\"><\/div>\n<div data-v-5829050e=\"\"><\/div>\n<div class=\"copytext max-w-full\" style=\"text-align: justify;\" data-v-d954116f=\"\" data-v-5829050e=\"\">\n<div class=\"paragraph default flex flex-col gap-4\" data-v-3113abd1=\"\" data-v-d954116f=\"\">\n<p data-v-3113abd1=\"\">Der ORF trauert um PETER RAPP, einen der legend\u00e4rsten ORF-Moderatoren, der mehr als 60 Jahre lang \u00d6sterreichs TV- und Radio-Geschichte pr\u00e4gte. Sein Fernsehdeb\u00fct gab Rapp, der im Alter von 81 Jahren verstorben ist, 1963 in der Sendung \u201eLeute von Heute\u201c. Nach Auftritten in der \u201eTeenagerparty\u201c wurde Rapp 1967 \u00d63-Radiosprecher und kurz darauf Pr\u00e4sentator der Kult-Sendung \u201eSpotlight\u201c. Zahlreiche weitere Kult-Formate wie \u201eHoppala\u201c, \u201eTele-As\u201c, \u201eWer A sagt\u201c, \u201eChampion\u201c, \u201eStarlight\u201c, \u201eDie gro\u00dfe Chance\u201c oder die \u201eBrieflos-Show\u201c sollten \u00fcber die Jahrzehnte erfolgreicher TV-Karriere folgen \u2013 sie alle verankerten Peter Rapp im kollektiven Ged\u00e4chtnis als DAS TV-Gesicht \u00d6sterreichs.<\/p>\n<\/div>\n<div class=\"paragraph default flex flex-col gap-4\" data-v-3113abd1=\"\" data-v-d954116f=\"\">\n<p data-v-3113abd1=\"\">ORF-Generaldirektor Roland Wei\u00dfmann: \u201eEs gibt nur wenige Namen, die so untrennbar mit dem ORF verbunden sind wie Peter Rapp. Und es gibt wohl keinen, der den Begriff des ORF-Showmasters so lange so ausgef\u00fcllt hat wie er. Wahrscheinlich war Peter Rapp der letzte Universal-Entertainer des Fernsehens und wird daher dem ORF und seinem Publikum umso mehr fehlen. Unsere Gedanken sind bei seiner Familie.\u201c<\/p>\n<\/div>\n<div class=\"paragraph default flex flex-col gap-4\" data-v-3113abd1=\"\" data-v-d954116f=\"\">\n<p data-v-3113abd1=\"\">ORF-Fernsehdirektorin Stefanie Groiss-Horowitz: \u201ePeter Rapp war eine Institution, ein Unikat, ein Herzensmensch mit einem feinen Gesp\u00fcr f\u00fcr Unterhaltung und N\u00e4he. Seine Stimme, sein Lachen, seine Neugier \u2013 all das war \u00fcber Jahrzehnte ein fixer Bestandteil des ORF und hat Generationen gepr\u00e4gt. Mit Formaten wie \u201aSpotlight\u2018, \u201aHoppala\u2018 oder \u201aDie gro\u00dfe Chance\u2018 hat er \u00f6sterreichische TV-Geschichte geschrieben. Er fehlt uns \u2013 menschlich wie beruflich.\u201c<\/p>\n<\/div>\n<div class=\"paragraph default flex flex-col gap-4\" data-v-3113abd1=\"\" data-v-d954116f=\"\">\n<p data-v-3113abd1=\"\">Zum Ableben von Peter Rapp \u00e4ndert der ORF sein Programm. Die \u201eSeitenblicke\u201c stehen heute, am 25. April, monothematisch im Zeichen von Peter Rapp. Um 0.05 Uhr bringt \u201eRapp\u2019n Roll \u2013 50 Jahre ON AIR\u201c das Beste von und mit Peter Rapp aus 50 Jahren TV. Am Samstag, dem 26. April, zeigt ORF 2 um 22.00 Uhr das Portr\u00e4t \u201ePeter Rapp \u2013 Erinnerungen an eine TV-Legende\u201c. Um 22.55 Uhr folgt \u201eAls w\u00e4re es gestern gewesen \u2013 Made in Austria\u201c, um 0.00 Uhr eine \u201eSt\u00f6ckl\u201c-Ausgabe mit Peter Rapp und Hans Krankl. Eine Folge \u201eSpotlight\u201c aus dem Jahr 1974 beendet um 1.00 Uhr den TV-Abend im Gedenken an den verstorbenen ORF-Showmaster.<\/p>\n<\/div>\n<\/div>\n<p data-v-3113abd1=\"\">\n<p data-v-3113abd1=\"\">\n<p data-v-3113abd1=\"\">\n<div class=\"copytext max-w-full\" data-v-d954116f=\"\" data-v-5829050e=\"\">\n<h2 class=\"paragraph headline\" style=\"text-align: justify;\" data-v-8637ad31=\"\" data-v-d954116f=\"\">ORF III in memoriam Peter Rapp: Weitere Programm\u00e4nderungen &#8211; u. a. \u201eORF-Legenden\u201c-Portr\u00e4t, \u201eDENK mit KULTUR\u201c, Spielfilm<\/h2>\n<\/div>\n<p>&nbsp;<\/p>\n<p>&nbsp;<\/p>\n<div class=\"copytext max-w-full\" data-v-d954116f=\"\" data-v-5829050e=\"\">\n<div class=\"paragraph default flex flex-col gap-4\" style=\"text-align: justify;\" data-v-3113abd1=\"\" data-v-d954116f=\"\">\n<p data-v-3113abd1=\"\">Anl\u00e4sslich des Todes von Peter Rapp \u00e4ndert auch ORF III sein Programm:<\/p>\n<\/div>\n<div class=\"paragraph default flex flex-col gap-4\" style=\"text-align: justify;\" data-v-3113abd1=\"\" data-v-d954116f=\"\">\n<p data-v-3113abd1=\"\">Am Sonntag, dem 27. April 2025, ist \u00d6sterreichs l\u00e4ngstgedienter Showmaster und Moderator in insgesamt f\u00fcnf Sendungen (auch auf ORF ON) zu sehen. Zun\u00e4chst steht um 20.15 Uhr ein Portr\u00e4t der Reihe \u201eORF Legenden\u201c (20.15 Uhr) in memoriam Waltraut Haas auf dem Spielplan, in dem Peter Rapp als langj\u00e4hriger Wegbegleiter und Freund der k\u00fcrzlich verstorbenen Volksschauspielerin in Erscheinung tritt. Danach ist dem Urgestein des \u00f6sterreichischen Fernsehens eine eigene, 2024 entstandene \u201eORF Legenden\u201c-Dokumentation gewidmet: \u201ePeter Rapp \u2013 Der ewige Showman\u201c (21.00 Uhr), die auf das Leben und die beispiellose Karriere des Publikumslieblings blickt. In der anschlie\u00dfenden Sendung \u201eAus dem Archiv \u2013 Mit Waltraut Haas\u201c (21.45 Uhr) lassen Peter Rapp und Teddy Podgorski an der Seite der Schauspielerin deren erfolgreichen Lebensweg in einem Studiogespr\u00e4ch mit Christian Reichhold Revue passieren.<\/p>\n<\/div>\n<div class=\"paragraph default flex flex-col gap-4\" data-v-3113abd1=\"\" data-v-d954116f=\"\">\n<p style=\"text-align: justify;\" data-v-3113abd1=\"\">Um 22.50 Uhr zeigt ORF III eine 2018 entstandene Ausgabe des musikalischen Late-Night-Talks \u201eDENK mit KULTUR\u201c mit Peter Rapp und Ballettt\u00e4nzerin Rebecca Horner, in der der Showmaster gemeinsam mit Gastgeberin und Dialekts\u00e4ngerin Birgit Denk die \u201eTelefonbuchpolka\u201c von Georg Kreisler zum Besten gibt. Zum Abschluss des Abends ist Rapp au\u00dferdem in der Operettenverfilmung \u201eSaison in Salzburg\u201c (23.40 Uhr) aus dem Jahr 1961 \u2013 mit u. a. Peter Alexander und Waltraut Haas \u2013 zu sehen.<\/p>\n<\/div>\n<\/div>\n","protected":false},"excerpt":{"rendered":"<p>&#8222;Der letzte Universal-Entertainer des Fernsehens wird dem ORF und seinem Publikum sehr fehlen.&#8220; (ORF-Generaldirektor Roland Wei\u00dfmann)<\/p>\n","protected":false},"author":2,"featured_media":240913,"comment_status":"open","ping_status":"closed","sticky":false,"template":"","format":"standard","meta":{"_FSMCFIC_featured_image_caption":"","_FSMCFIC_featured_image_nocaption":"","_FSMCFIC_featured_image_hide":""},"categories":[29,39,128],"tags":[881],"acf":[],"_links":{"self":[{"href":"https:\/\/smago.de\/ws2\/wp-json\/wp\/v2\/posts\/240912"}],"collection":[{"href":"https:\/\/smago.de\/ws2\/wp-json\/wp\/v2\/posts"}],"about":[{"href":"https:\/\/smago.de\/ws2\/wp-json\/wp\/v2\/types\/post"}],"author":[{"embeddable":true,"href":"https:\/\/smago.de\/ws2\/wp-json\/wp\/v2\/users\/2"}],"replies":[{"embeddable":true,"href":"https:\/\/smago.de\/ws2\/wp-json\/wp\/v2\/comments?post=240912"}],"version-history":[{"count":3,"href":"https:\/\/smago.de\/ws2\/wp-json\/wp\/v2\/posts\/240912\/revisions"}],"predecessor-version":[{"id":240916,"href":"https:\/\/smago.de\/ws2\/wp-json\/wp\/v2\/posts\/240912\/revisions\/240916"}],"wp:featuredmedia":[{"embeddable":true,"href":"https:\/\/smago.de\/ws2\/wp-json\/wp\/v2\/media\/240913"}],"wp:attachment":[{"href":"https:\/\/smago.de\/ws2\/wp-json\/wp\/v2\/media?parent=240912"}],"wp:term":[{"taxonomy":"category","embeddable":true,"href":"https:\/\/smago.de\/ws2\/wp-json\/wp\/v2\/categories?post=240912"},{"taxonomy":"post_tag","embeddable":true,"href":"https:\/\/smago.de\/ws2\/wp-json\/wp\/v2\/tags?post=240912"}],"curies":[{"name":"wp","href":"https:\/\/api.w.org\/{rel}","templated":true}]}}