{"id":240803,"date":"2025-04-25T00:00:48","date_gmt":"2025-04-24T22:00:48","guid":{"rendered":"https:\/\/smago.de\/ws2\/?p=240803"},"modified":"2025-04-24T23:53:09","modified_gmt":"2025-04-24T21:53:09","slug":"oliver-dunk-christian-juhre-grosse-vorfreude-auf-das-schlager-radio-festival-am-24-05-2025-in-neuruppin","status":"publish","type":"post","link":"https:\/\/smago.de\/ws2\/schlager\/oliver-dunk-christian-juhre-grosse-vorfreude-auf-das-schlager-radio-festival-am-24-05-2025-in-neuruppin\/","title":{"rendered":"OLIVER DUNK \u2013 CHRISTIAN JUHRE <br>Gro\u00dfe Vorfreude auf das &#8222;Schlager Radio Festival&#8220; am 24.05.2025 in Neuruppin!"},"content":{"rendered":"<p style=\"text-align: justify;\">Mit dabei: Bernhard Brink, Marianne Rosenberg, Joey Heindle, Olaf der Flipper, Pia Malo, Pia-Sophie, CORA, Olaf Berger, Mitch Keller, Anna-Maria Zivkov u.a.!<!--more--><\/p>\n<p>&nbsp;<\/p>\n<p>&nbsp;<\/p>\n<p style=\"text-align: justify;\">\n<p style=\"text-align: justify;\">Am Mittwochvormittag (23.04.2025) fand im TURM ErlebnisCity Oranienburg das fast schon traditionelle &#8222;Pressebrunch mit Fototermin&#8220; statt. Schlager Radio-Gesch\u00e4ftsf\u00fchrer Oliver Dunk konnte \u2013 neben Festival-Veranstalter Christian Juhre \u2013 mit Joey Heindle aufwarten, der am 24.05.2025 auf dem Hangar-312 Gel\u00e4nde in Neuruppin beim &#8222;Schlager Radio Festival&#8220; mit dabei sein wird.<\/p>\n<p style=\"text-align: justify;\">Zun\u00e4chst richtete Oliver Dunk ein &#8222;<span class=\"ng-star-inserted\" style=\"text-align: justify;\">Dankesch\u00f6n <\/span><span class=\"ng-star-inserted\" style=\"text-align: justify;\">an <\/span><span class=\"ng-star-inserted\" style=\"text-align: justify;\">die <\/span><span class=\"ng-star-inserted\" style=\"text-align: justify;\" contenteditable=\"false\">Turmerlebnis-City, <\/span><span class=\"ng-star-inserted\" style=\"text-align: justify;\">dass <\/span><span class=\"ng-star-inserted\" style=\"text-align: justify;\">sie <\/span><span class=\"ng-star-inserted\" style=\"text-align: justify;\">uns <\/span><span class=\"ng-star-inserted\" style=\"text-align: justify;\">hier <\/span><span class=\"ng-star-inserted\" style=\"text-align: justify;\">beherbergt&#8220;. &#8222;<\/span><span class=\"ng-star-inserted\" style=\"text-align: justify;\">Diesmal <\/span><span class=\"ng-star-inserted\" style=\"text-align: justify;\">ist <\/span><span class=\"ng-star-inserted\" style=\"text-align: justify;\">das <\/span><span class=\"ng-star-inserted\" style=\"text-align: justify;\">Festival <\/span><span class=\"ng-star-inserted\" style=\"text-align: justify;\">ausnahmsweise <\/span><span class=\"ng-star-inserted\" style=\"text-align: justify;\">nicht <\/span><span class=\"ng-star-inserted\" style=\"text-align: justify;\">in <\/span><span class=\"ng-star-inserted badge badge-primary p-1 fw-normal fs-6 text-white\" style=\"text-align: justify;\">Oranienburg&#8220;, f\u00fchrte er weiter aus. &#8222;Wir sind \u2013 <\/span><span class=\"ng-star-inserted\" style=\"text-align: justify;\">als <\/span><span class=\"ng-star-inserted\" style=\"text-align: justify;\">landesweites <\/span><span class=\"ng-star-inserted\" style=\"text-align: justify;\">Programm <\/span><span class=\"ng-star-inserted\" style=\"text-align: justify;\">f\u00fcr <\/span><span class=\"ng-star-inserted\" style=\"text-align: justify;\">Berlin und Brandenburg \u2013 nach Neuruppin zu Christian Juhre in den Hangar-312 weitergezogen.&#8220;<\/span><\/p>\n<p style=\"text-align: justify;\">Unter dem Motto &#8222;Stars hautnah beim &#8218;Schlager Radio Festival'&#8220; sei auch in diesem Jahr f\u00fcr ein &#8222;<span style=\"text-align: justify;\">tolles Programm&#8220; gesorgt: &#8222;Bernhard Brink ist mit dabei. Er wird mit dem Preis f\u00fcrs Lebenswerk ausgezeichnet. (Der 31-j\u00e4hrige Joey Heindle durfte den Preis f\u00fcr das Lebenswerk immerhin schon einmal anfassen &#8230;) Pia-Sophie \u2013 <\/span><span style=\"text-align: justify;\">ein Nachwuchsstar, eine K\u00fcnstlerin, die gute Voraussetzungen hat, ganz nach oben zu kommen \u2013 bekommt den Nachwuchspreis. Marianne Rosenberg ist mit dabei &#8230;&#8220;\u00a0<\/span><\/p>\n<div class=\"border-start-works border-3 border-active active px-2\">\n<div class=\"d-flex align-items-start row-transcript w-100\">\n<div class=\"d-flex hover-bg py-2 w-100\" style=\"text-align: justify;\">\n<p class=\"p2\" style=\"text-align: justify;\">Festival-Veranstalter Christian Juhre verspricht den Besucherinnen und Besuchern &#8222;viel Platz&#8220;: &#8222;<span class=\"ng-star-inserted\"><span class=\"ng-star-inserted\">Wir haben<\/span><span class=\"ng-star-inserted\">ein <\/span><span class=\"ng-star-inserted\">gro\u00dfes <\/span><span class=\"ng-star-inserted\">Festivalgel\u00e4nde, nicht nur die Open Air B\u00fchne, sondern auch einen <\/span><\/span><span class=\"ng-star-inserted\">Kinderspielplatz \u2013 von der Schiffschaukel bis zu H\u00fcpfburgen.&#8220; Des Weiteren k\u00fcndigte er auch &#8222;kulinarische Highlights&#8220; an (&#8222;, so dass es nicht langweilig wird&#8220;).<\/span><\/p>\n<p style=\"text-align: justify;\">Auch an die Nicht-Autofahrer wurde gedacht. So wird eigens ein Bus-Shuttle organisiert, der von Berlin-Alexanderplatz und Berlin-Zoologischer Garten direkt zum Festivalgel\u00e4nde (und wieder zur\u00fcck) f\u00e4hrt. &#8222;<span class=\"ng-star-inserted\">Dort <\/span><span class=\"ng-star-inserted\">k\u00f6nnen <\/span><span class=\"ng-star-inserted\">die <\/span><span class=\"ng-star-inserted\">Leute, <\/span><span class=\"ng-star-inserted\">die <\/span><span class=\"ng-star-inserted\">das <\/span><span class=\"ng-star-inserted\">m\u00f6chten, <\/span><span class=\"ng-star-inserted\">f\u00fcr <\/span><span class=\"ng-star-inserted\">gerade ein<\/span><span class=\"ng-star-inserted\">mal <\/span><span class=\"ng-star-inserted\">15 Euro <\/span><span class=\"ng-star-inserted\">ein <\/span><span class=\"ng-star-inserted\">Ticket <\/span><span class=\"ng-star-inserted\">erwerben <\/span><span class=\"ng-star-inserted\">und <\/span><span class=\"ng-star-inserted\">haben \u2013 f\u00fcr die Hin- und R\u00fcckfahrt. Das ist nochmal eine Erweiterung f\u00fcr alle, die von au\u00dferhalb kommen&#8220;.<\/span><\/p>\n<p style=\"text-align: justify;\">Christian Juhre versichert: &#8222;Wir sind f\u00fcr alles vorbereitet und freuen uns riesig&#8220;. Oliver Dunk erg\u00e4nzte, dass das Vorprogramm bereits um 12:00 Uhr beginne, das Programm als solches w\u00fcrde von 13:00 Uhr &#8211; 22:00 Uhr gehen. &#8222;Schlager Radio&#8220; wird im \u00dcbrigen noch eine Taxifahrt aus Berlin zum Festivalgel\u00e4nde verlosen. Neuruppin sei &#8222;komplettes Neuland, gerade f\u00fcr die Fans&#8220;, r\u00e4umte Oliver Dunk unumwunden ein und meinte damit die &#8222;Entfernung zum Ballungsraum&#8220;. Und dennoch: &#8222;Wir rechnen mit \u00fcber 3.000 Besuchern&#8220;.<\/p>\n<\/div>\n<\/div>\n<\/div>\n<p>&nbsp;<\/p>\n<p>HINWEIS: Das Gespr\u00e4ch mit Joey Heindle wird <strong><a href=\"http:\/\/www.smago.de\">www.smago.de<\/a><\/strong> voraussichtlich am Montag (28.04.2025) bringen &#8230;<\/p>\n<div><\/div>\n<div><img decoding=\"async\" loading=\"lazy\" class=\"alignnone size-large wp-image-240804\" src=\"https:\/\/smago.de\/ws2\/wp-content\/uploads\/2025\/04\/neuruppin-800x451.webp\" alt=\"\" width=\"800\" height=\"451\" srcset=\"https:\/\/smago.de\/ws2\/wp-content\/uploads\/2025\/04\/neuruppin-800x451.webp 800w, https:\/\/smago.de\/ws2\/wp-content\/uploads\/2025\/04\/neuruppin-522x294.webp 522w, https:\/\/smago.de\/ws2\/wp-content\/uploads\/2025\/04\/neuruppin-266x150.webp 266w, https:\/\/smago.de\/ws2\/wp-content\/uploads\/2025\/04\/neuruppin-768x433.webp 768w, https:\/\/smago.de\/ws2\/wp-content\/uploads\/2025\/04\/neuruppin-392x221.webp 392w, https:\/\/smago.de\/ws2\/wp-content\/uploads\/2025\/04\/neuruppin-130x73.webp 130w, https:\/\/smago.de\/ws2\/wp-content\/uploads\/2025\/04\/neuruppin-790x445.webp 790w, https:\/\/smago.de\/ws2\/wp-content\/uploads\/2025\/04\/neuruppin-870x489.webp 870w, https:\/\/smago.de\/ws2\/wp-content\/uploads\/2025\/04\/neuruppin-292x164.webp 292w, https:\/\/smago.de\/ws2\/wp-content\/uploads\/2025\/04\/neuruppin-435x245.webp 435w, https:\/\/smago.de\/ws2\/wp-content\/uploads\/2025\/04\/neuruppin-895x503.webp 895w, https:\/\/smago.de\/ws2\/wp-content\/uploads\/2025\/04\/neuruppin.webp 1200w\" sizes=\"(max-width: 800px) 100vw, 800px\" \/><\/div>\n<div class=\"mat-mdc-text-field-wrapper mdc-text-field ng-tns-c594611921-2 mdc-text-field--outlined mdc-text-field--no-label\">\n<div class=\"mat-mdc-form-field-flex ng-tns-c594611921-2\">\n<div class=\"mat-mdc-form-field-infix ng-tns-c594611921-2\"><\/div>\n<\/div>\n<\/div>\n<div class=\"border-start-works border-3 border-active active px-2\">\n<div class=\"d-flex align-items-center py-1 ng-star-inserted\"><\/div>\n<\/div>\n<div class=\"border-start-works border-3 border-active active px-2\">\n<div class=\"d-flex align-items-start row-transcript w-100\">\n<div class=\"d-flex hover-bg py-2 w-100\"><\/div>\n<\/div>\n<\/div>\n","protected":false},"excerpt":{"rendered":"<p>Mit dabei: Bernhard Brink, Marianne Rosenberg, Joey Heindle, Olaf der Flipper, Pia Malo, Pia-Sophie, CORA, Olaf Berger, Mitch Keller, Anna-Maria<\/p>\n","protected":false},"author":2,"featured_media":240804,"comment_status":"open","ping_status":"closed","sticky":false,"template":"","format":"standard","meta":{"_FSMCFIC_featured_image_caption":"","_FSMCFIC_featured_image_nocaption":"","_FSMCFIC_featured_image_hide":""},"categories":[29],"tags":[2257],"acf":[],"_links":{"self":[{"href":"https:\/\/smago.de\/ws2\/wp-json\/wp\/v2\/posts\/240803"}],"collection":[{"href":"https:\/\/smago.de\/ws2\/wp-json\/wp\/v2\/posts"}],"about":[{"href":"https:\/\/smago.de\/ws2\/wp-json\/wp\/v2\/types\/post"}],"author":[{"embeddable":true,"href":"https:\/\/smago.de\/ws2\/wp-json\/wp\/v2\/users\/2"}],"replies":[{"embeddable":true,"href":"https:\/\/smago.de\/ws2\/wp-json\/wp\/v2\/comments?post=240803"}],"version-history":[{"count":2,"href":"https:\/\/smago.de\/ws2\/wp-json\/wp\/v2\/posts\/240803\/revisions"}],"predecessor-version":[{"id":240808,"href":"https:\/\/smago.de\/ws2\/wp-json\/wp\/v2\/posts\/240803\/revisions\/240808"}],"wp:featuredmedia":[{"embeddable":true,"href":"https:\/\/smago.de\/ws2\/wp-json\/wp\/v2\/media\/240804"}],"wp:attachment":[{"href":"https:\/\/smago.de\/ws2\/wp-json\/wp\/v2\/media?parent=240803"}],"wp:term":[{"taxonomy":"category","embeddable":true,"href":"https:\/\/smago.de\/ws2\/wp-json\/wp\/v2\/categories?post=240803"},{"taxonomy":"post_tag","embeddable":true,"href":"https:\/\/smago.de\/ws2\/wp-json\/wp\/v2\/tags?post=240803"}],"curies":[{"name":"wp","href":"https:\/\/api.w.org\/{rel}","templated":true}]}}