{"id":240708,"date":"2025-04-23T18:09:23","date_gmt":"2025-04-23T16:09:23","guid":{"rendered":"https:\/\/smago.de\/ws2\/?p=240708"},"modified":"2025-04-23T18:13:54","modified_gmt":"2025-04-23T16:13:54","slug":"waltraud-haas-waltraud-haas-ist-tot","status":"publish","type":"post","link":"https:\/\/smago.de\/ws2\/oldies\/waltraud-haas-waltraud-haas-ist-tot\/","title":{"rendered":"WALTRAUD HAAS <br>Waltraud Haas ist tot!"},"content":{"rendered":"<p style=\"text-align: justify;\">Die legend\u00e4re &#8222;R\u00f6\u00dfl&#8220; Wirtin wurde 97 Jahre alt!<br \/>\n<!--more--><\/p>\n<p>&nbsp;<\/p>\n<p>&nbsp;<\/p>\n<p>&nbsp;<\/p>\n<p style=\"text-align: justify;\">WALTRAUD HAAS, auch Waltraud Haas und Waltraute Haas-Strahl (* 9. Juni 1927 in Wien; \u2020 23. April 2025 ebenda) war eine \u00f6sterreichische Schauspielerin und S\u00e4ngerin. Sie erreichte durch ihre Auftritte in Heimat- und Musikfilmen wie &#8222;Der Hofrat Geiger&#8220; und &#8222;Im wei\u00dfen R\u00f6\u00dfl&#8220; gro\u00dfe Bekanntheit.<\/p>\n<p>&nbsp;<\/p>\n<p>&nbsp;<\/p>\n<p>&nbsp;<\/p>\n<p style=\"text-align: justify;\"><strong>Leben<\/strong><\/p>\n<p>&nbsp;<\/p>\n<p>&nbsp;<\/p>\n<p style=\"text-align: justify;\">Die Tochter des Volksschullehrers Walther Haas und dessen Ehefrau Stefanie, geborene Klager, verlor ihren Vater bereits im Alter von f\u00fcnf Jahren. Ihre Mutter betrieb im Schloss Sch\u00f6nbrunn ein Restaurant, so wuchs Haas auch im Schlosskomplex auf. W\u00e4hrend des Krieges besuchte sie eine Modeschule, die sie mit der Gesellenpr\u00fcfung abschloss. Nach Kriegsende nahm sie Schauspielunterricht bei der Burgschauspielerin Julia Janssen und studierte Musik am Konservatorium Wien. Ihr Deb\u00fct gab sie am Landestheater Linz; ab 1948 spielte sie am Renaissancetheater und anderen Wiener B\u00fchnen. So trat sie bereits 1949 gemeinsam mit Peter Alexander in Ludwig Schmidseders Operette &#8222;Abschiedswalzer&#8220; am Wiener B\u00fcrgertheater auf.<\/p>\n<p style=\"text-align: justify;\">Ihren Durchbruch als Filmschauspielerin erlebte sie mit der Rolle des jungen Wachauer M\u00e4dels Mariandl M\u00fchlhuber im Heimatfilm &#8222;Der Hofrat Geiger&#8220; (1947). Im Remake &#8222;Mariandl&#8220; (1961) und der Fortsetzung &#8222;Mariandls Heimkehr&#8220; (1962) verk\u00f6rperte sie die Mutter, ebenso bei den Wachaufestspielen 2005, bei denen ihr Mann den Hofrat spielte und Regie f\u00fchrte. Er sollte auch im Wiener Gloria-Theater Regie f\u00fchren, starb jedoch vorher. Im September 2011 hatte dann das St\u00fcck mit ihrem Sohn als Regisseur Premiere, und Haas spielte die Ziehoma.<\/p>\n<p style=\"text-align: justify;\">Haas war vor allem in den 1950er- und 1960er-Jahren popul\u00e4r, als sie in zahlreichen musikalischen Unterhaltungs- und Operettenfilmen mitspielte, darunter als R\u00f6\u00dfl-Wirtin &#8222;Im wei\u00dfen R\u00f6\u00dfl&#8220; (1960) mit Peter Alexander als Leopold. In den 1960er Jahren kehrte sie wieder h\u00e4ufiger auf die B\u00fchne zur\u00fcck. Seit 1990 schrieb sie M\u00e4rchenb\u00fccher.<\/p>\n<p style=\"text-align: justify;\">Waltraut Haas war 1953 mit dem Radsportler Hugo Koblet verlobt und ab dem 28. Juli 1966 mit dem Schauspieler Erwin Strahl verheiratet. Regisseur Franz Antel filmte die kirchliche Eheschlie\u00dfung am 30. Juli in Sankt Gilgen bei den Dreharbeiten zu der Produktion&#8220; 00 sex am Wolfgangsee&#8220;, benutzte die Trauungsszene aber vereinbarungsgem\u00e4\u00df nicht f\u00fcr Filmzwecke. Ihr gemeinsamer Sohn ist der Theaterregisseur und Schauspieler Marcus Strahl. Der Musiker Andy Lee Lang ist ein Gro\u00dfneffe.<\/p>\n<p style=\"text-align: justify;\">2008 wurde die K\u00fcnstlerin in W\u00fcrdigung ihrer langj\u00e4hrigen und herausragenden Verdienste um Theater, Film und Kunst auf Vorschlag von Intendant Hans Pischner und Kammers\u00e4nger Heiko Reissig zum ordentlichen Ehrenmitglied der Europ\u00e4ischen Kulturwerkstatt (EKW) in Berlin berufen.<\/p>\n<p style=\"text-align: justify;\">Gemeinsam mit Kurt Elsasser nahm sie 2016 zu ihrem 70-j\u00e4hrigen B\u00fchnenjubil\u00e4um das Duett &#8222;Dieses Gl\u00fccksgef\u00fchl&#8220; auf.<\/p>\n<p style=\"text-align: justify;\">Haas starb am 23. April 2025 im Alter von 97 Jahren in Wien.<sup id=\"cite_ref-9\" class=\"reference\"><\/sup><\/p>\n<p style=\"text-align: justify;\">Die Familie von Waltraud Haas teilt mit: <em>&#8222;Trotz aller unendlicher Trauer sind wir dankbar, dass sie so ein langes Leben hatte, so vielen Menschen Freude bereiten konnte und auch bis zuletzt in verh\u00e4ltnism\u00e4\u00dfig guter k\u00f6rperlicher Verfassung war.&#8220;<\/em><\/p>\n<p style=\"text-align: justify;\">Und weiter: <em>&#8222;Waltraut Haas war das Mariandl und die R\u00f6ssl-Wirtin der Nation \u2013 und wird es f\u00fcr immer bleiben. Neben ihrer beeindruckenden Karriere war sie vorrangig eines: ein warmherziger, humorvoller und zutiefst liebenswerter Mensch. Die L\u00fccke, die sie hinterl\u00e4sst, ist gro\u00df.&#8220;<\/em><\/p>\n<p style=\"text-align: justify;\"><em>&#8222;Um die n\u00f6tige Ruhe und Privatsph\u00e4re zum Trauern zu haben&#8220;,<\/em> findet die Beerdigung im engsten Familienkreis statt.<\/p>\n","protected":false},"excerpt":{"rendered":"<p>Die legend\u00e4re &#8222;R\u00f6\u00dfl&#8220; Wirtin wurde 97 Jahre alt!<\/p>\n","protected":false},"author":2,"featured_media":240711,"comment_status":"open","ping_status":"closed","sticky":false,"template":"","format":"standard","meta":{"_FSMCFIC_featured_image_caption":"","_FSMCFIC_featured_image_nocaption":"","_FSMCFIC_featured_image_hide":""},"categories":[24,39],"tags":[1078],"acf":[],"_links":{"self":[{"href":"https:\/\/smago.de\/ws2\/wp-json\/wp\/v2\/posts\/240708"}],"collection":[{"href":"https:\/\/smago.de\/ws2\/wp-json\/wp\/v2\/posts"}],"about":[{"href":"https:\/\/smago.de\/ws2\/wp-json\/wp\/v2\/types\/post"}],"author":[{"embeddable":true,"href":"https:\/\/smago.de\/ws2\/wp-json\/wp\/v2\/users\/2"}],"replies":[{"embeddable":true,"href":"https:\/\/smago.de\/ws2\/wp-json\/wp\/v2\/comments?post=240708"}],"version-history":[{"count":4,"href":"https:\/\/smago.de\/ws2\/wp-json\/wp\/v2\/posts\/240708\/revisions"}],"predecessor-version":[{"id":240715,"href":"https:\/\/smago.de\/ws2\/wp-json\/wp\/v2\/posts\/240708\/revisions\/240715"}],"wp:featuredmedia":[{"embeddable":true,"href":"https:\/\/smago.de\/ws2\/wp-json\/wp\/v2\/media\/240711"}],"wp:attachment":[{"href":"https:\/\/smago.de\/ws2\/wp-json\/wp\/v2\/media?parent=240708"}],"wp:term":[{"taxonomy":"category","embeddable":true,"href":"https:\/\/smago.de\/ws2\/wp-json\/wp\/v2\/categories?post=240708"},{"taxonomy":"post_tag","embeddable":true,"href":"https:\/\/smago.de\/ws2\/wp-json\/wp\/v2\/tags?post=240708"}],"curies":[{"name":"wp","href":"https:\/\/api.w.org\/{rel}","templated":true}]}}