{"id":239015,"date":"2025-03-15T23:59:35","date_gmt":"2025-03-15T22:59:35","guid":{"rendered":"https:\/\/smago.de\/ws2\/?p=239015"},"modified":"2025-03-15T23:29:59","modified_gmt":"2025-03-15T22:29:59","slug":"sebastian-krumbiegel-prinz-sebastian-in-der-sendung-das-zu-gast-so-16-03-2025-ndr-fernsehen","status":"publish","type":"post","link":"https:\/\/smago.de\/ws2\/pop\/sebastian-krumbiegel-prinz-sebastian-in-der-sendung-das-zu-gast-so-16-03-2025-ndr-fernsehen\/","title":{"rendered":"SEBASTIAN KRUMBIEGEL <br>&#8222;Prinz Sebastian&#8220; in der Sendung &#8222;DAS!&#8220; zu Gast \u2013 So., 16.03.2025, NDR Fernsehen!"},"content":{"rendered":"<p>18:45 Uhr &#8211; 19:30 Uhr (Wh.: Mo., 17.03., 05:10 Uhr &#8211; 05:55 Uhr)!<br \/>\n<!--more--><\/p>\n<p>&nbsp;<\/p>\n<p>&nbsp;<\/p>\n<p style=\"text-align: justify;\">\nSEBASTIAN KRUMBIEGEL ist f\u00fcr immer ein &#8222;Prinz&#8220;. Mit der Band Die Prinzen war er einer der ersten gesamtdeutschen Popstars. Dabei hat der 59-j\u00e4hrige Leipziger viel mehr zu bieten: Bereits im Thomanerchor fiel Sebastian Krumbiegel durch ein rebellisches Naturell auf; er mischt sich bis heute ein und zeigt Haltung. Er engagiert sich \u00f6ffentlich f\u00fcr Demokratie, Frieden und Menschenrechte und positioniert sich gegen autorit\u00e4re Herrscher. Krumbiegel tauscht sich \u00fcber seine politische Sichtweise mit den f\u00fchrenden deutschen Politikern aus und ver\u00f6ffentlicht dazu, auch aktuell: &#8222;Meine Stimme: Zwischen Haltung und Unterhaltung&#8220;.<\/p>\n<p style=\"text-align: justify;\">Auch wenn &#8222;Die Prinzen&#8220; im 34 Jahr ihrer Bandgeschichte weiter f\u00fcr ihre Fans spielen, produziert und macht Krumbiegel l\u00e4ngst auch andere Musik.<\/p>\n<p style=\"text-align: justify;\">Wir sprechen \u00fcber seine Arbeit mit Eko Fresh und MoTrip, \u00fcber deutsch-deutsche Musikgeschichte und \u00fcber das Engagement f\u00fcr Demokratie.<\/p>\n<p>&nbsp;<\/p>\n<p>&nbsp;<\/p>\n<figure id=\"attachment_239016\" aria-describedby=\"caption-attachment-239016\" style=\"width: 800px\" class=\"wp-caption alignnone\"><img decoding=\"async\" loading=\"lazy\" class=\"size-large wp-image-239016\" src=\"https:\/\/smago.de\/ws2\/wp-content\/uploads\/2025\/03\/krumbiegel__Ventil-Verlag-_-Sebastian-Krumbiegel-800x450.jpeg\" alt=\"\" width=\"800\" height=\"450\" srcset=\"https:\/\/smago.de\/ws2\/wp-content\/uploads\/2025\/03\/krumbiegel__Ventil-Verlag-_-Sebastian-Krumbiegel-800x450.jpeg 800w, https:\/\/smago.de\/ws2\/wp-content\/uploads\/2025\/03\/krumbiegel__Ventil-Verlag-_-Sebastian-Krumbiegel-522x294.jpeg 522w, https:\/\/smago.de\/ws2\/wp-content\/uploads\/2025\/03\/krumbiegel__Ventil-Verlag-_-Sebastian-Krumbiegel-267x150.jpeg 267w, https:\/\/smago.de\/ws2\/wp-content\/uploads\/2025\/03\/krumbiegel__Ventil-Verlag-_-Sebastian-Krumbiegel-768x432.jpeg 768w, https:\/\/smago.de\/ws2\/wp-content\/uploads\/2025\/03\/krumbiegel__Ventil-Verlag-_-Sebastian-Krumbiegel-1536x864.jpeg 1536w, https:\/\/smago.de\/ws2\/wp-content\/uploads\/2025\/03\/krumbiegel__Ventil-Verlag-_-Sebastian-Krumbiegel-392x221.jpeg 392w, https:\/\/smago.de\/ws2\/wp-content\/uploads\/2025\/03\/krumbiegel__Ventil-Verlag-_-Sebastian-Krumbiegel-130x73.jpeg 130w, https:\/\/smago.de\/ws2\/wp-content\/uploads\/2025\/03\/krumbiegel__Ventil-Verlag-_-Sebastian-Krumbiegel-791x445.jpeg 791w, https:\/\/smago.de\/ws2\/wp-content\/uploads\/2025\/03\/krumbiegel__Ventil-Verlag-_-Sebastian-Krumbiegel-870x489.jpeg 870w, https:\/\/smago.de\/ws2\/wp-content\/uploads\/2025\/03\/krumbiegel__Ventil-Verlag-_-Sebastian-Krumbiegel-292x164.jpeg 292w, https:\/\/smago.de\/ws2\/wp-content\/uploads\/2025\/03\/krumbiegel__Ventil-Verlag-_-Sebastian-Krumbiegel-435x245.jpeg 435w, https:\/\/smago.de\/ws2\/wp-content\/uploads\/2025\/03\/krumbiegel__Ventil-Verlag-_-Sebastian-Krumbiegel-895x503.jpeg 895w, https:\/\/smago.de\/ws2\/wp-content\/uploads\/2025\/03\/krumbiegel__Ventil-Verlag-_-Sebastian-Krumbiegel.jpeg 1920w\" sizes=\"(max-width: 800px) 100vw, 800px\" \/><figcaption id=\"caption-attachment-239016\" class=\"wp-caption-text\"><em>Foto-Credit: Ventil Verlag \/ Sebastian Krumbiegel<\/em><\/figcaption><\/figure>\n","protected":false},"excerpt":{"rendered":"<p>18:45 Uhr &#8211; 19:30 Uhr (Wh.: Mo., 17.03., 05:10 Uhr &#8211; 05:55 Uhr)!<\/p>\n","protected":false},"author":2,"featured_media":239016,"comment_status":"open","ping_status":"closed","sticky":false,"template":"","format":"standard","meta":{"_FSMCFIC_featured_image_caption":"","_FSMCFIC_featured_image_nocaption":"","_FSMCFIC_featured_image_hide":""},"categories":[27],"tags":[125,1091,1820],"acf":[],"_links":{"self":[{"href":"https:\/\/smago.de\/ws2\/wp-json\/wp\/v2\/posts\/239015"}],"collection":[{"href":"https:\/\/smago.de\/ws2\/wp-json\/wp\/v2\/posts"}],"about":[{"href":"https:\/\/smago.de\/ws2\/wp-json\/wp\/v2\/types\/post"}],"author":[{"embeddable":true,"href":"https:\/\/smago.de\/ws2\/wp-json\/wp\/v2\/users\/2"}],"replies":[{"embeddable":true,"href":"https:\/\/smago.de\/ws2\/wp-json\/wp\/v2\/comments?post=239015"}],"version-history":[{"count":1,"href":"https:\/\/smago.de\/ws2\/wp-json\/wp\/v2\/posts\/239015\/revisions"}],"predecessor-version":[{"id":239017,"href":"https:\/\/smago.de\/ws2\/wp-json\/wp\/v2\/posts\/239015\/revisions\/239017"}],"wp:featuredmedia":[{"embeddable":true,"href":"https:\/\/smago.de\/ws2\/wp-json\/wp\/v2\/media\/239016"}],"wp:attachment":[{"href":"https:\/\/smago.de\/ws2\/wp-json\/wp\/v2\/media?parent=239015"}],"wp:term":[{"taxonomy":"category","embeddable":true,"href":"https:\/\/smago.de\/ws2\/wp-json\/wp\/v2\/categories?post=239015"},{"taxonomy":"post_tag","embeddable":true,"href":"https:\/\/smago.de\/ws2\/wp-json\/wp\/v2\/tags?post=239015"}],"curies":[{"name":"wp","href":"https:\/\/api.w.org\/{rel}","templated":true}]}}