{"id":238639,"date":"2025-03-06T23:59:17","date_gmt":"2025-03-06T22:59:17","guid":{"rendered":"https:\/\/smago.de\/ws2\/?p=238639"},"modified":"2025-03-06T14:31:54","modified_gmt":"2025-03-06T13:31:54","slug":"hans-sigl-fr-07-03-2025-in-der-ndr-talk-show-zu-gast","status":"publish","type":"post","link":"https:\/\/smago.de\/ws2\/uncategorized\/hans-sigl-fr-07-03-2025-in-der-ndr-talk-show-zu-gast\/","title":{"rendered":"HANS SIGL <br>Fr. (07.03.2025) in der &#8222;NDR Talk Show&#8220; zu Gast!"},"content":{"rendered":"<p style=\"text-align: justify;\">NDR Fernsehen + HR Fernsehen, 22:00 Uhr &#8211; 00:00 Uhr! Bettina Tietjen und Steven G\u00e4tjen!<br \/>\n<!--more--><\/p>\n<p>&nbsp;<\/p>\n<p>&nbsp;<\/p>\n<p>&nbsp;<\/p>\n<p>&nbsp;<\/p>\n<p style=\"text-align: justify;\">Bettina Tietjen und Steven G\u00e4tjen begr\u00fc\u00dfen in der NDR Talk Show aus Hamburg folgende G\u00e4ste &#8230;:<\/p>\n<p>&nbsp;<\/p>\n<p>&nbsp;<\/p>\n<p>&nbsp;<\/p>\n<h2 style=\"text-align: justify;\">Yael Adler, Haut\u00e4rztin und Ern\u00e4hrungsmedizinerin<\/h2>\n<div class=\"contentimage w50\" style=\"text-align: justify;\"><\/div>\n<p style=\"text-align: justify;\">Sollten Frauen ihr Gesicht rasieren? F\u00fchren Erektionscremes zu dicken Lippen? Wie gut ist es, auf Shampoo zu verzichten? Mit Fragen wie diesen setzt sich Yael Adler, eine der bekanntesten Dermatologinnen Deutschlands, auseinander und liefert seri\u00f6se Antworten. Die Fach\u00e4rztin f\u00fcr Hautkrankheiten und Ern\u00e4hrungsmedizin ist viele Jahre in der Forschung t\u00e4tig bevor sie 2007 ihre eigene Praxis in Berlin er\u00f6ffnet. Weil sie Komplexes einfach erkl\u00e4ren kann, ist sie eine gefragte Expertin in verschiedenen TV-Sendungen. Alle ihre B\u00fccher sind Bestseller. Ihr neustes Werk &#8222;Genial ern\u00e4hrt!&#8220; geht unter die Haut: Sie nimmt Di\u00e4ten, Superfoods und Essgewohnheiten unter die Lupe und sorgt f\u00fcr mehr Durchblick im Dschungel der Ern\u00e4hrungsmedizin. Ihre neusten Erkenntnisse pr\u00e4sentiert sie in der NDR Talk Show.<\/p>\n<h2><\/h2>\n<h2><\/h2>\n<h2><\/h2>\n<h2 style=\"text-align: justify;\">Tahsim Durgun, Autor und Influencer<\/h2>\n<div class=\"contentimage w50\" style=\"text-align: justify;\"><\/div>\n<p style=\"text-align: justify;\">Bevor Tahsim Durgun Fahrradfahren kann, entziffert er f\u00fcr seine Mutter Stromrechnungen und begleitet sie bei Arztbesuchen als Dolmetscher &#8211; wie viele Kinder mit Migrationsgeschichte. Er entwickelt ein feines Gesp\u00fcr f\u00fcr Sprache und Ironie. Der deutsch-kurdische Influencer ist in Oldenburg geboren und studiert nach der Schule Lehramt f\u00fcr Deutsch und Geschichte. Seine Social-Media-Beitr\u00e4ge \u00fcber die deutsche Gesellschaft haben Hunderttausende Follower und werden sogar im Bundestag wahrgenommen. Seine Mutter spielt in seinen Videos h\u00e4ufig eine Rolle und nun hat der 29-J\u00e4hrige ein Buch mit dem Titel <a title=\"Zum Artikel: Mama, bitte lern deutsch!\" href=\"https:\/\/www.ndr.de\/kultur\/buch\/tipps\/Mama-bitte-lern-Deutsch-Tahsim-Durguns-Deutschbuch-ueber-Einwandererfamilien,tahsimdurgun100.html\">&#8222;Mama, bitte lern Deutsch&#8220;<\/a> geschrieben. Was hinter diesem Apell steckt und was er alles von seiner Mutter gelernt hat, erz\u00e4hlt Tahsim Durgun in der NDR Talk Show.<\/p>\n<div class=\"contentbox list voll\" style=\"text-align: justify;\">\n<div class=\"teaser\">\n<div class=\"teaserimage\"><\/div>\n<div class=\"teaserpadding\">\n<div class=\"teasertext\">\n<p>&nbsp;<\/p>\n<\/div>\n<\/div>\n<\/div>\n<\/div>\n<h2><\/h2>\n<h2><\/h2>\n<h2 style=\"text-align: justify;\">&#8222;Salut Salon&#8220;, Musikerinnen<\/h2>\n<div class=\"contentimage w50\" style=\"text-align: justify;\"><\/div>\n<p style=\"text-align: justify;\">Sie sind musikalisch virtuos, \u00e4u\u00dferst akrobatisch, herrlich humorvoll und hei\u00dfen &#8222;Salut Salon&#8220;. Tango, Chanson, Klassik oder Filmmusik &#8211; es gibt kaum ein Genre, das sie nicht beherrschen. Das Frauen-Quartett aus zwei Geigen, Klavier und Cello besteht seit 2000, die Violinistin Angelika Bachmann ist Gr\u00fcnderin der Salon-Damen. Seitdem gastieren die vier Virtuosinnen in den renommiertesten Konzerth\u00e4usern weltweit und begeistern ihr Publikum mit irrwitzigen musikalischen Parforceritten. Mit ihrem neuen Programm &#8222;Heimat&#8220; vervollst\u00e4ndigen &#8222;Salut Salon&#8220; ihre Konzert-Trilogie: Auf &#8222;Liebe&#8220; und &#8222;Tr\u00e4ume&#8220; folgt nun das n\u00e4chste gro\u00dfe Thema. Und wo ihre Heimat ist, steht schon mal fest: in der Musik. Mit ihrer geballten Power bringen die vier Frauen die NDR Talk Show zum Beben. Besser kann der Weltfrauentag nicht starten!<\/p>\n<h2><\/h2>\n<h2><\/h2>\n<h2><\/h2>\n<h2 style=\"text-align: justify;\">Max Giermann, Schauspieler und Parodist<\/h2>\n<div class=\"contentimage w50\" style=\"text-align: justify;\"><\/div>\n<p style=\"text-align: justify;\">Bei einem Workshop in Clownerie w\u00e4hrend seines Studiums entdeckt er sein komisches Talent: &#8222;Manchmal sind es einfach Zuf\u00e4lle, die sowas zu Tage f\u00f6rdern. Ich war jetzt nie der Klassenclown oder der Typ, der auf den Partys in der K\u00fcche stand und alle unterhalten hat&#8220;, sagt Max Giermann. Heute ist er einer der besten Parodisten des Landes, schl\u00fcpft u.a. f\u00fcr <a title=\"Zum Artikel: extra 3 - Der Irrsinn der Woche\" href=\"https:\/\/www.ndr.de\/fernsehen\/sendungen\/extra_3\/index.html\">&#8222;extra 3&#8220;<\/a> in verschiedene Rollen. Ob Karl Lagerfeld, Stefan Raab, Sigmar Gabriel, Markus Lanz, Jens Spahn oder Donald Trump &#8211; er kann sie alle. Mehrfach ist der 49-J\u00e4hrige daf\u00fcr u.a. mit dem Deutschen Comedypreis, dem Deutschen Fernsehpreis und dem Grimme-Preis ausgezeichnet worden. Jetzt ist der geb\u00fcrtige Freiburger als Geist zu sehen, in der ARD-Comedyserie &#8222;Ghosts&#8220;, in der er durch ein altes Herrenhaus spukt. Wie er es selbst mit dem \u00dcbersinnlichen h\u00e4lt, das erz\u00e4hlt Max Giermann in der NDR Talk Show.<\/p>\n<h2><\/h2>\n<h2><\/h2>\n<h2><\/h2>\n<h2 style=\"text-align: justify;\">Hans Sigl, Schauspieler<\/h2>\n<div class=\"contentimage w50\" style=\"text-align: justify;\"><\/div>\n<p>&nbsp;<\/p>\n<p style=\"text-align: justify;\">Als Dr. Martin Gruber begeistert er regelm\u00e4\u00dfig Millionen Menschen in der ZDF-Serie &#8222;Der Bergdoktor&#8220;: Hans Sigl. Der begeisterte Golfer schl\u00e4gt sich zun\u00e4chst mit Jura und Lehramt durch, bevor er im Schauspielgesch\u00e4ft den richtigen Treffer landet. In seinem neuen Film &#8222;Flucht aus Lissabon&#8220; tauscht Sigl Skalpell gegen Schusswaffe: Er spielt einen Menschenrechtsaktivisten, der eine portugiesische Kronzeugin sch\u00fctzen muss. Welche \u00dcberraschungen das neue Jahr noch bereith\u00e4lt und warum er es mit einem &#8222;Digital Detox&#8220; begonnen hat, das verr\u00e4t Hans Sigl in der NDR Talk Show.<\/p>\n<h2><\/h2>\n<h2><\/h2>\n<h2><\/h2>\n<h2 style=\"text-align: justify;\">Klara Lange, Schauspielerin<\/h2>\n<div class=\"contentimage w50\" style=\"text-align: justify;\"><\/div>\n<p style=\"text-align: justify;\">Wer die mehrfach pr\u00e4mierte Supermarkt-Serie &#8222;Die Discounter&#8220; kennt, kennt auch die Schauspielerin Klara Lange. Sie ist in der Rolle der Pina Kaiser der heimliche Star der Comedyserie. Als blasse ehrgeizige stellvertretende Filialleiterin arbeitet sie flei\u00dfig an ihrem Aufstieg, um eines Tages ihren Chef Thorsten Kruse zu beerben, dem sie fachlich ohnehin haushoch \u00fcberlegen ist. Klara Lange stammt aus Stade, wo ihre Mutter eine Tanzschule hat und Klara schon fr\u00fch tanzen lernt. Nach dem Abitur geht sie zur Schauspielschule Hamburg und besucht die Masterclass von Marie B\u00e4umer. 2021 startet sie dann bei den Discountern durch, bis die Serie 2024 zu Ende geht. Nun ist die 27-J\u00e4hrige zum zweiten Mal in einem &#8222;Tatort&#8220; dabei. Nicht in irgendeinem &#8222;Tatort&#8220;, sondern im Kieler &#8222;Tatort&#8220;, in dem Axel Milberg zum letzten Mal als Borowski dabei ist. F\u00fcr Klara Lange geht es jedenfalls jetzt erst richtig los.<\/p>\n<h2><\/h2>\n<h2><\/h2>\n<h2><\/h2>\n<h2 style=\"text-align: justify;\">Theresa Balzer, Feuerwehrfrau<\/h2>\n<div class=\"contentimage w50\" style=\"text-align: justify;\"><\/div>\n<p style=\"text-align: justify;\">Wenn es brennt, ist sie zur Stelle: Theresa Balzer ist in der Freiwilligen Feuerwehr Brome im Kreis Gifhorn aktiv, wo sie 2020 als Quereinsteigerin startet. Hauptberuflich ist die Nieders\u00e4chsin n\u00e4mlich Projektmanagerin, doch hat schon in jungen Jahren den Wunsch, anderen zu helfen. Das tut sie nun &#8211; und packt dabei richtig an: Im Jahr \u00fcbernimmt sie 40 bis 45 Eins\u00e4tze und f\u00e4hrt dank LKW-F\u00fchrerschein auch die gro\u00dfen Einsatzfahrzeuge. Die 40-J\u00e4hrige ist Atemschutzger\u00e4tetr\u00e4gerin und Maschinistin, ausgebildet f\u00fcr Eins\u00e4tze im Chemikalienschutzanzug und beherrscht sowohl Kettens\u00e4ge als auch Motortrennschleifer. Seit Mitte Februar ist die Actionliebhaberin zudem neue Co-Hostin des NDR Feuerwehr-Podcasts &#8222;Mein Einsatz&#8220;, in dem sie und NDR Reporter Torben Hildebrandt Feuerwehrleute von ihren pr\u00e4gendsten Erlebnissen berichten lassen und Alltagstipps f\u00fcr den Umgang mit brenzligen Situationen geben. Von herausfordernden wie skurrilen Eins\u00e4tzen, Teamgeist und der F\u00e4higkeit, stets einen k\u00fchlen Kopf zu bewahren sowie von ihrer liebsten Freizeitbesch\u00e4ftigung neben der Feuerwehrarbeit erz\u00e4hlt Theresa Balzer in der NDR Talk Show.<\/p>\n<p>&nbsp;<\/p>\n<p>&nbsp;<\/p>\n<figure id=\"attachment_238640\" aria-describedby=\"caption-attachment-238640\" style=\"width: 800px\" class=\"wp-caption alignnone\"><img decoding=\"async\" loading=\"lazy\" class=\"size-large wp-image-238640\" src=\"https:\/\/smago.de\/ws2\/wp-content\/uploads\/2025\/03\/1_NDR_Talk_Show_Tietjen_Gaetjen_2024-800x526.jpg\" alt=\"\" width=\"800\" height=\"526\" srcset=\"https:\/\/smago.de\/ws2\/wp-content\/uploads\/2025\/03\/1_NDR_Talk_Show_Tietjen_Gaetjen_2024-800x526.jpg 800w, https:\/\/smago.de\/ws2\/wp-content\/uploads\/2025\/03\/1_NDR_Talk_Show_Tietjen_Gaetjen_2024-522x343.jpg 522w, https:\/\/smago.de\/ws2\/wp-content\/uploads\/2025\/03\/1_NDR_Talk_Show_Tietjen_Gaetjen_2024-228x150.jpg 228w, https:\/\/smago.de\/ws2\/wp-content\/uploads\/2025\/03\/1_NDR_Talk_Show_Tietjen_Gaetjen_2024-768x505.jpg 768w, https:\/\/smago.de\/ws2\/wp-content\/uploads\/2025\/03\/1_NDR_Talk_Show_Tietjen_Gaetjen_2024-1536x1010.jpg 1536w, https:\/\/smago.de\/ws2\/wp-content\/uploads\/2025\/03\/1_NDR_Talk_Show_Tietjen_Gaetjen_2024-2048x1346.jpg 2048w, https:\/\/smago.de\/ws2\/wp-content\/uploads\/2025\/03\/1_NDR_Talk_Show_Tietjen_Gaetjen_2024-392x258.jpg 392w, https:\/\/smago.de\/ws2\/wp-content\/uploads\/2025\/03\/1_NDR_Talk_Show_Tietjen_Gaetjen_2024-130x85.jpg 130w, https:\/\/smago.de\/ws2\/wp-content\/uploads\/2025\/03\/1_NDR_Talk_Show_Tietjen_Gaetjen_2024-677x445.jpg 677w, https:\/\/smago.de\/ws2\/wp-content\/uploads\/2025\/03\/1_NDR_Talk_Show_Tietjen_Gaetjen_2024-794x522.jpg 794w, https:\/\/smago.de\/ws2\/wp-content\/uploads\/2025\/03\/1_NDR_Talk_Show_Tietjen_Gaetjen_2024-289x190.jpg 289w, https:\/\/smago.de\/ws2\/wp-content\/uploads\/2025\/03\/1_NDR_Talk_Show_Tietjen_Gaetjen_2024-435x286.jpg 435w, https:\/\/smago.de\/ws2\/wp-content\/uploads\/2025\/03\/1_NDR_Talk_Show_Tietjen_Gaetjen_2024-150x100.jpg 150w\" sizes=\"(max-width: 800px) 100vw, 800px\" \/><figcaption id=\"caption-attachment-238640\" class=\"wp-caption-text\"><em>Bettina Tietjen (rechts) moderiert k\u00fcnftig gemeinsam mit Steven G\u00e4tjen (links) (im Wechsel) die &#8222;NDR Talk Show&#8220;<\/em><\/p>\n<p><em>\u00a9 NDR \/ Thomas Kierok<\/em><\/figcaption><\/figure>\n","protected":false},"excerpt":{"rendered":"<p>NDR Fernsehen + HR Fernsehen, 22:00 Uhr &#8211; 00:00 Uhr! Bettina Tietjen und Steven G\u00e4tjen!<\/p>\n","protected":false},"author":2,"featured_media":238640,"comment_status":"open","ping_status":"closed","sticky":false,"template":"","format":"standard","meta":{"_FSMCFIC_featured_image_caption":"","_FSMCFIC_featured_image_nocaption":"","_FSMCFIC_featured_image_hide":""},"categories":[1],"tags":[254],"acf":[],"_links":{"self":[{"href":"https:\/\/smago.de\/ws2\/wp-json\/wp\/v2\/posts\/238639"}],"collection":[{"href":"https:\/\/smago.de\/ws2\/wp-json\/wp\/v2\/posts"}],"about":[{"href":"https:\/\/smago.de\/ws2\/wp-json\/wp\/v2\/types\/post"}],"author":[{"embeddable":true,"href":"https:\/\/smago.de\/ws2\/wp-json\/wp\/v2\/users\/2"}],"replies":[{"embeddable":true,"href":"https:\/\/smago.de\/ws2\/wp-json\/wp\/v2\/comments?post=238639"}],"version-history":[{"count":2,"href":"https:\/\/smago.de\/ws2\/wp-json\/wp\/v2\/posts\/238639\/revisions"}],"predecessor-version":[{"id":238642,"href":"https:\/\/smago.de\/ws2\/wp-json\/wp\/v2\/posts\/238639\/revisions\/238642"}],"wp:featuredmedia":[{"embeddable":true,"href":"https:\/\/smago.de\/ws2\/wp-json\/wp\/v2\/media\/238640"}],"wp:attachment":[{"href":"https:\/\/smago.de\/ws2\/wp-json\/wp\/v2\/media?parent=238639"}],"wp:term":[{"taxonomy":"category","embeddable":true,"href":"https:\/\/smago.de\/ws2\/wp-json\/wp\/v2\/categories?post=238639"},{"taxonomy":"post_tag","embeddable":true,"href":"https:\/\/smago.de\/ws2\/wp-json\/wp\/v2\/tags?post=238639"}],"curies":[{"name":"wp","href":"https:\/\/api.w.org\/{rel}","templated":true}]}}