{"id":238425,"date":"2025-03-02T00:00:00","date_gmt":"2025-03-01T23:00:00","guid":{"rendered":"https:\/\/smago.de\/ws2\/?p=238425"},"modified":"2025-03-01T22:43:45","modified_gmt":"2025-03-01T21:43:45","slug":"neonlicht-der-titel-du-ich-kuendigt-ihre-gleichnamige-debuet-cd-an","status":"publish","type":"post","link":"https:\/\/smago.de\/ws2\/pop-schlager\/neonlicht-der-titel-du-ich-kuendigt-ihre-gleichnamige-debuet-cd-an\/","title":{"rendered":"NEONLICHT <br>Der Titel &#8222;Du &#038; Ich&#8220; k\u00fcndigt ihre gleichnamige Deb\u00fct-CD an!"},"content":{"rendered":"<p>Und da die Ver\u00f6ffentlichung am 02.05.2025 erfolgt, muss davon ausgegangen werden, dass &#8222;Die Giovanni Zarrella Show&#8220; 3. Mai erneut auf Neonlicht setzt &#8230;! (Im \u00dcbrigen wurde die Sendung bereits am 19.02.2025 aufgezeichnet!)<br \/>\n<!--more--><\/p>\n<p>&nbsp;<\/p>\n<p style=\"text-align: justify;\">\n<p style=\"text-align: justify;\">Mit &#8222;Du &amp; Ich\u201c ver\u00f6ffentlichen NEONLICHT den titelgebenden Song ihres Albums (V\u00d6 02.05.2025) und liefern damit eine Hymne an die gro\u00dfe Liebe.<\/p>\n<p style=\"text-align: justify;\">Der Song erz\u00e4hlt von einer Verbindung, die keine Worte braucht \u2013 ein Gef\u00fchl, das gr\u00f6\u00dfer ist als alles andere.<\/p>\n<p style=\"text-align: justify;\">Getragen von einer eing\u00e4ngigen Melodie, modernen Sounds und einem mitrei\u00dfenden Beat, entfaltet sich ein intensiver Mix aus Pop und gef\u00fchlvollem Schlager.<\/p>\n","protected":false},"excerpt":{"rendered":"<p>Und da die Ver\u00f6ffentlichung am 02.05.2025 erfolgt, muss davon ausgegangen werden, dass &#8222;Die Giovanni Zarrella Show&#8220; 3. Mai erneut auf<\/p>\n","protected":false},"author":2,"featured_media":238426,"comment_status":"open","ping_status":"closed","sticky":false,"template":"","format":"standard","meta":{"_FSMCFIC_featured_image_caption":"","_FSMCFIC_featured_image_nocaption":"","_FSMCFIC_featured_image_hide":""},"categories":[28],"tags":[2220],"acf":[],"_links":{"self":[{"href":"https:\/\/smago.de\/ws2\/wp-json\/wp\/v2\/posts\/238425"}],"collection":[{"href":"https:\/\/smago.de\/ws2\/wp-json\/wp\/v2\/posts"}],"about":[{"href":"https:\/\/smago.de\/ws2\/wp-json\/wp\/v2\/types\/post"}],"author":[{"embeddable":true,"href":"https:\/\/smago.de\/ws2\/wp-json\/wp\/v2\/users\/2"}],"replies":[{"embeddable":true,"href":"https:\/\/smago.de\/ws2\/wp-json\/wp\/v2\/comments?post=238425"}],"version-history":[{"count":2,"href":"https:\/\/smago.de\/ws2\/wp-json\/wp\/v2\/posts\/238425\/revisions"}],"predecessor-version":[{"id":238428,"href":"https:\/\/smago.de\/ws2\/wp-json\/wp\/v2\/posts\/238425\/revisions\/238428"}],"wp:featuredmedia":[{"embeddable":true,"href":"https:\/\/smago.de\/ws2\/wp-json\/wp\/v2\/media\/238426"}],"wp:attachment":[{"href":"https:\/\/smago.de\/ws2\/wp-json\/wp\/v2\/media?parent=238425"}],"wp:term":[{"taxonomy":"category","embeddable":true,"href":"https:\/\/smago.de\/ws2\/wp-json\/wp\/v2\/categories?post=238425"},{"taxonomy":"post_tag","embeddable":true,"href":"https:\/\/smago.de\/ws2\/wp-json\/wp\/v2\/tags?post=238425"}],"curies":[{"name":"wp","href":"https:\/\/api.w.org\/{rel}","templated":true}]}}