{"id":238234,"date":"2025-02-24T00:00:43","date_gmt":"2025-02-23T23:00:43","guid":{"rendered":"https:\/\/smago.de\/ws2\/?p=238234"},"modified":"2025-02-23T23:40:55","modified_gmt":"2025-02-23T22:40:55","slug":"andy-borg-dieter-hallervorden-smago-top-exklusiv-das-grosse-tauschgeschaeft-teil-1","status":"publish","type":"post","link":"https:\/\/smago.de\/ws2\/comedy\/andy-borg-dieter-hallervorden-smago-top-exklusiv-das-grosse-tauschgeschaeft-teil-1\/","title":{"rendered":"ANDY BORG &#038; DIETER HALLERVORDEN <br>smago! top-exklusiv: &#8222;Das gro\u00dfe Tauschgesch\u00e4ft&#8220; \u2013 Teil 1!"},"content":{"rendered":"<p style=\"text-align: justify;\">Am Nachmittag des 25.01.2025 gastierte Andy Borg mit seinem Solo-Programm &#8222;Meine sch\u00f6nsten Lieder&#8220; im Mitteldeutschen Theater in der Marienkirche zu Dessau-Ro\u00dflau (Intendant: Dieter Hallervorden)!<!--more--><\/p>\n<p>&nbsp;<\/p>\n<p style=\"text-align: justify;\">\n<p style=\"text-align: justify;\">Es ist &#8222;Das gro\u00dfe Tauschgesch\u00e4ft&#8220; &#8230;<\/p>\n<p style=\"text-align: justify;\">Beginnen wir mit Teil 1: Am Samstag, den 25.01.2025, gastierte ANDY BORG um 15:00 Uhr mit seinem Solo-Programm &#8222;Meine sch\u00f6nsten Lieder&#8220; im Mitteldeutschen Theater in der Marienkirche zu Dessau-Ro\u00dflau (Intendant: Dieter Hallervorden).<\/p>\n<p style=\"text-align: justify;\">Der Clou: Andy Borg wurde von keinem Geringeren als von Dieter Hallervorden pers\u00f6nlich angesagt.<\/p>\n<p style=\"text-align: justify;\"><strong>Lesen hier \u2013 <em>smago!<\/em> top-exklusiv \u2013, wie Dieter Hallervorden Andy Borg angek\u00fcndigt hat &#8230;:<\/strong><\/p>\n<p style=\"text-align: justify;\">\n<p style=\"text-align: justify;\"><em>&#8222;Ich begr\u00fc\u00dfe Sie so herzlich, wie es mir irgendwie m\u00f6glich ist, und freue mich, dass Sie den Weg heute in mein geliebtes Mitteldeutsches Theater gefunden haben.<\/em><\/p>\n<p style=\"text-align: justify;\"><em>Sie wissen ja: Normalerweise stehe ich hier nur auf der B\u00fchne, wenn ich selbst spiele oder wenn ich mit Bands als Gast da bin.<br \/>\n<\/em><br \/>\n<em>Aber HEUTE habe ich einen Gast, wo ich dachte, da fahre ich von Berlin nach Dessau. <\/em><em>Den muss ich unbedingt pers\u00f6nlich ansagen.<\/em><\/p>\n<p style=\"text-align: justify;\"><em>Wir haben uns kennengelernt vor so ungef\u00e4hr 12 1\/2 Monaten im Dezember 2023. Da spielten wir auf einer Weihnachtsgala. Wir hatten uns vorher noch nie gesehen. Andy Borg hat die Moderation gemacht. Ich hatte einen kleinen Auftritt. Und ich bin noch NIE in meinem Leben \u2013 und ich habe schon ein paar Jahrzehnte auf dem Buckel \u2026 ich bin noch niemals so toll angesagt worden wie von diesem Andy Borg. Da wurde der rote Teppich ausgelegt. Ich dachte, ich traue mich kaum noch raus. Es war Wahnsinn. Ein SO sympathischer, ein SO humorvoller Mensch. Wir hatten auf Anhieb einen super Kontakt. Ich freue mich m\u00e4chtig, \u00a0u dass er heute hier in dieses kleine Theater gekommen ist. Er spielt sonst in weit gr\u00f6\u00dferen Hallen.<br \/>\n<\/em><br \/>\n<em>Sie alle freuen sich auf jemand, und ich mich ganz besonders.<\/em><\/p>\n<p style=\"text-align: justify;\"><em>Hier kommt: Andy Borg.\u201c<\/em><\/p>\n<p>&nbsp;<\/p>\n<p>&nbsp;<\/p>\n<p style=\"text-align: justify;\"><em>smago!<\/em> bedankt sich sehr herzlich bei Dieter Hallervorden f\u00fcr die freundliche Abdruckgenehmigung.<\/p>\n<div class=\"mceTemp\" style=\"text-align: justify;\"><\/div>\n<figure id=\"attachment_238235\" aria-describedby=\"caption-attachment-238235\" style=\"width: 600px\" class=\"wp-caption alignnone\"><img decoding=\"async\" loading=\"lazy\" class=\"size-large wp-image-238235\" src=\"https:\/\/smago.de\/ws2\/wp-content\/uploads\/2025\/02\/borg_hallervorden-600x800.jpg\" alt=\"\" width=\"600\" height=\"800\" srcset=\"https:\/\/smago.de\/ws2\/wp-content\/uploads\/2025\/02\/borg_hallervorden-600x800.jpg 600w, https:\/\/smago.de\/ws2\/wp-content\/uploads\/2025\/02\/borg_hallervorden-392x522.jpg 392w, https:\/\/smago.de\/ws2\/wp-content\/uploads\/2025\/02\/borg_hallervorden-113x150.jpg 113w, https:\/\/smago.de\/ws2\/wp-content\/uploads\/2025\/02\/borg_hallervorden-768x1024.jpg 768w, https:\/\/smago.de\/ws2\/wp-content\/uploads\/2025\/02\/borg_hallervorden-1152x1536.jpg 1152w, https:\/\/smago.de\/ws2\/wp-content\/uploads\/2025\/02\/borg_hallervorden-204x272.jpg 204w, https:\/\/smago.de\/ws2\/wp-content\/uploads\/2025\/02\/borg_hallervorden-450x600.jpg 450w, https:\/\/smago.de\/ws2\/wp-content\/uploads\/2025\/02\/borg_hallervorden-98x130.jpg 98w, https:\/\/smago.de\/ws2\/wp-content\/uploads\/2025\/02\/borg_hallervorden-334x445.jpg 334w, https:\/\/smago.de\/ws2\/wp-content\/uploads\/2025\/02\/borg_hallervorden-143x190.jpg 143w, https:\/\/smago.de\/ws2\/wp-content\/uploads\/2025\/02\/borg_hallervorden-218x290.jpg 218w, https:\/\/smago.de\/ws2\/wp-content\/uploads\/2025\/02\/borg_hallervorden-510x680.jpg 510w, https:\/\/smago.de\/ws2\/wp-content\/uploads\/2025\/02\/borg_hallervorden.jpg 1200w\" sizes=\"(max-width: 600px) 100vw, 600px\" \/><figcaption id=\"caption-attachment-238235\" class=\"wp-caption-text\"><em>Foto-Credit: Birgit Borg (f\u00fcr <strong><a href=\"http:\/\/www.smago.de\">www.smago.de<\/a><\/strong>) \u2013 Mit freundlicher Abdruckgenehmigung von (Andy Borg und) Dieter Hallervorden<\/em><\/figcaption><\/figure>\n","protected":false},"excerpt":{"rendered":"<p>Am Nachmittag des 25.01.2025 gastierte Andy Borg mit seinem Solo-Programm &#8222;Meine sch\u00f6nsten Lieder&#8220; im Mitteldeutschen Theater in der Marienkirche zu<\/p>\n","protected":false},"author":2,"featured_media":238235,"comment_status":"open","ping_status":"closed","sticky":false,"template":"","format":"standard","meta":{"_FSMCFIC_featured_image_caption":"","_FSMCFIC_featured_image_nocaption":"","_FSMCFIC_featured_image_hide":""},"categories":[3,29,128],"tags":[182,659],"acf":[],"_links":{"self":[{"href":"https:\/\/smago.de\/ws2\/wp-json\/wp\/v2\/posts\/238234"}],"collection":[{"href":"https:\/\/smago.de\/ws2\/wp-json\/wp\/v2\/posts"}],"about":[{"href":"https:\/\/smago.de\/ws2\/wp-json\/wp\/v2\/types\/post"}],"author":[{"embeddable":true,"href":"https:\/\/smago.de\/ws2\/wp-json\/wp\/v2\/users\/2"}],"replies":[{"embeddable":true,"href":"https:\/\/smago.de\/ws2\/wp-json\/wp\/v2\/comments?post=238234"}],"version-history":[{"count":2,"href":"https:\/\/smago.de\/ws2\/wp-json\/wp\/v2\/posts\/238234\/revisions"}],"predecessor-version":[{"id":238241,"href":"https:\/\/smago.de\/ws2\/wp-json\/wp\/v2\/posts\/238234\/revisions\/238241"}],"wp:featuredmedia":[{"embeddable":true,"href":"https:\/\/smago.de\/ws2\/wp-json\/wp\/v2\/media\/238235"}],"wp:attachment":[{"href":"https:\/\/smago.de\/ws2\/wp-json\/wp\/v2\/media?parent=238234"}],"wp:term":[{"taxonomy":"category","embeddable":true,"href":"https:\/\/smago.de\/ws2\/wp-json\/wp\/v2\/categories?post=238234"},{"taxonomy":"post_tag","embeddable":true,"href":"https:\/\/smago.de\/ws2\/wp-json\/wp\/v2\/tags?post=238234"}],"curies":[{"name":"wp","href":"https:\/\/api.w.org\/{rel}","templated":true}]}}