{"id":238215,"date":"2025-02-24T00:00:15","date_gmt":"2025-02-23T23:00:15","guid":{"rendered":"https:\/\/smago.de\/ws2\/?p=238215"},"modified":"2025-02-23T14:31:49","modified_gmt":"2025-02-23T13:31:49","slug":"julian-david-immer-in-bewegung-julian-david","status":"publish","type":"post","link":"https:\/\/smago.de\/ws2\/pop-schlager\/julian-david-immer-in-bewegung-julian-david\/","title":{"rendered":"JULIAN DAVID <br>&#8222;Immer in Bewegung&#8220; \u2013 Julian David!"},"content":{"rendered":"<p style=\"text-align: justify;\">Seine erste &#8222;TELAMO-Single&#8220; schickt sich an, ein gro\u00dfer Radio-Hit zu werden! In jedem Fall startet er euphorisch und mit ganz viel Schwung ins neue Jahr &#8230;:<!--more--><\/p>\n<p>&nbsp;<\/p>\n<p>&nbsp;<\/p>\n<p style=\"text-align: justify;\">\n<p style=\"text-align: justify;\">Er startet mit bester Laune und ansteckender Energie ins neue Jahr \u2013 und hat auch sonst ganz viel vor. So schlug der sympathische Allrounder aus Mannheim, der seit einigen Jahren jedoch in Berlin lebt, auch musikalisch das n\u00e4chste Kapitel auf. Die bereits am 31.01.2025 ver\u00f6ffentlichte Single &#8222;Immer in Bewegung&#8220; ist zugleich sein Soundtrack f\u00fcr einen gelungenen Start ins neue Jahr.<\/p>\n<p style=\"text-align: justify;\">Tats\u00e4chlich gen\u00fcgt ein fl\u00fcchtiger Blick auf JULIAN DAVIDs Tour-Kalender, um zu verstehen, was \u201eImmer in Bewegung\u201c bedeutet: \u201eIn einer Welt \/ die niemals schl\u00e4ft \/ wo jeder Schritt die Weichen stellt\u201c, klingt er absolut fokussiert und inspiriert, w\u00e4hrend die Beats schon nach dem Intro ordentlich Fahrt aufnehmen. \u201eWir sind immer in Bewegung \/ wir sind immer auf dem Sprung\u201c, geht\u2019s Schlag auf Schlag weiter \u2013 Julian gibt dem Winter-Blues keine Chance. Dabei geht\u2019s Julian David genau genommen um noch mehr als blo\u00df ein gelebtes Carpe Diem \u2013 denn auch das \u201eWir\u201c ist ihm wichtig. Gemeinsames Wachstum, R\u00fcckhalt, ein gemeinsamer Weg \u201emit dir jetzt und hier\u201c, das ist sein gr\u00f6\u00dfter Wunsch: \u201eAb heut macht alles Sinn\u201c!<\/p>\n<p style=\"text-align: justify;\">W\u00e4hrend Julian David mit der neuen Single das n\u00e4chste Kapitel seiner Solo-Karriere aufschl\u00e4gt, weitere gute Neuigkeiten: Seit Mitte Januar stellt er seine Qualit\u00e4ten als Moderator und Entertainer auch live unter Beweis, wenn er erstmals \u201eDie NEUE gro\u00dfe Schlager Hitparade\u201c pr\u00e4sentiert. Bis Mitte Mai 2025 ist er gemeinsam mit der Stammbesetzung Ramon Roselly, die Calimeros, Daniela Alfinito sowie wechselnden Starg\u00e4sten wie Rosanna Rocci, Peter Orloff oder Joey Heindle unterwegs. Gleich die ersten f\u00fcnf Veranstaltungen waren restlos ausverkauft.<\/p>\n<p style=\"text-align: justify;\">Schon sehr fr\u00fch auf den gr\u00f6\u00dften Musical-B\u00fchnen des Landes unterwegs, r\u00e4umte Julian David schon vor gut 10 Jahren erstes Gold und Platin als Gr\u00fcndungsmitglied der volkst\u00fcmlichen Boygroup voXXclub ab, um seit 2015 auch solo durchzustarten: Angefangen mit \u201eAm Ende des Tages\u201c vom erfolgreichen Solo-Deb\u00fctalbum \u201eS\u00fcchtig nach dir\u201c, ging\u2019s mit Hits-Sngles wie \u201eHollywood\u201c, \u201eSpektakul\u00e4r\u201c oder auch seinem \u201eFeuerfunkenregen\u201c (2022) weiter \u2013 wobei der Wahl-Berliner zwischendurch auch immer wieder vor der Kamera (\u201ePatchwork Gangsta\u201c), als Show-Moderator (\u201eDie gro\u00dfe Schlager Hitparade\u201c) und engagierter Charity-Supporter gl\u00e4nzen konnte. In den Airplay-Charts genauso ein Dauergast wie bei den gro\u00dfen TV-Shows (u. a. \u201eZDF Fernsehgarten\u201c, \u201eImmer wieder sonntags\u201c), nimmt er p\u00fcnktlich zum 10-j\u00e4hrigen Solo-Jubil\u00e4um Kurs auf neue Musik.<\/p>\n","protected":false},"excerpt":{"rendered":"<p>Seine erste &#8222;TELAMO-Single&#8220; schickt sich an, ein gro\u00dfer Radio-Hit zu werden! In jedem Fall startet er euphorisch und mit ganz<\/p>\n","protected":false},"author":2,"featured_media":238217,"comment_status":"open","ping_status":"closed","sticky":false,"template":"","format":"standard","meta":{"_FSMCFIC_featured_image_caption":"","_FSMCFIC_featured_image_nocaption":"","_FSMCFIC_featured_image_hide":""},"categories":[28],"tags":[862],"acf":[],"_links":{"self":[{"href":"https:\/\/smago.de\/ws2\/wp-json\/wp\/v2\/posts\/238215"}],"collection":[{"href":"https:\/\/smago.de\/ws2\/wp-json\/wp\/v2\/posts"}],"about":[{"href":"https:\/\/smago.de\/ws2\/wp-json\/wp\/v2\/types\/post"}],"author":[{"embeddable":true,"href":"https:\/\/smago.de\/ws2\/wp-json\/wp\/v2\/users\/2"}],"replies":[{"embeddable":true,"href":"https:\/\/smago.de\/ws2\/wp-json\/wp\/v2\/comments?post=238215"}],"version-history":[{"count":2,"href":"https:\/\/smago.de\/ws2\/wp-json\/wp\/v2\/posts\/238215\/revisions"}],"predecessor-version":[{"id":238219,"href":"https:\/\/smago.de\/ws2\/wp-json\/wp\/v2\/posts\/238215\/revisions\/238219"}],"wp:featuredmedia":[{"embeddable":true,"href":"https:\/\/smago.de\/ws2\/wp-json\/wp\/v2\/media\/238217"}],"wp:attachment":[{"href":"https:\/\/smago.de\/ws2\/wp-json\/wp\/v2\/media?parent=238215"}],"wp:term":[{"taxonomy":"category","embeddable":true,"href":"https:\/\/smago.de\/ws2\/wp-json\/wp\/v2\/categories?post=238215"},{"taxonomy":"post_tag","embeddable":true,"href":"https:\/\/smago.de\/ws2\/wp-json\/wp\/v2\/tags?post=238215"}],"curies":[{"name":"wp","href":"https:\/\/api.w.org\/{rel}","templated":true}]}}