{"id":237713,"date":"2025-02-14T00:00:32","date_gmt":"2025-02-13T23:00:32","guid":{"rendered":"https:\/\/smago.de\/ws2\/?p=237713"},"modified":"2025-02-13T13:07:36","modified_gmt":"2025-02-13T12:07:36","slug":"mike-krueger-u-a-heute-14-02-2025-in-der-talk-show-3nach9-zu-gast","status":"publish","type":"post","link":"https:\/\/smago.de\/ws2\/uncategorized\/mike-krueger-u-a-heute-14-02-2025-in-der-talk-show-3nach9-zu-gast\/","title":{"rendered":"MIKE KR\u00dcGER u.a. <br>Heute (14.02.2025) in der Talk-Show &#8222;3nach9&#8220; zu Gast!"},"content":{"rendered":"<p style=\"text-align: justify;\">NDR Fernsehen, HR Fernsehen + WDR Fernsehen, 22:00 Uhr &#8211; 00:15 Uhr! Moderation: Judith Rakers und Giovanni di Lorenzo!<!--more--><\/p>\n<p>&nbsp;<\/p>\n<p>&nbsp;<\/p>\n<p>&nbsp;<\/p>\n<p style=\"text-align: justify;\">Zur Februar-Ausgabe der Radio Bremen-Talkshow 3nach9 haben Judith Rakers und Giovanni di Lorenzo bereits folgende G\u00e4ste zugesagt &#8230;:<\/p>\n<p>&nbsp;<\/p>\n<p>&nbsp;<\/p>\n<p>&nbsp;<\/p>\n<p>&nbsp;<\/p>\n<h2 style=\"text-align: justify;\">Jessy Wellmer und Ingo Zamperoni<\/h2>\n<div class=\"contentimage w50\" style=\"text-align: justify;\"><\/div>\n<p style=\"text-align: justify;\">Gemeinsame Talkshowpremiere bei &#8222;3nach9&#8220;: Jessy Wellmer und Ingo Zamperoni sind die beiden Hauptmoderatoren der &#8222;tagesthemen&#8220; im Ersten. Da dies im Wechsel geschieht, laufen die beiden Journalisten sich eher selten \u00fcber den Weg. Das \u00e4ndert sich nicht nur in dieser Ausgabe von 3nach9, auch f\u00fcr die Reportage &#8222;Was bewegt Deutschland?&#8220; haben beide sich damit auseinandergesetzt, was die B\u00fcrgerinnen und B\u00fcrger vor der vorgezogenen Bundestagswahl am 23. Februar 2025 besch\u00e4ftigt. \u00dcber diese Begegnungen und ihre pers\u00f6nlichen Einsch\u00e4tzungen, welche politischen und gesellschaftlichen Herausforderungen das neue Jahr mit sich bringt, sprechen beide Nachrichtenspezialisten bei &#8222;3nach9&#8220;.<\/p>\n<h2><\/h2>\n<h2><\/h2>\n<h2><\/h2>\n<h2 style=\"text-align: justify;\">Eckart von Hirschhausen<\/h2>\n<div class=\"contentimage w50\" style=\"text-align: justify;\"><\/div>\n<p style=\"text-align: justify;\">Gerade ist ein bisschen Inspiration und Herzensw\u00e4rme notwendig. Das denkt sich auch Eckart von Hirschhausen und verzaubert &#8222;3nach9&#8220; mit einer Geschichte, die sich zutr\u00e4gt, als er vor einigen Jahren einen Pinguin beobachtet. Er h\u00e4lt den flugunf\u00e4higen Seevogel f\u00fcr eine Fehlkonstruktion der Natur, \u00e4ndert aber seine Meinung schlagartig, als sich dieser mit einem Sprung ins Wasser in seinem Element befindet. Warum diese Beobachtung f\u00fcr den Wissenschaftsjournalisten lehrende Mahnung wird, hat der Bestsellerautor in seinem neuesten Werk aufgeschrieben, das im Februar erscheint. Eckart von Hirschhausen will seine Leserschaft dazu ermutigen, sich eine Umgebung zu schaffen, in der individuelle St\u00e4rken entfaltet werden k\u00f6nnen. Wann er zuletzt Stellschrauben seines Lebens ver\u00e4ndert hat und wie er dagegen ank\u00e4mpft, dass sein Name immer wieder mit falschen Versprechungen in Verbindung gebracht wird, berichtet der Publikumsliebling bei &#8222;3nach9&#8220;.<\/p>\n<h2><\/h2>\n<h2><\/h2>\n<h2><\/h2>\n<h2 style=\"text-align: justify;\">Bela B Felsenheimer<\/h2>\n<div class=\"contentimage w50\" style=\"text-align: justify;\"><\/div>\n<p style=\"text-align: justify;\">Unter seinem K\u00fcnstlernamen Bela B kennen und sch\u00e4tzen Musikliebhaber den geb\u00fcrtigen Berliner als Schlagzeuger und S\u00e4nger der Kultband Die \u00c4rzte. Seit mehr als 40 Jahren liefert er gemeinsam mit Farin Urlaub und Rodrigo Gonz\u00e1lez Punkrock der Extraklasse. Im Jahr 2020 treten sie sogar im &#8222;tagesthemen&#8220;-Studio neben Ingo Zamperoni auf. Im vergangenen Jahr ruft die Band zum Schutz der Demokratie zur Europawahl auf. Als Romanautor g\u00f6nnt sich Bela B seinen Nachnamen Felsenheimer und steigt vor sechs Jahren mit seinem Deb\u00fctroman direkt hochplatziert in die Bestsellerlisten ein. Nun legt er mit dem Gesellschaftsroman &#8222;Fun&#8220; nach. Er schreibt \u00fcber das Gesch\u00e4ft mit Macht, Ruhm und Erfolg, \u00fcber Scham, Schuld und Gerechtigkeit und \u00fcber diejenigen, die den Preis daf\u00fcr zahlen, dass der Spa\u00df f\u00fcr andere grenzenlos ist.<\/p>\n<h2><\/h2>\n<h2><\/h2>\n<h2><\/h2>\n<h2 style=\"text-align: justify;\">Emilia Sch\u00fcle<\/h2>\n<div class=\"contentimage w50\" style=\"text-align: justify;\"><\/div>\n<p>&nbsp;<\/p>\n<p style=\"text-align: justify;\">Ihre erste Hauptrolle spielt sie in der Kom\u00f6die &#8222;Freche M\u00e4dchen&#8220;; den ganz gro\u00dfen Durchbruch erlangt sie im &#8222;Tatort&#8220; als sogenanntes &#8222;Wegwerfm\u00e4dchen&#8220;. Darin beeindruckt Schauspielerin Emilia Sch\u00fcle als junge Larissa, die sexuell missbraucht und anschlie\u00dfend auf einer M\u00fcllkippe entsorgt wird. Nach dieser Rolle geht es f\u00fcr die heute 32-J\u00e4hrige steil bergauf: Sie spielt in gro\u00dfen historischen Produktionen wie &#8222;Charit\u00e9&#8220; und &#8222;Ku\u00b4damm 56&#8220;, ist au\u00dferdem in diversen US-amerikanischen Produktionen zu sehen. Dabei war f\u00fcr Emilia Sch\u00fcle zun\u00e4chst ein anderer Weg vorgesehen. Die Tochter eines Psychiaters und einer Internistin kommt als Kleinkind mit ihren Eltern aus Russland nach Deutschland. Hier nimmt sie bereits im Alter von sieben Jahren professionellen Ballett- und Tanzunterricht. Warum sie sich anstelle des Tanzens f\u00fcr die Schauspielerei entschieden hat und ob sie sich trotz Aufwachsens in Deutschland auch mit der russischen Kultur verbunden f\u00fchlt, erz\u00e4hlt Emilia Sch\u00fcle bei &#8222;3nach9&#8220;.<\/p>\n<h2><\/h2>\n<h2><\/h2>\n<h2><\/h2>\n<h2 style=\"text-align: justify;\">Mike Kr\u00fcger<\/h2>\n<div class=\"contentimage w50\" style=\"text-align: justify;\"><\/div>\n<p style=\"text-align: justify;\">Seit nunmehr 50 Jahren sind der Song &#8222;Mein Gott, Walther&#8220; und Mike Kr\u00fcger geradezu untrennbar miteinander verbunden. Bundesweit bekannt wird der Komiker und Schauspieler damit in der Unterhaltungsshow &#8222;Am laufenden Band&#8220; von Rudi Carrell aus Bremen. Es folgen riesige musikalische Erfolge wie &#8222;Der Nippel&#8220; und &#8222;Bodo, der Bagger&#8220;. Im Fernsehen startet Mike Kr\u00fcger als Moderator durch, bestreitet von 1991 bis 1993 eine eigens nach ihm benannte Show. Kr\u00fcger ist und bleibt der Liebling aller Deutschen. Und zum ersten Mal in 50 Jahren &#8222;3nach9&#8220;-Geschichte d\u00fcrfen Judith Rakers und Giovanni di Lorenzo den 73-j\u00e4hrigen Komiker und Schauspieler jetzt im Bremer Talkshowstudio begr\u00fc\u00dfen! Wie unverhofft Mike Kr\u00fcger im Sommer 1975 zum Unterhaltungsliebling der Deutschen wurde, welches Jahrzehnt er im R\u00fcckblick besonders genossen hat\u00a0und wie er und seine Frau in diesem Jahr ihre Goldene Hochzeit feiern werden erz\u00e4hlt Mike Kr\u00fcger bei &#8222;3nach9&#8220;.<\/p>\n<h2><\/h2>\n<h2><\/h2>\n<h2><\/h2>\n<h2 style=\"text-align: justify;\">Am\u00e9lie van Tass und Thommy Ten<\/h2>\n<div class=\"contentimage w50\" style=\"text-align: justify;\"><\/div>\n<p style=\"text-align: justify;\">Sie z\u00e4hlen zu den ber\u00fchmtesten Magiern der Gegenwart: Am\u00e9lie van Tass und Thommy Ten. Mit etwa 500 Shows stand das Magier-Ehepaar bereits am weltber\u00fchmten Strip in Las Vegas auf der B\u00fchne und begeisterte mit seiner grandiosen Performance ein Millionenpublikum. Bei Thommy Ten beginnt die Leidenschaft f\u00fcrs Zaubern schon fr\u00fch: Im Alter von zw\u00f6lf Jahren wird der geb\u00fcrtige \u00d6sterreicher das bislang j\u00fcngste Mitglied der Vereinigung Die magische Zehn\/Nieder\u00f6sterreich. Im Rahmen der ORF-Talentshow &#8222;Die gro\u00dfe Chance&#8220; lernt er im Jahr 2011 seine B\u00fchnenpartnerin Am\u00e9lie van Tass kennen. Zwei Jahre sp\u00e4ter werden die beiden privat ein Paar und zusammen erfolgreich. Es folgen zahlreiche internationale Shows, das Zauberpaar feiert weltweit Erfolge. 2024 sind Am\u00e9lie van Tass und Thommy Ten Eltern eines Sohnes geworden und gehen passend zum Thema mit ihrer neuen Show &#8222;Dreifach zauberhaft&#8220; ab M\u00e4rz auf Tour.<\/p>\n<h2><\/h2>\n<h2><\/h2>\n<h2><\/h2>\n<h2 style=\"text-align: justify;\">Elena Semechin<\/h2>\n<p>&nbsp;<\/p>\n<div class=\"contentimage w50\" style=\"text-align: justify;\"><\/div>\n<p style=\"text-align: justify;\">Doppelolympiasiegerin: Diesen Traum hat sich Elena Semechin erf\u00fcllt. Der Weg dahin ist steinig: Im Alter von elf Jahren zieht sie gemeinsam mit ihren Eltern als Sp\u00e4taussiedlerin aus Kasachstan nach Deutschland. Kurze Zeit sp\u00e4ter erlernt sie das Schwimmen, welches f\u00fcr sie herausfordernd ist. Elena hat die Erbkrankheit Morbus Stargardt. Die Sehf\u00e4higkeit der 31-J\u00e4hrigen hat sich mittlerweile auf zwei Prozent reduziert. Die Athletin ist ein Ausnahmetalent, erreicht schnell die Weltspitze. Die gr\u00f6\u00dfte Herausforderung hat sie jedoch noch vor sich: Kurz nachdem die Sportlerin bei den Olympischen Spielen in Tokio 2021 die Goldmedaille gewinnt, diagnostizieren \u00c4rzte bei ihr einen schwer operablen, b\u00f6sartigen Hirntumor. Es folgt eine lange Therapie aus Bestrahlung, Operation und Chemotherapie. Kraftvoll denkt Elena w\u00e4hrend des Genesungsprozesses an ihr gro\u00dfes Ziel: noch einmal Gold bei den Olympischen Spielen gewinnen. Im September 2024 erk\u00e4mpft sich die Athletin die paralympische Medaille in Paris \u00fcber 100 Meter Brustschwimmen und unterbietet ihren eigenen Weltrekord.<\/p>\n<p>&nbsp;<\/p>\n<p>&nbsp;<\/p>\n<figure id=\"attachment_237716\" aria-describedby=\"caption-attachment-237716\" style=\"width: 800px\" class=\"wp-caption alignnone\"><img decoding=\"async\" loading=\"lazy\" class=\"size-large wp-image-237716\" src=\"https:\/\/smago.de\/ws2\/wp-content\/uploads\/2025\/02\/1_3nach9_2024-800x537.jpg\" alt=\"\" width=\"800\" height=\"537\" srcset=\"https:\/\/smago.de\/ws2\/wp-content\/uploads\/2025\/02\/1_3nach9_2024-800x537.jpg 800w, https:\/\/smago.de\/ws2\/wp-content\/uploads\/2025\/02\/1_3nach9_2024-522x351.jpg 522w, https:\/\/smago.de\/ws2\/wp-content\/uploads\/2025\/02\/1_3nach9_2024-223x150.jpg 223w, https:\/\/smago.de\/ws2\/wp-content\/uploads\/2025\/02\/1_3nach9_2024-768x516.jpg 768w, https:\/\/smago.de\/ws2\/wp-content\/uploads\/2025\/02\/1_3nach9_2024-1536x1031.jpg 1536w, https:\/\/smago.de\/ws2\/wp-content\/uploads\/2025\/02\/1_3nach9_2024-2048x1375.jpg 2048w, https:\/\/smago.de\/ws2\/wp-content\/uploads\/2025\/02\/1_3nach9_2024-392x263.jpg 392w, https:\/\/smago.de\/ws2\/wp-content\/uploads\/2025\/02\/1_3nach9_2024-130x87.jpg 130w, https:\/\/smago.de\/ws2\/wp-content\/uploads\/2025\/02\/1_3nach9_2024-663x445.jpg 663w, https:\/\/smago.de\/ws2\/wp-content\/uploads\/2025\/02\/1_3nach9_2024-777x522.jpg 777w, https:\/\/smago.de\/ws2\/wp-content\/uploads\/2025\/02\/1_3nach9_2024-283x190.jpg 283w, https:\/\/smago.de\/ws2\/wp-content\/uploads\/2025\/02\/1_3nach9_2024-432x290.jpg 432w, https:\/\/smago.de\/ws2\/wp-content\/uploads\/2025\/02\/1_3nach9_2024-150x100.jpg 150w, https:\/\/smago.de\/ws2\/wp-content\/uploads\/2025\/02\/1_3nach9_2024-370x247.jpg 370w\" sizes=\"(max-width: 800px) 100vw, 800px\" \/><figcaption id=\"caption-attachment-237716\" class=\"wp-caption-text\"><em>Judith Rakers und Giovanni di Lorenzo<\/em><\/p>\n<p><em>\u00a9 Radio Bremen \/ Hendrik L\u00fcders<\/em><\/figcaption><\/figure>\n","protected":false},"excerpt":{"rendered":"<p>NDR Fernsehen, HR Fernsehen + WDR Fernsehen, 22:00 Uhr &#8211; 00:15 Uhr! Moderation: Judith Rakers und Giovanni di Lorenzo!<\/p>\n","protected":false},"author":2,"featured_media":237716,"comment_status":"open","ping_status":"closed","sticky":false,"template":"","format":"standard","meta":{"_FSMCFIC_featured_image_caption":"","_FSMCFIC_featured_image_nocaption":"","_FSMCFIC_featured_image_hide":""},"categories":[1],"tags":[215],"acf":[],"_links":{"self":[{"href":"https:\/\/smago.de\/ws2\/wp-json\/wp\/v2\/posts\/237713"}],"collection":[{"href":"https:\/\/smago.de\/ws2\/wp-json\/wp\/v2\/posts"}],"about":[{"href":"https:\/\/smago.de\/ws2\/wp-json\/wp\/v2\/types\/post"}],"author":[{"embeddable":true,"href":"https:\/\/smago.de\/ws2\/wp-json\/wp\/v2\/users\/2"}],"replies":[{"embeddable":true,"href":"https:\/\/smago.de\/ws2\/wp-json\/wp\/v2\/comments?post=237713"}],"version-history":[{"count":4,"href":"https:\/\/smago.de\/ws2\/wp-json\/wp\/v2\/posts\/237713\/revisions"}],"predecessor-version":[{"id":237718,"href":"https:\/\/smago.de\/ws2\/wp-json\/wp\/v2\/posts\/237713\/revisions\/237718"}],"wp:featuredmedia":[{"embeddable":true,"href":"https:\/\/smago.de\/ws2\/wp-json\/wp\/v2\/media\/237716"}],"wp:attachment":[{"href":"https:\/\/smago.de\/ws2\/wp-json\/wp\/v2\/media?parent=237713"}],"wp:term":[{"taxonomy":"category","embeddable":true,"href":"https:\/\/smago.de\/ws2\/wp-json\/wp\/v2\/categories?post=237713"},{"taxonomy":"post_tag","embeddable":true,"href":"https:\/\/smago.de\/ws2\/wp-json\/wp\/v2\/tags?post=237713"}],"curies":[{"name":"wp","href":"https:\/\/api.w.org\/{rel}","templated":true}]}}