{"id":237626,"date":"2025-02-11T19:46:44","date_gmt":"2025-02-11T18:46:44","guid":{"rendered":"https:\/\/smago.de\/ws2\/?p=237626"},"modified":"2025-02-11T19:46:44","modified_gmt":"2025-02-11T18:46:44","slug":"anna-carina-woitschack-u-a-ibes-wiedersehensshow-holt-starke-marktanteile-und-tagessiege-fuer-rtl-in-beiden-zielgruppen","status":"publish","type":"post","link":"https:\/\/smago.de\/ws2\/pop-schlager\/anna-carina-woitschack-u-a-ibes-wiedersehensshow-holt-starke-marktanteile-und-tagessiege-fuer-rtl-in-beiden-zielgruppen\/","title":{"rendered":"ANNA-CARINA WOITSCHACK u.a. <br>IBES-Wiedersehensshow holt starke Marktanteile und Tagessiege f\u00fcr RTL in beiden Zielgruppen!"},"content":{"rendered":"<p>RTL hat den Montag fest im Griff!<!--more--><\/p>\n<div class=\"button ddmore\" data-toggle=\"dropdown\"><\/div>\n<div style=\"text-align: justify;\" data-toggle=\"dropdown\"><\/div>\n<div style=\"text-align: justify;\" data-toggle=\"dropdown\"><\/div>\n<div data-toggle=\"dropdown\">\n<p style=\"text-align: justify;\">\nAm Montag um 20:15 Uhr kamen unsere Dschungelstars der 18. Staffel rund um K\u00f6nigin Lilly Becker noch einmal im Baumhaus zusammen. &#8222;Ich bin ein Star \u2013 holt mich hier raus! Das gro\u00dfe Wiedersehen&#8220; erreicht starke Marktanteile von 18,0 Prozent (1,66 Mio.) bei den 14- bis 59-J\u00e4hrigen und sogar 21,5 Prozent (1,01 Mio.) bei den 14- bis 49-J\u00e4hrigen und sicherte sich damit die Marktf\u00fchrerschaft um 20:15 Uhr in der jungen Zielgruppe. 2,70 Millionen Zuschauer ab 3 Jahre (MA: 12,1 %) schauten begeistert zu.<\/p>\n<p style=\"text-align: justify;\">Mit Tagesmarktanteilen von 14,3 Prozent (14-59 J.) und 18,0 Prozent (14-49 J.) dominierte RTL den Montag deutlich vor allen Wettbewerbern.<\/p>\n<p><sup><\/p>\n<p><em>Quelle f\u00fcr die TV-Quoten: AGF \/ GfK \/ DAP AGF SCOPE \/ RTL DATA \/ vorl. gew. \/ Stand: 11.02.2025<\/em><\/sup><\/p>\n<\/div>\n<p>&nbsp;<\/p>\n<figure id=\"attachment_237627\" aria-describedby=\"caption-attachment-237627\" style=\"width: 800px\" class=\"wp-caption alignnone\"><img decoding=\"async\" loading=\"lazy\" class=\"size-large wp-image-237627\" src=\"https:\/\/smago.de\/ws2\/wp-content\/uploads\/2025\/02\/7FC7F-800x450.jpg\" alt=\"\" width=\"800\" height=\"450\" srcset=\"https:\/\/smago.de\/ws2\/wp-content\/uploads\/2025\/02\/7FC7F-800x450.jpg 800w, https:\/\/smago.de\/ws2\/wp-content\/uploads\/2025\/02\/7FC7F-522x294.jpg 522w, https:\/\/smago.de\/ws2\/wp-content\/uploads\/2025\/02\/7FC7F-267x150.jpg 267w, https:\/\/smago.de\/ws2\/wp-content\/uploads\/2025\/02\/7FC7F-768x432.jpg 768w, https:\/\/smago.de\/ws2\/wp-content\/uploads\/2025\/02\/7FC7F-1536x864.jpg 1536w, https:\/\/smago.de\/ws2\/wp-content\/uploads\/2025\/02\/7FC7F-2048x1152.jpg 2048w, https:\/\/smago.de\/ws2\/wp-content\/uploads\/2025\/02\/7FC7F-392x220.jpg 392w, https:\/\/smago.de\/ws2\/wp-content\/uploads\/2025\/02\/7FC7F-130x73.jpg 130w, https:\/\/smago.de\/ws2\/wp-content\/uploads\/2025\/02\/7FC7F-791x445.jpg 791w, https:\/\/smago.de\/ws2\/wp-content\/uploads\/2025\/02\/7FC7F-870x489.jpg 870w, https:\/\/smago.de\/ws2\/wp-content\/uploads\/2025\/02\/7FC7F-292x164.jpg 292w, https:\/\/smago.de\/ws2\/wp-content\/uploads\/2025\/02\/7FC7F-435x245.jpg 435w, https:\/\/smago.de\/ws2\/wp-content\/uploads\/2025\/02\/7FC7F-895x503.jpg 895w\" sizes=\"(max-width: 800px) 100vw, 800px\" \/><figcaption id=\"caption-attachment-237627\" class=\"wp-caption-text\"><em>Die Dschungelstars treffen sich zum gro\u00dfen Wiedersehen.<\/em><br \/><em>V.l.o.: Edith Stehfest, Alessia Herren, Dschungelk\u00f6nigin Lilly Becker, J\u00f6rg Dahlmann, J\u00fcrgen Hingsen<\/em><br \/><em>v.l.u.: Anna-Carina Woitschack, Sam Dylan, Maurice Dziwak, Nina Bott, Pierre Sanoussi-Bliss, Timur \u00dclker, Yeliz Koc<\/em><\/p>\n<p><em>Foto-Credit: RTL<\/em><\/p>\n<p><em>Bitte beachten Sie auch <strong><a href=\"http:\/\/www.rtlplus.de\">RTL+<\/a><\/strong>!<\/em><\/figcaption><\/figure>\n","protected":false},"excerpt":{"rendered":"<p>RTL hat den Montag fest im Griff!<\/p>\n","protected":false},"author":2,"featured_media":237627,"comment_status":"open","ping_status":"closed","sticky":false,"template":"","format":"standard","meta":{"_FSMCFIC_featured_image_caption":"","_FSMCFIC_featured_image_nocaption":"","_FSMCFIC_featured_image_hide":""},"categories":[28,128],"tags":[758,843],"acf":[],"_links":{"self":[{"href":"https:\/\/smago.de\/ws2\/wp-json\/wp\/v2\/posts\/237626"}],"collection":[{"href":"https:\/\/smago.de\/ws2\/wp-json\/wp\/v2\/posts"}],"about":[{"href":"https:\/\/smago.de\/ws2\/wp-json\/wp\/v2\/types\/post"}],"author":[{"embeddable":true,"href":"https:\/\/smago.de\/ws2\/wp-json\/wp\/v2\/users\/2"}],"replies":[{"embeddable":true,"href":"https:\/\/smago.de\/ws2\/wp-json\/wp\/v2\/comments?post=237626"}],"version-history":[{"count":1,"href":"https:\/\/smago.de\/ws2\/wp-json\/wp\/v2\/posts\/237626\/revisions"}],"predecessor-version":[{"id":237628,"href":"https:\/\/smago.de\/ws2\/wp-json\/wp\/v2\/posts\/237626\/revisions\/237628"}],"wp:featuredmedia":[{"embeddable":true,"href":"https:\/\/smago.de\/ws2\/wp-json\/wp\/v2\/media\/237627"}],"wp:attachment":[{"href":"https:\/\/smago.de\/ws2\/wp-json\/wp\/v2\/media?parent=237626"}],"wp:term":[{"taxonomy":"category","embeddable":true,"href":"https:\/\/smago.de\/ws2\/wp-json\/wp\/v2\/categories?post=237626"},{"taxonomy":"post_tag","embeddable":true,"href":"https:\/\/smago.de\/ws2\/wp-json\/wp\/v2\/tags?post=237626"}],"curies":[{"name":"wp","href":"https:\/\/api.w.org\/{rel}","templated":true}]}}