{"id":236337,"date":"2025-01-17T00:00:51","date_gmt":"2025-01-16T23:00:51","guid":{"rendered":"https:\/\/smago.de\/ws2\/?p=236337"},"modified":"2025-01-16T16:32:31","modified_gmt":"2025-01-16T15:32:31","slug":"thomas-anders-u-a-heute-17-01-2025-in-der-talk-show-3nach9-zu-gast","status":"publish","type":"post","link":"https:\/\/smago.de\/ws2\/schlager\/thomas-anders-u-a-heute-17-01-2025-in-der-talk-show-3nach9-zu-gast\/","title":{"rendered":"THOMAS ANDERS u.a. <br>Heute (17.01.2025) in der Talk-Show &#8222;3nach9&#8220; zu Gast!"},"content":{"rendered":"<p style=\"text-align: justify;\">NDR Fernsehen, HR Fernsehen, WDR Fernsehen, 22:00 Uhr &#8211; 00:00 Uhr!<\/p>\n<p style=\"text-align: justify;\"><!--more--><\/p>\n<p>&nbsp;<\/p>\n<p>&nbsp;<\/p>\n<p>&nbsp;<\/p>\n<p style=\"text-align: justify;\">Judith Rakers und Giovanni di Lorenzo begr\u00fc\u00dfen am Freitag, den 17. Januar folgende G\u00e4ste: Musiker Thomas Anders, Journalistin Julia-Niharika Sen, Radrennfahrer Erik und Rick Zabel, Schauspielerin Katharina Sch\u00fcttler, &#8222;Golden Bachelor&#8220; Franz St\u00e4rk sowie Extremsportler Lukas Irmler.<\/p>\n<h2><\/h2>\n<h2><\/h2>\n<h2><\/h2>\n<h2 style=\"text-align: justify;\">Thomas Anders<\/h2>\n<figure class=\"imagecontainer -imagecontainer-16x9 -imagecontainer-copytext -imagecontainer-medium\" style=\"text-align: justify;\"><\/figure>\n<p>&nbsp;<\/p>\n<p style=\"text-align: justify;\">Bernd Weidung kennt man vielleicht nicht, bestimmt aber den Mann, der seit Jahrzehnten unter seinem K\u00fcnstlernamen Thomas Anders Musik macht. Der geb\u00fcrtige Rheinland-Pf\u00e4lzer gewinnt im Alter von zehn Jahren einen Nachwuchswettbewerb. Der musikalische Durchbruch gelingt ihm vor genau 40 Jahren: Im Januar 1985 wird Thomas Anders an der Seite von Dieter Bohlen mit dem Hit &#8222;You&#8217;re My Heart, You&#8217;re My Soul&#8220; \u00fcber Nacht zum gefeierten Superstar. &#8222;Ich und Dieter Bohlen waren nie Freunde, wir waren Gesch\u00e4ftspartner&#8220;, sagt er sp\u00e4ter. Das Duo &#8222;Modern Talking&#8220; verkauft dennoch in den 1980er Jahren und bis zur Aufl\u00f6sung im Jahr 2003 insgesamt rund 120 Millionen Tontr\u00e4ger und pr\u00e4gt den Musikgeschmack ganzer Generationen. Seit vielen Jahren ist der selbstgenannte &#8222;Gentleman of Music&#8220; als Schlagers\u00e4nger erfolgreich. Im neuen Jahr steht ein weiteres Jubil\u00e4um an: 2025 feiern er und seine Frau Silberhochzeit. Welche Rolle eine so genannte &#8222;Eroberungspasta&#8220; in ihrer Kennenlernphase spielt und mit welchem Wein er und seine Frau auf ihren Ehrentag ansto\u00dfen werden, berichtet Thomas Anders bei 3nach9.<\/p>\n<h2><\/h2>\n<h2><\/h2>\n<h2><\/h2>\n<h2 style=\"text-align: justify;\">Julia-Niharika Sen<\/h2>\n<figure class=\"imagecontainer -imagecontainer-16x9 -imagecontainer-copytext -imagecontainer-medium\" style=\"text-align: justify;\"><\/figure>\n<p>&nbsp;<\/p>\n<p style=\"text-align: justify;\">Die Journalistin Julia-Niharika Sen geh\u00f6rt seit vier Jahren zum festen Sprecherteam der &#8222;Tagesschau&#8220; \u2013 seit einem Jahr ist sie auch regelm\u00e4\u00dfig als &#8222;Tagesthemen&#8220; -Moderatorin im Einsatz. Diese Aufgabe bewerkstelligt die Norddeutsche mit einer Souver\u00e4nit\u00e4t, mit der sie auch Abende, an denen die Ampel-Koalition in Deutschland scheitert und Donald Trump k\u00fcnftiger US-Pr\u00e4sident wird, nicht aus der Ruhe bringen. Die geborene Kielerin wird im Alter von 20 und 22 Mutter, studiert Anglistik, Romanistik und Erziehungswissenschaften und arbeitet parallel als Model, um sich etwas Geld zu verdienen. Urspr\u00fcnglich will sie Lehrerin werden, entschlie\u00dft sich aber dann f\u00fcr eine journalistische Karriere. Warum sie bereits im Alter von 16 Jahren das elterliche Zuhause verlie\u00df und welche enge Bindung sie zu ihrem Vater pflegt, der Mitte der 1960er Jahre aus Indien nach Deutschland kam, berichtet Julia-Niharika Sen im Januar bei 3nach9.<\/p>\n<h2><\/h2>\n<h2><\/h2>\n<h2><\/h2>\n<h2 style=\"text-align: justify;\">Erik und Rick Zabel<\/h2>\n<figure class=\"imagecontainer -imagecontainer-16x9 -imagecontainer-copytext -imagecontainer-medium\" style=\"text-align: justify;\"><\/figure>\n<p>&nbsp;<\/p>\n<p style=\"text-align: justify;\">Er war Teil des Radsport-Booms in den 1990er-Jahren und einer der weltbesten Sprinter seiner Zeit: Erik Zabel sichert sich sechsmal das gr\u00fcne Trikot bei der Tour de France, strampelt sich nachhaltig ins Rampenlicht und wird nach Jan Ullrich zum bekanntesten deutschen Radrennfahrer. Die Sportlegende erlebt Erfolge und Siege, sowie Dramen und Tr\u00e4nen. Nach seiner aktiven Karriere gesteht Erik Zabel, systematisch gedopt zu haben. Sohn Rick ist noch ein Baby, als sein Vater 1994 seinen ersten Sieg einf\u00e4hrt. Fr\u00fch taucht auch er ein in die Faszination des Radsports, unterzeichnet 2013 seinen ersten Profivertrag und \u00fcberzeugt viele Jahre als sprintstarker Profi-Fahrer. Ganz der Vater eben. Im Sommer 2024 beendet der 30-j\u00e4hrige Rick seine Karriere. Wie oft sich Vater und Sohn heute noch auf den Sattel schwingen, woher die gro\u00dfe Liebe f\u00fcr den Radsport kommt und ob die n\u00e4chste Familiengeneration bereits in die Fu\u00dfstapfen der Radprofis tritt, erz\u00e4hlen Rick und Erik Zabel im Januar bei 3nach9.<\/p>\n<h2><\/h2>\n<h2><\/h2>\n<h2><\/h2>\n<h2 style=\"text-align: justify;\">Katharina Sch\u00fcttler<\/h2>\n<figure class=\"imagecontainer -imagecontainer-16x9 -imagecontainer-copytext -imagecontainer-medium\" style=\"text-align: justify;\"><\/figure>\n<p>&nbsp;<\/p>\n<p style=\"text-align: justify;\">Katharina Sch\u00fcttler sagt man ein Faible f\u00fcr komplizierte, herausfordernde Rollen nach. Auf jeden Fall z\u00e4hlt sie zu den beeindruckendsten und talentiertesten Schauspielerinnen des Landes und wurde j\u00fcngst mit dem Theaterpreis Hamburg \u2013 Rolf Mares 2024 ausgezeichnet. Bereits mit elf Jahren \u00fcbernimmt sie erste kleine Rollen in Fernseh-Produktionen und an der Burghofb\u00fchne in Dinslaken. Nun d\u00fcrfen sich ihre Fans auf den Januar freuen. Dann ist sie als Hauptdarstellerin in der spannenden Serie &#8222;A Better Place&#8220; im Ersten zu sehen. Die achtteilige Serie kreist um die kontroverse Frage, wie eine Welt ohne Gef\u00e4ngnisse aussehen w\u00fcrde. Was hinter der Idee steckt, verr\u00e4t Katharina Sch\u00fcttler bei 3nach9.<\/p>\n<h2><\/h2>\n<h2><\/h2>\n<h2><\/h2>\n<h2 style=\"text-align: justify;\">Franz St\u00e4rk<\/h2>\n<figure class=\"imagecontainer -imagecontainer-16x9 -imagecontainer-copytext -imagecontainer-medium\" style=\"text-align: justify;\"><\/figure>\n<p>&nbsp;<\/p>\n<p style=\"text-align: justify;\">Vom Pension\u00e4r zum Rosenkavalier: Franz St\u00e4rk ist der erste &#8222;Golden Bachelor&#8220;! Nach zw\u00f6lf Jahren Single-Dasein macht sich der 73-J\u00e4hrige aktuell in einem Dating-Format auf die Suche nach einer Frau und der gro\u00dfen Liebe. Auf der Insel Kreta wird er von 18 Rosenanw\u00e4rterinnen umgarnt. Sein Ziel: am Ende die entscheidende letzte Rose an eine Auserw\u00e4hlte vergeben. Bisher f\u00fchrte der geschiedene zweifache Vater und Gro\u00dfvater ein Leben abseits des Rampenlichts. Das \u00e4ndert sich aktuell. Er ist \u00fcberzeugt davon, dass eine Kuppel-Show auch f\u00fcr Leute seines Alters zeitgem\u00e4\u00df ist. &#8222;Liebe im Alter hat sowieso einen etwas an- deren Stellenwert als bei den j\u00fcngeren Leuten&#8220;, sagt der pensionierte stellvertretender Schuldirektor einer Gesamtschule im nieders\u00e4chsischen Damme. Wie sein Traum-Date aussieht, welche Eigenschaften seine neue Partnerin idealerweise mitbringen muss und ob er diese vielleicht sogar in der Sendung gefunden hat, berichtet Franz St\u00e4rk in der Januar-Sendung von 3nach9.<\/p>\n<h2 style=\"text-align: justify;\">Lukas Irmler<\/h2>\n<figure class=\"imagecontainer -imagecontainer-16x9 -imagecontainer-copytext -imagecontainer-medium\" style=\"text-align: justify;\"><\/figure>\n<p style=\"text-align: justify;\">Slackline nennt sich der Sport, wenn man auf einem 2,5 cm breitem &#8222;Gummiband&#8220; balanciert. Viele stellt das schon in geringer H\u00f6he vor gro\u00dfe Herausforderungen. Extremsportler Lukas Irmler hat k\u00fcrzlich gemeinsam mit dem Profisportler Friedi K\u00fchne einen neuen Weltrekord aufgestellt: Sie bezwangen die h\u00f6chste Slackline, die je gelaufen wurde \u2013 zwischen zwei Hei\u00dfluftballons in 2.500 Metern H\u00f6he. Damit dieser Rekordversuch gl\u00fcckt, hat sich Lukas Irmler monatelang auf diesen Tag vorbereitet. Kaum vorstellbar, dass der geb\u00fcrtige Dachauer zu Beginn seiner Slackliner-Karriere unter H\u00f6henangst leidet. Der Vortragsredner bezeichnet sich als sehr vorsichtigen Menschen und ist weit entfernt davon, ein Adrenalinjunkie zu sein. Wie der Rekordhalter seine H\u00f6henangst sukzessive \u00fcberwunden hat, ob es ihm leichter f\u00e4llt, mit verbundenen Augen oder im Handstand zu balancieren, und welche Argumente ihn davon abbrachten, mit Megastar Madonna auf Welttournee zu gehen, berichtet Lukas Irmler bei 3nach9.<\/p>\n<p>&nbsp;<\/p>\n<p>&nbsp;<\/p>\n<figure id=\"attachment_236338\" aria-describedby=\"caption-attachment-236338\" style=\"width: 800px\" class=\"wp-caption alignnone\"><img decoding=\"async\" loading=\"lazy\" class=\"size-large wp-image-236338\" src=\"https:\/\/smago.de\/ws2\/wp-content\/uploads\/2025\/01\/1_3nach9_2024-800x537.jpg\" alt=\"\" width=\"800\" height=\"537\" srcset=\"https:\/\/smago.de\/ws2\/wp-content\/uploads\/2025\/01\/1_3nach9_2024-800x537.jpg 800w, https:\/\/smago.de\/ws2\/wp-content\/uploads\/2025\/01\/1_3nach9_2024-522x351.jpg 522w, https:\/\/smago.de\/ws2\/wp-content\/uploads\/2025\/01\/1_3nach9_2024-223x150.jpg 223w, https:\/\/smago.de\/ws2\/wp-content\/uploads\/2025\/01\/1_3nach9_2024-768x516.jpg 768w, https:\/\/smago.de\/ws2\/wp-content\/uploads\/2025\/01\/1_3nach9_2024-1536x1031.jpg 1536w, https:\/\/smago.de\/ws2\/wp-content\/uploads\/2025\/01\/1_3nach9_2024-2048x1375.jpg 2048w, https:\/\/smago.de\/ws2\/wp-content\/uploads\/2025\/01\/1_3nach9_2024-392x263.jpg 392w, https:\/\/smago.de\/ws2\/wp-content\/uploads\/2025\/01\/1_3nach9_2024-130x87.jpg 130w, https:\/\/smago.de\/ws2\/wp-content\/uploads\/2025\/01\/1_3nach9_2024-663x445.jpg 663w, https:\/\/smago.de\/ws2\/wp-content\/uploads\/2025\/01\/1_3nach9_2024-777x522.jpg 777w, https:\/\/smago.de\/ws2\/wp-content\/uploads\/2025\/01\/1_3nach9_2024-283x190.jpg 283w, https:\/\/smago.de\/ws2\/wp-content\/uploads\/2025\/01\/1_3nach9_2024-432x290.jpg 432w, https:\/\/smago.de\/ws2\/wp-content\/uploads\/2025\/01\/1_3nach9_2024-150x100.jpg 150w, https:\/\/smago.de\/ws2\/wp-content\/uploads\/2025\/01\/1_3nach9_2024-370x247.jpg 370w\" sizes=\"(max-width: 800px) 100vw, 800px\" \/><figcaption id=\"caption-attachment-236338\" class=\"wp-caption-text\"><em>Judith Rakers und Giovanni di Lorenzo<\/em><\/p>\n<p><em>\u00a9 Radio Bremen \/ Hendrik L\u00fcders<\/em><\/figcaption><\/figure>\n","protected":false},"excerpt":{"rendered":"<p>NDR Fernsehen, HR Fernsehen, WDR Fernsehen, 22:00 Uhr &#8211; 00:00 Uhr!<\/p>\n","protected":false},"author":2,"featured_media":236338,"comment_status":"open","ping_status":"closed","sticky":false,"template":"","format":"standard","meta":{"_FSMCFIC_featured_image_caption":"","_FSMCFIC_featured_image_nocaption":"","_FSMCFIC_featured_image_hide":""},"categories":[29,128],"tags":[215],"acf":[],"_links":{"self":[{"href":"https:\/\/smago.de\/ws2\/wp-json\/wp\/v2\/posts\/236337"}],"collection":[{"href":"https:\/\/smago.de\/ws2\/wp-json\/wp\/v2\/posts"}],"about":[{"href":"https:\/\/smago.de\/ws2\/wp-json\/wp\/v2\/types\/post"}],"author":[{"embeddable":true,"href":"https:\/\/smago.de\/ws2\/wp-json\/wp\/v2\/users\/2"}],"replies":[{"embeddable":true,"href":"https:\/\/smago.de\/ws2\/wp-json\/wp\/v2\/comments?post=236337"}],"version-history":[{"count":4,"href":"https:\/\/smago.de\/ws2\/wp-json\/wp\/v2\/posts\/236337\/revisions"}],"predecessor-version":[{"id":236342,"href":"https:\/\/smago.de\/ws2\/wp-json\/wp\/v2\/posts\/236337\/revisions\/236342"}],"wp:featuredmedia":[{"embeddable":true,"href":"https:\/\/smago.de\/ws2\/wp-json\/wp\/v2\/media\/236338"}],"wp:attachment":[{"href":"https:\/\/smago.de\/ws2\/wp-json\/wp\/v2\/media?parent=236337"}],"wp:term":[{"taxonomy":"category","embeddable":true,"href":"https:\/\/smago.de\/ws2\/wp-json\/wp\/v2\/categories?post=236337"},{"taxonomy":"post_tag","embeddable":true,"href":"https:\/\/smago.de\/ws2\/wp-json\/wp\/v2\/tags?post=236337"}],"curies":[{"name":"wp","href":"https:\/\/api.w.org\/{rel}","templated":true}]}}