{"id":234784,"date":"2024-12-16T00:00:37","date_gmt":"2024-12-15T23:00:37","guid":{"rendered":"https:\/\/smago.de\/ws2\/?p=234784"},"modified":"2024-12-15T22:42:33","modified_gmt":"2024-12-15T21:42:33","slug":"234784","status":"publish","type":"post","link":"https:\/\/smago.de\/ws2\/schlager\/234784\/","title":{"rendered":"MANFRED HERTLEIN <br>Tournee-Veranstalter Manfred Hertlein \u00fcber die &#8222;Immer wieder sonntags&#8220; Tour 2025!"},"content":{"rendered":"<p>F\u00fcr M\u00e4rz 2025 sind rund 20 Termine geplant!<br \/>\n<!--more--><\/p>\n<p>&nbsp;<\/p>\n<p>&nbsp;<\/p>\n<p>&nbsp;<\/p>\n<p style=\"text-align: justify;\"><strong>Lieber Manfred, was hat dich dazu bewogen, die \u201eImmer wieder sonntags\u201c Tour 2025 zu veranstalten?<\/strong><\/p>\n<p style=\"text-align: justify;\">Eigentlich Stefan selbst. Wir haben uns zu einem Abendessen verabredet und es hat alles gepasst. Wir kennen uns schon ewig und unser ganzes Team war von der Idee begeistert.<\/p>\n<p style=\"text-align: justify;\"><strong>Du hast f\u00fcr Stefan die sch\u00f6nsten Locations ausgesucht, die es gibt. Sind die Hallengr\u00f6\u00dfen zum Teil aber nicht sehr gewagt? Zumal der VVK auch relativ sp\u00e4t gestartet wurde.<\/strong><\/p>\n<p style=\"text-align: justify;\">Da es sich um die gro\u00dfe Jubil\u00e4umstournee handelt (30 Jahre TV-Sendung \/ 20 Jahre Moderation Stefan) sind wir uns sicher, dass die ausgew\u00e4hlten Hallen die Richtigen sind und uns die Zeit ausreicht die Tournee zum Erfolg zu bringen.<\/p>\n<p style=\"text-align: justify;\"><strong>Was macht f\u00fcr dich den Entertainer Stefan Mross aus? Was den Menschen Stefan Mross?<\/strong><\/p>\n<p style=\"text-align: justify;\">Stefan ist f\u00fcr mich ein toller Entertainer, da er sehr spontan, sympathisch und lustig sein Publikum gl\u00fccklich stimmt.<\/p>\n<p style=\"text-align: justify;\">Stefan ist ein geiler Typ mit dem man Pferde stehlen kann und einer der wenigen mit dem du noch Handschlag-Deals machen kannst.<\/p>\n<p style=\"text-align: justify;\"><strong>Gehst du jetzt verst\u00e4rkt wieder in die Schlagerrichtung?<\/strong><\/p>\n<p style=\"text-align: justify;\">Wir sind mittlerweile sehr stark aufgestellt und nicht auf eine Richtung festgelegt.<\/p>\n<p style=\"text-align: justify;\"><strong>Wie lange hat es INSGESAMT gedauert, bis die Tournee stand?<\/strong><\/p>\n<p style=\"text-align: justify;\">Es lag im \u00fcblichen Rahmen. Wir waren nat\u00fcrlich sehr bedacht, was die K\u00fcnstler bei der ersten Tournee angeht und haben auch sehr auf die Qualit\u00e4t der Hallen geachtet, deshalb hat es mehr Zeit als sonst in Anspruch genommen.<\/p>\n<p style=\"text-align: justify;\"><strong>Was sagst du zu Joey Heindle?<\/strong><\/p>\n<p style=\"text-align: justify;\">Joey wurde mir von meinem Freund Andy Tichler empfohlen. Ich war sehr beeindruckt von ihm als Typ und der aktuellen Single \u201eTraumf\u00e4nger\u201c. Ich bin fest \u00fcberzeugt, dass er seinen Weg gehen wird.<\/p>\n<p style=\"text-align: justify;\"><strong>Was zu Michael Holm?<\/strong><\/p>\n<p style=\"text-align: justify;\">Michael Holm ist die Schlagerlegende schlechthin f\u00fcr mich. Ein toller Mensch und eine au\u00dfergew\u00f6hnliche Pers\u00f6nlichkeit.<\/p>\n<p style=\"text-align: justify;\"><strong>Was zu Claudia Jung?<\/strong><\/p>\n<p style=\"text-align: justify;\">Mit Claudia verbindet mich mittlerweile eine 30-j\u00e4hrige Geschichte. Sie war meine erste weibliche Schlagerk\u00fcnstlerin mit der ich das Risiko einging eine eigene Solotournee mit Band zu veranstalten. Ich freue mich wieder mit ihr gemeinsam auf Tournee zu sein.<\/p>\n<p style=\"text-align: justify;\"><strong>Was zu Nicole?<br \/>\n<\/strong><br \/>\nMit Nicole verbindet mich eine langj\u00e4hrige berufliche und freundschaftliche Zusammenarbeit. Sie ist der Headliner der Tournee. Ich freue mich auch, wieder mit Nicole und ((ihrem Ehemann)) Winni auf Tournee zu gehen.<\/p>\n<p style=\"text-align: justify;\"><strong>Und was zu Holzwurm Willi?<\/strong><\/p>\n<p style=\"text-align: justify;\">Mit Willi hatte ich am Anfang ein Problem, da nat\u00fcrlich die Gefahr besteht, dass er allen die Show stiehlt.<\/p>\n<p>&nbsp;<\/p>\n<p>&nbsp;<\/p>\n<p>&nbsp;<\/p>\n<p><strong><a href=\"https:\/\/immer-wieder-sonntags.live\/\">HIER<\/a><\/strong> finden Sie alle Informationen rund um die &#8222;Immer wieder sonntags&#8220; Tour 2025 \u2013 pr\u00e4sentiert von Stefan Mross!<\/p>\n<p>&nbsp;<\/p>\n<p>&nbsp;<\/p>\n<p><img decoding=\"async\" loading=\"lazy\" class=\"alignnone size-large wp-image-234777\" src=\"https:\/\/smago.de\/ws2\/wp-content\/uploads\/2024\/12\/IWS_Tour_25-800x419.jpg\" alt=\"\" width=\"800\" height=\"419\" srcset=\"https:\/\/smago.de\/ws2\/wp-content\/uploads\/2024\/12\/IWS_Tour_25-800x419.jpg 800w, https:\/\/smago.de\/ws2\/wp-content\/uploads\/2024\/12\/IWS_Tour_25-522x273.jpg 522w, https:\/\/smago.de\/ws2\/wp-content\/uploads\/2024\/12\/IWS_Tour_25-287x150.jpg 287w, https:\/\/smago.de\/ws2\/wp-content\/uploads\/2024\/12\/IWS_Tour_25-768x402.jpg 768w, https:\/\/smago.de\/ws2\/wp-content\/uploads\/2024\/12\/IWS_Tour_25-392x205.jpg 392w, https:\/\/smago.de\/ws2\/wp-content\/uploads\/2024\/12\/IWS_Tour_25-130x68.jpg 130w, https:\/\/smago.de\/ws2\/wp-content\/uploads\/2024\/12\/IWS_Tour_25-870x455.jpg 870w, https:\/\/smago.de\/ws2\/wp-content\/uploads\/2024\/12\/IWS_Tour_25-292x153.jpg 292w, https:\/\/smago.de\/ws2\/wp-content\/uploads\/2024\/12\/IWS_Tour_25-435x228.jpg 435w, https:\/\/smago.de\/ws2\/wp-content\/uploads\/2024\/12\/IWS_Tour_25.jpg 1200w\" sizes=\"(max-width: 800px) 100vw, 800px\" \/><\/p>\n<p>&nbsp;<\/p>\n<p>&nbsp;<\/p>\n<p>&nbsp;<\/p>\n<figure id=\"attachment_234785\" aria-describedby=\"caption-attachment-234785\" style=\"width: 798px\" class=\"wp-caption alignnone\"><img decoding=\"async\" loading=\"lazy\" class=\"size-large wp-image-234785\" src=\"https:\/\/smago.de\/ws2\/wp-content\/uploads\/2024\/12\/MH-Bild__Manfred-Hertlein-Veranstaltungs-GmbH-798x800.jpg\" alt=\"\" width=\"798\" height=\"800\" srcset=\"https:\/\/smago.de\/ws2\/wp-content\/uploads\/2024\/12\/MH-Bild__Manfred-Hertlein-Veranstaltungs-GmbH-798x800.jpg 798w, https:\/\/smago.de\/ws2\/wp-content\/uploads\/2024\/12\/MH-Bild__Manfred-Hertlein-Veranstaltungs-GmbH-520x522.jpg 520w, https:\/\/smago.de\/ws2\/wp-content\/uploads\/2024\/12\/MH-Bild__Manfred-Hertlein-Veranstaltungs-GmbH-150x150.jpg 150w, https:\/\/smago.de\/ws2\/wp-content\/uploads\/2024\/12\/MH-Bild__Manfred-Hertlein-Veranstaltungs-GmbH-768x770.jpg 768w, https:\/\/smago.de\/ws2\/wp-content\/uploads\/2024\/12\/MH-Bild__Manfred-Hertlein-Veranstaltungs-GmbH-271x272.jpg 271w, https:\/\/smago.de\/ws2\/wp-content\/uploads\/2024\/12\/MH-Bild__Manfred-Hertlein-Veranstaltungs-GmbH-598x600.jpg 598w, https:\/\/smago.de\/ws2\/wp-content\/uploads\/2024\/12\/MH-Bild__Manfred-Hertlein-Veranstaltungs-GmbH-130x130.jpg 130w, https:\/\/smago.de\/ws2\/wp-content\/uploads\/2024\/12\/MH-Bild__Manfred-Hertlein-Veranstaltungs-GmbH-444x445.jpg 444w, https:\/\/smago.de\/ws2\/wp-content\/uploads\/2024\/12\/MH-Bild__Manfred-Hertlein-Veranstaltungs-GmbH-189x190.jpg 189w, https:\/\/smago.de\/ws2\/wp-content\/uploads\/2024\/12\/MH-Bild__Manfred-Hertlein-Veranstaltungs-GmbH-289x290.jpg 289w, https:\/\/smago.de\/ws2\/wp-content\/uploads\/2024\/12\/MH-Bild__Manfred-Hertlein-Veranstaltungs-GmbH.jpg 1021w\" sizes=\"(max-width: 798px) 100vw, 798px\" \/><figcaption id=\"caption-attachment-234785\" class=\"wp-caption-text\"><em>Foto-Credit: Manfred Hertlein Veranstaltungs GmbH<\/em><\/figcaption><\/figure>\n","protected":false},"excerpt":{"rendered":"<p>F\u00fcr M\u00e4rz 2025 sind rund 20 Termine geplant!<\/p>\n","protected":false},"author":2,"featured_media":234785,"comment_status":"open","ping_status":"closed","sticky":false,"template":"","format":"standard","meta":{"_FSMCFIC_featured_image_caption":"","_FSMCFIC_featured_image_nocaption":"","_FSMCFIC_featured_image_hide":""},"categories":[29],"tags":[4185],"acf":[],"_links":{"self":[{"href":"https:\/\/smago.de\/ws2\/wp-json\/wp\/v2\/posts\/234784"}],"collection":[{"href":"https:\/\/smago.de\/ws2\/wp-json\/wp\/v2\/posts"}],"about":[{"href":"https:\/\/smago.de\/ws2\/wp-json\/wp\/v2\/types\/post"}],"author":[{"embeddable":true,"href":"https:\/\/smago.de\/ws2\/wp-json\/wp\/v2\/users\/2"}],"replies":[{"embeddable":true,"href":"https:\/\/smago.de\/ws2\/wp-json\/wp\/v2\/comments?post=234784"}],"version-history":[{"count":8,"href":"https:\/\/smago.de\/ws2\/wp-json\/wp\/v2\/posts\/234784\/revisions"}],"predecessor-version":[{"id":234799,"href":"https:\/\/smago.de\/ws2\/wp-json\/wp\/v2\/posts\/234784\/revisions\/234799"}],"wp:featuredmedia":[{"embeddable":true,"href":"https:\/\/smago.de\/ws2\/wp-json\/wp\/v2\/media\/234785"}],"wp:attachment":[{"href":"https:\/\/smago.de\/ws2\/wp-json\/wp\/v2\/media?parent=234784"}],"wp:term":[{"taxonomy":"category","embeddable":true,"href":"https:\/\/smago.de\/ws2\/wp-json\/wp\/v2\/categories?post=234784"},{"taxonomy":"post_tag","embeddable":true,"href":"https:\/\/smago.de\/ws2\/wp-json\/wp\/v2\/tags?post=234784"}],"curies":[{"name":"wp","href":"https:\/\/api.w.org\/{rel}","templated":true}]}}