{"id":234776,"date":"2024-12-16T00:00:22","date_gmt":"2024-12-15T23:00:22","guid":{"rendered":"https:\/\/smago.de\/ws2\/?p=234776"},"modified":"2024-12-15T22:39:01","modified_gmt":"2024-12-15T21:39:01","slug":"stefan-mross-wenn-mich-leute-belaecheln-macht-mich-das-nur-stark-exklusiv-interview-mit-stefan-mross","status":"publish","type":"post","link":"https:\/\/smago.de\/ws2\/schlager\/stefan-mross-wenn-mich-leute-belaecheln-macht-mich-das-nur-stark-exklusiv-interview-mit-stefan-mross\/","title":{"rendered":"STEFAN MROSS <br>&#8222;Wenn mich Leute bel\u00e4cheln, macht mich das nur stark!&#8220; \u2013 Exklusiv-Interview mit Stefan Mross &#8230;"},"content":{"rendered":"<p>&#8230; zur gro\u00dfen &#8222;Immer wieder sonntags&#8220; Jubil\u00e4umstour im M\u00e4rz 2025!<br \/>\n<!--more--><\/p>\n<p>&nbsp;<\/p>\n<p>&nbsp;<\/p>\n<p>&nbsp;<\/p>\n<p>&nbsp;<\/p>\n<p style=\"font-weight: 400; text-align: justify;\"><strong>Servus Stefan, du hast in diesem Jahr mit &#8222;Immer wieder sonntags&#8220; den Discofox-Fernsehgarten in Sachen Quote mit \u201eImmer wieder sonntags\u201c bezwungen, \u201eImmer wieder sonntags\u201c hat es auf Platz 2 der Compilation-Charts geschafft, zum Staffelfinale konntest du den Staffelrekord holen \u2013 man kann sagen: \u201el\u00e4uft\u201c?<\/strong><\/p>\n<p style=\"font-weight: 400; text-align: justify;\">Nach 20 Jahren einen Schnitt von knapp 17 Prozent Marktanteil gehabt zu haben, das macht mich schon sehr stolz. In den 1990er Jahren wurde \u201eImmer wieder sonntags\u201c immer so bel\u00e4chelt. Als ich angefangen habe, wurden wir von den Kritikern und Teilen des Publikums nicht ernst genommen. Aber: Wenn mich Leute bel\u00e4cheln, macht mich das nur stark.<\/p>\n<p style=\"font-weight: 400; text-align: justify;\"><strong>20 Jahre STEFAN MROSS als Moderator, 30 Jahre Sendung \u201eImmer wieder sonntags\u201c \u2013 das muss mit einer gro\u00dfen Tour gefeiert werden, oder?<\/strong><\/p>\n<p style=\"font-weight: 400; text-align: justify;\">Ja, wir haben glaube ich auch eine tolle Besetzung f\u00fcr die Tour. NICOLE war immer diejenige, die seit vielen Jahren nicht auf einer \u201egemischten\u201c Tour dabei war. Sie wurde von FLORIAN SILBEREISEN eingeladen, das hat sie nicht gemacht. Dass sie nun bei \u201eImmer wieder sonntags\u201c dabei ist, ist eine Ehre.<\/p>\n<p style=\"font-weight: 400; text-align: justify;\">MICHAEL HOLM und CLAUDIA JUNG sind ja auch dabei. Aber bei NICOLE: Dass sie nach ihrer schweren Krankheit als Grande Dame dabei ist und ich sie und MICHAEL HOLM, dessen Kassetten meine Eltern in meiner Kindheit geh\u00f6rt haben, pr\u00e4sentieren darf \u2013 da f\u00fchle ich mich wirklich total geehrt.<\/p>\n<p style=\"font-weight: 400; text-align: justify;\"><strong>Glaubst du, MAX SCHAUTZER und SEBASTIAN DEYLE k\u00f6nnten 2025 zu dir in die Sendung kommen, um das 30-j\u00e4hrige Sendungsjubil\u00e4um mit dir mitzufeiern?<\/strong><\/p>\n<p style=\"font-weight: 400; text-align: justify;\">Ich h\u00e4tte mir in der letzten Sendung gew\u00fcnscht, dass vielleicht MAX SCHAUTZER in die Sendung. Weil: Ich habe ihm meinen Erfolg zu verdanken. Das Format zu entwickeln, war eine geile Idee. Ich habe damals scherzhaft gesagt: Eine billige Werbekopie vom &#8222;ZDF-Fernsehgarten&#8220; \u2013 und mittlerweile ist das Format im deutschen Fernsehen so im Vordergrund, das finde ich genial.<\/p>\n<p style=\"font-weight: 400; text-align: justify;\">Auch SEBASTIAN DEYLE w\u00fcrde ich gerne begr\u00fc\u00dfen. &#8211; Ich glaube, ich rufe MAX mal pers\u00f6nlich an, um ihm alles Gute zu w\u00fcnschen.<\/p>\n<p style=\"font-weight: 400; text-align: justify;\"><strong>Dein neuer Tourneeveranstalter MANFRED HERTLEIN hat f\u00fcr dich die sch\u00f6nsten Hallen f\u00fcr dich und deine G\u00e4ste gebucht \u2013 sind die Hallengr\u00f6\u00dfen und die Preise bis EUR 89,50 nicht sehr &#8222;ambitioniert&#8220;?<\/strong><\/p>\n<p style=\"font-weight: 400; text-align: justify;\">Die Logistik wird immer kostspieliger, wenn man allein an die LKW-Maut denkt, die doppelt so teuer geworden ist \u2013 das macht sich ja auch z. B. bei den Lebensmittelpreisen bemerkbar. Ja, der Eintrittspreis ist hoch \u2013 aber die G\u00e4ste sind auch hochkar\u00e4tig. Wir sind jetzt gespannt und m\u00fcssen schauen, wie sich das entwickelt.<\/p>\n<p style=\"font-weight: 400; text-align: justify;\">Man muss auch bedenken, dass selbst Top-Namen wie ANDREA BERG viel mehr Promotion machen m\u00fcssen, als das vor Pandemie-Zeiten der Fall war.<\/p>\n<p style=\"font-weight: 400; text-align: justify;\"><strong>Ist der HOLZWRUM WILLI dabei?\u00a0<\/strong><\/p>\n<p style=\"font-weight: 400; text-align: justify;\">Ja, der ist Gott sei Dank dabei!<\/p>\n<p style=\"font-weight: 400; text-align: justify;\"><strong>Was kann ein STEFAN MROSS von einem Altmeister MICHAEL HOLM lernen, der ja noch fit ist wie ein Turnschuh und \u00fcber die B\u00fchne wirbelt?<\/strong><\/p>\n<p style=\"font-weight: 400; text-align: justify;\">Von dem kann ich nichts lernen \u2013 der ist einfach ein Ph\u00e4nomen. Was soll man von Altmeistern lernen? Gott sei Dank haben wir sie ja teilweise noch. MICHAEL HOLM, UDO J\u00dcRGENS, HOWARD CARPENDALE, ROY BLACK \u2013 die haben den deutschen Schlager im Prinzip erfunden. DAS ist der deutsche Schlager. Ich kann von denen nichts lernen, ich kann ihnen nur mit Begeisterung zuh\u00f6ren.<\/p>\n<p style=\"font-weight: 400; text-align: justify;\"><strong>Wagst du eine Prognose, ob du selbst im M\u00e4rz 2025 selbst wieder neue Titel singen \u201edarfst\u201c (da gab es ja ein bisschen &#8222;Beef&#8220; im Hintergrund)? Wird es neue Songs geben k\u00f6nnen?<\/strong><\/p>\n<p style=\"font-weight: 400; text-align: justify;\">Ich gehe fest davon aus. Das Genre hat sich v\u00f6llig ver\u00e4ndert. Im Endeffekt muss ich sagen \u2013 CHRISTIAN KLEINAZ vom SWR hat recherchiert, dass ich in Mitteleuropa mittlerweile ich ins Guinnessbuch der Rekorde eingehe: 20 Jahre ein gleichnamiger K\u00fcnstler STEFAN MROSS, der dieses Format immer unter dem einen Namen, eben \u201eImmer wieder sonntags\u201c pr\u00e4sentiert, da gibt es sonst keinen.<\/p>\n<p style=\"font-weight: 400; text-align: justify;\">Andere sind auch lange im Gesch\u00e4ft. Bei FLORIAN SILBEREISEN ist das zwar \u00e4hnlich \u2013 aber dessen Formate haben unterschiedliche Namen wie Hochzeitsfest, Schlagerbooom etc. Und \u201eWetten, dass ..=\u201c war auch ein langlebiges Format, das aber von mehreren Moderatoren wie FRANK ELSTNER, WOLFGANG LIPPERT, THOMAS GOTTSCHALK und MARKUS LANZ getragen wurde \u2013 aber von keinem 20 Jahre am St\u00fcck. Da bin ich der Einzige, der das 20 Jahre geschafft hat.<\/p>\n<p style=\"font-weight: 400; text-align: justify;\"><strong>DIETER THOMAS HECK hat die Hitparade auch \u201enur\u201c 16 Jahre lang moderiert \u2013 das zeigt die Dimension, Gratulation dazu! \u2013 Mit CLAUDIA JUNG ist eine weitere Hochkar\u00e4terin am Start. Glaubst du, dass es zwischen den beiden Damen bei der Tour immer \u201eEin bisschen Frieden\u201c geben wird? Also keinen Diven-Krieg?<\/strong><\/p>\n<p style=\"font-weight: 400; text-align: justify;\">Es gibt den gr\u00f6\u00dften Frieden! Ich glaube \u2013 nein, ich wei\u00df, dass sich CLAUDIA JUNG und NICOLE gegenseitig respektieren und Fans voneinander sind. Man kann \u201eEin bisschen Frieden\u201c nicht toppen und man kann die geniale Idee des Duetts mit RICHARD CLAYDERMAN nicht toppen. Also hatten beide geniale Einf\u00e4lle mit ihrem Team, RALPH SIEGEL und alle drum herum.<\/p>\n<p style=\"font-weight: 400; text-align: justify;\">Bei diesen Namen- das ist mir wichtig: Die habe ich alle auf Cassette geh\u00f6rt, das ist verr\u00fcckt. In den 1980er Jahren sind wir nach Jugoslawien in Urlaub gefahren, wir haben CLAUDIA JUNG geh\u00f6rt, wir haben NICOLE geh\u00f6rt, wir haben MICHAEL HOLM geh\u00f6rt \u2013 gut, JOEY HEINDLE gab es da noch nicht. Wir haben diese genialen K\u00fcnstler \u2013 und ich sage: die genialsten K\u00fcnstler des deutschen Schlagers.<\/p>\n<p style=\"font-weight: 400; text-align: justify;\"><strong>Was sagt HANSY VOGT dazu, dass durch den HOLZWURM \u201eFRAU W\u00c4BER\u201c nicht mehr dabei ist?<\/strong><\/p>\n<p style=\"font-weight: 400; text-align: justify;\">Der HOLZWURM WILLI hat mittlerweile einfach eine h\u00f6here Einschaltquote als FRAU W\u00c4BER, das kann man so sagen. Das Fernsehverhalten und die Fernsehlandschaft haben sich v\u00f6llig ver\u00e4ndert. Mit dem HOLZWURM haben wir knapp 17 Prozent Marktanteil erreichen k\u00f6nnen. Die absoluten Zahlen sind ja wegen des ge\u00e4nderten Medienkonsums bei allen gefallen, sogar beim FLORIAN. Da sind wir mit dem derzeit erreichten Marktanteil sehr zufrieden. Wir wollen ja nicht alles \u201evernetflixen\u201c und nur noch die Mediathek f\u00f6rdern.<\/p>\n<p style=\"font-weight: 400; text-align: justify;\">Dass ARD und ZDF die Mediathek erfunden haben, sind sie selber schuld. Viele Menschen schauen die Sendungen nur noch in der Mediathek \u2013 das geht nat\u00fcrlich zu Lasten des linearen Fernsehens. Im Endeffekt geht es also um den Marktanteil \u2013 und da sind wir mittlerweile teilweise sogar vor dem Fernsehgarten. Momentan spielen wir mit Immer wieder sonntags da in der Champions League.<\/p>\n<p style=\"font-weight: 400; text-align: justify;\"><strong>Wie kam es zur Zusammenarbeit mit MANFRED HERTLEIN? Ihr seid ja beide \u201eRock\u2019n\u2019Roller\u201c und seid euch als Typen \u00e4hnlich. Das passt wie geschnitten Brot oder?<\/strong><\/p>\n<p style=\"font-weight: 400; text-align: justify;\">Er kam auf mich zu \u2013 ich wollte nie wieder die Idee einer \u201eImmer wieder sonntags\u201c-Tour verfolgen. Das hat mich zu viel Nerven gekostet. Aber im Endeffekt: Alles, was STEFAN MROSS an Nerven kostet \u2013 da bin ich nachher um so st\u00e4rker.<\/p>\n<p style=\"font-weight: 400; text-align: justify;\"><strong>M\u00f6chtest du auch noch einen Satz zu JOEY HEINDLE sagen?<\/strong><\/p>\n<p style=\"font-weight: 400; text-align: justify;\">Ich finde JOEY HEINDLE als Kumpel, als Freund, saugeil, als Freund. Ich glaube, er muss sich im deutschen Schlager noch best\u00e4tigen\u00a0\u00a0Aber im Endeffekt ist er ist einer der Wenigen, der es schaffen K\u00d6NNTE, weil er eine Aura hat und polarisiert. Ich glaube, er kann gro\u00df rauskommen, wenn er den richtigen Titel hat. Er ist ja so ein \u201eRadio-K\u00fcnstler\u201c. Und ich freue mich, wenn er Erfolg damit hat \u2013 f\u00fcr unsere Tournee.<\/p>\n<p>&nbsp;<\/p>\n<p>&nbsp;<\/p>\n<p>&nbsp;<\/p>\n<p>&nbsp;<\/p>\n<p><strong><a href=\"https:\/\/immer-wieder-sonntags.live\/\">HIER<\/a><\/strong> finden Sie alle Informationen rund um die &#8222;Immer wieder sonntags&#8220; Tour 2025 \u2013 pr\u00e4sentiert von Stefan Mross!<\/p>\n<p>&nbsp;<\/p>\n<p>&nbsp;<\/p>\n<p><img decoding=\"async\" loading=\"lazy\" class=\"alignnone size-large wp-image-234777\" src=\"https:\/\/smago.de\/ws2\/wp-content\/uploads\/2024\/12\/IWS_Tour_25-800x419.jpg\" alt=\"\" width=\"800\" height=\"419\" srcset=\"https:\/\/smago.de\/ws2\/wp-content\/uploads\/2024\/12\/IWS_Tour_25-800x419.jpg 800w, https:\/\/smago.de\/ws2\/wp-content\/uploads\/2024\/12\/IWS_Tour_25-522x273.jpg 522w, https:\/\/smago.de\/ws2\/wp-content\/uploads\/2024\/12\/IWS_Tour_25-287x150.jpg 287w, https:\/\/smago.de\/ws2\/wp-content\/uploads\/2024\/12\/IWS_Tour_25-768x402.jpg 768w, https:\/\/smago.de\/ws2\/wp-content\/uploads\/2024\/12\/IWS_Tour_25-392x205.jpg 392w, https:\/\/smago.de\/ws2\/wp-content\/uploads\/2024\/12\/IWS_Tour_25-130x68.jpg 130w, https:\/\/smago.de\/ws2\/wp-content\/uploads\/2024\/12\/IWS_Tour_25-870x455.jpg 870w, https:\/\/smago.de\/ws2\/wp-content\/uploads\/2024\/12\/IWS_Tour_25-292x153.jpg 292w, https:\/\/smago.de\/ws2\/wp-content\/uploads\/2024\/12\/IWS_Tour_25-435x228.jpg 435w, https:\/\/smago.de\/ws2\/wp-content\/uploads\/2024\/12\/IWS_Tour_25.jpg 1200w\" sizes=\"(max-width: 800px) 100vw, 800px\" \/><\/p>\n","protected":false},"excerpt":{"rendered":"<p>&#8230; zur gro\u00dfen &#8222;Immer wieder sonntags&#8220; Jubil\u00e4umstour im M\u00e4rz 2025!<\/p>\n","protected":false},"author":2,"featured_media":234777,"comment_status":"open","ping_status":"closed","sticky":false,"template":"","format":"standard","meta":{"_FSMCFIC_featured_image_caption":"","_FSMCFIC_featured_image_nocaption":"","_FSMCFIC_featured_image_hide":""},"categories":[29,39],"tags":[137],"acf":[],"_links":{"self":[{"href":"https:\/\/smago.de\/ws2\/wp-json\/wp\/v2\/posts\/234776"}],"collection":[{"href":"https:\/\/smago.de\/ws2\/wp-json\/wp\/v2\/posts"}],"about":[{"href":"https:\/\/smago.de\/ws2\/wp-json\/wp\/v2\/types\/post"}],"author":[{"embeddable":true,"href":"https:\/\/smago.de\/ws2\/wp-json\/wp\/v2\/users\/2"}],"replies":[{"embeddable":true,"href":"https:\/\/smago.de\/ws2\/wp-json\/wp\/v2\/comments?post=234776"}],"version-history":[{"count":3,"href":"https:\/\/smago.de\/ws2\/wp-json\/wp\/v2\/posts\/234776\/revisions"}],"predecessor-version":[{"id":234797,"href":"https:\/\/smago.de\/ws2\/wp-json\/wp\/v2\/posts\/234776\/revisions\/234797"}],"wp:featuredmedia":[{"embeddable":true,"href":"https:\/\/smago.de\/ws2\/wp-json\/wp\/v2\/media\/234777"}],"wp:attachment":[{"href":"https:\/\/smago.de\/ws2\/wp-json\/wp\/v2\/media?parent=234776"}],"wp:term":[{"taxonomy":"category","embeddable":true,"href":"https:\/\/smago.de\/ws2\/wp-json\/wp\/v2\/categories?post=234776"},{"taxonomy":"post_tag","embeddable":true,"href":"https:\/\/smago.de\/ws2\/wp-json\/wp\/v2\/tags?post=234776"}],"curies":[{"name":"wp","href":"https:\/\/api.w.org\/{rel}","templated":true}]}}