{"id":234767,"date":"2024-12-16T00:00:52","date_gmt":"2024-12-15T23:00:52","guid":{"rendered":"https:\/\/smago.de\/ws2\/?p=234767"},"modified":"2024-12-15T22:36:19","modified_gmt":"2024-12-15T21:36:19","slug":"andy-borg-9","status":"publish","type":"post","link":"https:\/\/smago.de\/ws2\/schlager\/andy-borg-9\/","title":{"rendered":"ANDY BORG mit OLAF DER FLIPPER und PIA MALO <br>smago! Konzert-Bericht: &#8222;Schlager &#038; Spa\u00df zur Weihnachtszeit&#8220; (11.12.2024 \u2013 B\u00f6blingen)!"},"content":{"rendered":"<p>Am vergangenen Mittwochabend ging in der Kongresshalle ganz sch\u00f6n due Post ab &#8230;:<br \/>\n<!--more--><\/p>\n<p>&nbsp;<\/p>\n<p>&nbsp;<\/p>\n<p style=\"text-align: justify;\"><em>&#8222;Ich glaub&#8216;, ich war noch nie in dieser Halle&#8220;. <\/em>&#8222;Premiere&#8220; also f\u00fcr den 64-j\u00e4hrigen ANDY BORG. Die Sporthalle B\u00f6blingen erinnerte er ebenso wie die &#8222;Bundesgartenausstellung&#8220;, in der Kongresshalle B\u00f6blingen vermutete er sich jedoch zum ersten Mal. Am vergangenen Mittwoch (11.12.2024) fand dort das Programm &#8222;Schlager &amp; Spa\u00df zur Weihnachtszeit&#8220; statt. Als Starg\u00e4ste waren Olaf der Flipper und Pia Malo gesetzt, um eine Art &#8222;weihnachtliche Version von &#8218;Schlager-Spa\u00df mit Andy Borg'&#8220; zu feiern.<\/p>\n<p style=\"text-align: justify;\">Gastgeber Andy Borg er\u00f6ffnete das etwas \u00fcber dreist\u00fcndige Konzert (inkl. Pause) mit dem Titel &#8222;Als sie noch Anna hie\u00df&#8220;. &#8222;Ein Lied, das nichts mit Stefan Mross zu tun hat.&#8220;<\/p>\n<p style=\"text-align: justify;\">Pia Malo besang die &#8222;Italienische Sehnsucht&#8220; von Oliver Frank (\u2020 2022). Pia stellte sich wie folgt vor: Mein Name ist Pia Malo, ich bin die Tochter von Olaf dem Flipper, 42 Jahre alt, 1.80 Meter gro\u00df, Gewicht: sag&#8216; ich nicht &#8230;&#8220; Und: Sie bekannte freim\u00fctig, auf M\u00e4nnerfang zu sein. &#8222;Olaf verwaltet das Ganze f\u00fcr mich. Der sucht den Richtigen aus.&#8220; Mit\u00a0&#8222;Je t&#8217;aime hei\u00dft ich liebe dich&#8220; hatte sie sogleich auch den passenden Song parat, bevor sie um Duett mit Andy Borg &#8222;Spiel noch einmal f\u00fcr mich Habanero&#8220; sang.<\/p>\n<p style=\"text-align: justify;\">Bei einem Publikumsspiel konnte ein Kalender geworden werden, bevor Pia Malo die &#8222;Sieben S\u00fcnden&#8220; von Uwe Busse und (DJ \u00d6tzi feat.) Marc Pircher aufz\u00e4hlte. Des Weiteren hatte sie ein Schlager-Medley, bestehend aus &#8222;Aloha heja he&#8220;, &#8222;Heut&#8216;<br \/>\nAbend hab ich Kopfweh&#8220;, &#8222;Eine neue Liebe ist wie ein neues Leben&#8220;, &#8222;Ich komm&#8216; zur\u00fcck nach Amarillo&#8220; und &#8222;Mendocino&#8220; vorbereitet.<\/p>\n<p style=\"text-align: justify;\">&#8222;Es gibt ja doch noch anst\u00e4ndige, junge, h\u00fcbsche M\u00e4dchen&#8220;, befand Andy Borg in seiner Absage. Olaf der Flipper pr\u00e4sentierte einen kleinen Ausschnitt aus einem gro\u00dfen Repertoire: &#8222;Lotosblume&#8220;, &#8222;Die rote Sonne von Barbados&#8220; und &#8222;Weine nie, kleine Eva&#8220;. Nach Barbados hat er es im \u00dcbrigen bislang noch nicht geschafft. &#8222;Irgendwann, bevor ich 100 bin, fahre ich da mal r\u00fcber \u2013 mit meiner lieben Frau&#8220;. Mit Tochter Pia w\u00e4re eigentlich auch alles zum Besten bestellt, allein: &#8222;Ich darf keine hohen Schuhe mehr anziehen, wenn ich mit ihm singe.&#8220; Der Grund: Olaf der Flipper ist in den letzten Jahren um drei Zentimeter &#8222;geschrumpft&#8220; \u2013 von 1,86 Meter auf 1,83 Meter. &#8222;Dann sehe ich so klein aus. Das geht gar nicht.&#8220; Daf\u00fcr hat sich das Vater-Tochter-Gespann eine klasse Arbeitsteilung: &#8222;Du sagst, wo es hingeht, und ich packe die Koffer&#8220;, verriet Pia Malo. Gemeinsam sangen sie den Kult-Hit &#8222;Fang das Licht&#8220;, bevor Olaf der Flipper &#8222;solo&#8220; weitermachte \u2013 mit Titeln wie &#8222;Das Beste zum Schluss&#8220; und &#8222;Viva la vida&#8220; sowie einem weiteren Hit der Flippers &#8211; &#8222;Santa Maria Goodbye&#8220;. Nun gesellte sich Andy Borg mit dazu. Olaf der Flipper und Andy Borg verbindet seit jeher eine &#8222;Seelenverwandtschaft&#8220;: &#8222;Wir lieben den Schlager!&#8220;. Weiter ging&#8217;s mit &#8222;Sie liebt einen Italiener&#8220;, &#8222;Bye Bye Belinda&#8220;, &#8222;Mona Lisa&#8220; und \u2013 nat\u00fcrlich \u2013 &#8222;Wir sagen Dankesch\u00f6n&#8220;.<\/p>\n<p style=\"text-align: justify;\">&#8222;Ich hab euch auch einige Lieder mitgebrungen&#8220;, witzelte Andy Borg, der betonte, dass jeder Ton auf der B\u00fchne live (gesungen) sei (&#8222;Ihr seid ja auch live da&#8220;, rief er dem Publikum zu). Er kam auf die letzte Sendung von Carmen Nebel zu sprechen (&#8222;Ich wei\u00df, wie das ist&#8220;), bl\u00fchte dann jedoch mit Titeln wie &#8222;Cara mia&#8220;,\u00a0 &#8222;Tanze mit mir in den Morgen&#8220;, &#8222;Die ber\u00fchmten drei Worte&#8220; und &#8222;Sarah&#8220; sogleich wieder richtig auf. Allerdings &#8222;\u00fcberlebte&#8220; der Schneemann auf der B\u00fchne den &#8222;wilden&#8220; Auftritt von Andy Borg nicht. &#8222;Stellt ihn in die Gefriertruhe!&#8220;, meinte Andy zu seiner Crew. Nicht fehlen durften nat\u00fcrlich &#8222;Die Fischer von San Juan&#8220;. Hierzu wurden Bilder von Kroatien eingeblendet, &#8222;die ich selbst gedreht habe&#8220;. Denn: &#8222;Ich habe letztes Jahr von meiner Frau eine Drohne zu Weihnachten bekommen&#8220;. Andy Borg verabschiedete sich mit dem Lied in die Pause, \u00fcber das er in B\u00f6blingen sagte: &#8222;Ohne diese 3-Minuten-Melodie h\u00e4tten wir uns nie kennengelernt&#8220;.<\/p>\n<p style=\"text-align: justify;\">Um 19:37 Uhr wurde dann eine etwas \u00fcber 20-min\u00fctige Pause eingel\u00e4utet (das Programm hatte um 18:00 Uhr begonnen). Mit unter den Publikumsg\u00e4sten war im \u00dcbrigen die S\u00e4ngerin Liane auszumachen, die es von Sindelfingen aus nicht sonderlich weit hatte.<\/p>\n<p style=\"text-align: justify;\">Die &#8222;zweite H\u00e4lfte&#8220;, der weihnachtliche Teil, begann mit einer tollen \u00dcberraschung: Alma und Jens vom &#8222;Schlager-Spa\u00df mit Andy Borg&#8220; Team w\u00fcnschten viel Spa\u00df beim zweiten Teil.<\/p>\n<p style=\"text-align: justify;\">&#8222;Er hat es nicht geschafft&#8220;, sagte Andy Borg \u00fcber den Schneemann, den er im ersten Programmteil &#8218;gekillt&#8216; hatte. Daf\u00fcr sang ER den Titel &#8222;Weihnachten werd&#8216; ich bei dir sein&#8220;, den er f\u00fcr seine Frau Birgit geschrieben hat.<\/p>\n<p style=\"text-align: justify;\">Pia Malo steuerte mit &#8222;Winterzeit ((Jingle Bells))&#8220; auch einen Weihnachtstitel bei. Den nachfolgenden Song &#8222;Mit Mama und Papa&#8220; hat sie sich von ihrem Vater Olaf entliehen. &#8222;Ich bin so was von stolz, seine Tochter sein zu d\u00fcrfen und so wundervolle Eltern zu haben&#8220;, sagte sie. (Ihre Mutter Sonja war n\u00e4mlich auch mit in B\u00f6blingen dabei.) &#8222;Wollt ihr ein bisschen mit mir mit dem Popo wackeln?&#8220;, fragte sie forsch. Mit &#8222;Rudolph, The Red-Nosed Reindeer&#8220;, &#8222;Letzte Weihnacht ((Last Christmas))&#8220; und\u00a0 &#8222;Feliz navidad&#8220; lieferte sie denn auch prompt den passenden Soundtrack mit dazu.<\/p>\n<p style=\"text-align: justify;\">Olaf der Flipper fragte zun\u00e4chst &#8222;Ja, ist denn heut schon Weihnachten?&#8220; und dann &#8222;Warum kann nicht jeden Tag ein bisschen Weihnachten sein&#8220;. Mit &#8222;S\u00fc\u00dfer die Glocken nie klingen&#8220; sang er ein klassisches Weihnachtslied. &#8222;Wie in der Kirche, so sch\u00f6n&#8220;, lobte er das Publikum. Weiter ging&#8217;s mit &#8222;Mary&#8217;s Boychild&#8220;, &#8222;Sag mir, wie war dein Jahr&#8220;, &#8222;Leise rieselt der Schnee&#8220; und &#8222;Ich will mit dir Schlitten fahr&#8217;n&#8220;.<\/p>\n<p style=\"text-align: justify;\">Andy Borg sehnte sich eine &#8222;Wei\u00dfe Weihnacht ((White Christmas))&#8220; herbei, bevor er sein &#8222;Weihnachten 1965&#8220; besang. Den nun folgenden Titel bezeichnete er als &#8222;mein Lieblingslied ever, weil es ein fr\u00f6hliches Weihnachtslied ist&#8220;: &#8222;Weihnachten steht vor der T\u00fcr&#8220;. Dieser Song wurde 1970 von Thomas L\u00fcck interpretiert, der vor f\u00fcnf Jahren verstorben ist. Mit &#8222;Wei\u00dfer Winterwald ((Winter Wonderland))&#8220; sang Andy Borg noch einen weiteren Titel, bevor er sich zu &#8222;Fr\u00f6hliche Weihnacht, \u00fcberall&#8220;, &#8222;Kling, Gl\u00f6ckchen, Klingeling&#8220; und &#8222;Lasst uns froh und munter sein&#8220; Verst\u00e4rkung auf die B\u00fchne holte \u2013 in Gestalt von Pia Malo und Olaf dem Flipper &#8230;<\/p>\n<p style=\"text-align: justify;\">Zum gro\u00dfen Finale pr\u00e4sentierte das putzmuntere Trio dann noch den Nilsen Brothers Evergreen &#8222;Aber dich gibt&#8217;s nur einmal f\u00fcr mich&#8220;.<\/p>\n","protected":false},"excerpt":{"rendered":"<p>Am vergangenen Mittwochabend ging in der Kongresshalle ganz sch\u00f6n due Post ab &#8230;:<\/p>\n","protected":false},"author":2,"featured_media":234792,"comment_status":"open","ping_status":"closed","sticky":false,"template":"","format":"standard","meta":{"_FSMCFIC_featured_image_caption":"","_FSMCFIC_featured_image_nocaption":"","_FSMCFIC_featured_image_hide":""},"categories":[29,39],"tags":[182,170,464],"acf":[],"_links":{"self":[{"href":"https:\/\/smago.de\/ws2\/wp-json\/wp\/v2\/posts\/234767"}],"collection":[{"href":"https:\/\/smago.de\/ws2\/wp-json\/wp\/v2\/posts"}],"about":[{"href":"https:\/\/smago.de\/ws2\/wp-json\/wp\/v2\/types\/post"}],"author":[{"embeddable":true,"href":"https:\/\/smago.de\/ws2\/wp-json\/wp\/v2\/users\/2"}],"replies":[{"embeddable":true,"href":"https:\/\/smago.de\/ws2\/wp-json\/wp\/v2\/comments?post=234767"}],"version-history":[{"count":6,"href":"https:\/\/smago.de\/ws2\/wp-json\/wp\/v2\/posts\/234767\/revisions"}],"predecessor-version":[{"id":234795,"href":"https:\/\/smago.de\/ws2\/wp-json\/wp\/v2\/posts\/234767\/revisions\/234795"}],"wp:featuredmedia":[{"embeddable":true,"href":"https:\/\/smago.de\/ws2\/wp-json\/wp\/v2\/media\/234792"}],"wp:attachment":[{"href":"https:\/\/smago.de\/ws2\/wp-json\/wp\/v2\/media?parent=234767"}],"wp:term":[{"taxonomy":"category","embeddable":true,"href":"https:\/\/smago.de\/ws2\/wp-json\/wp\/v2\/categories?post=234767"},{"taxonomy":"post_tag","embeddable":true,"href":"https:\/\/smago.de\/ws2\/wp-json\/wp\/v2\/tags?post=234767"}],"curies":[{"name":"wp","href":"https:\/\/api.w.org\/{rel}","templated":true}]}}