{"id":234682,"date":"2024-12-12T23:59:02","date_gmt":"2024-12-12T22:59:02","guid":{"rendered":"https:\/\/smago.de\/ws2\/?p=234682"},"modified":"2024-12-12T21:52:15","modified_gmt":"2024-12-12T20:52:15","slug":"david-garrett-u-a-fr-13-12-2024-in-der-ndr-talk-show-zu-gast","status":"publish","type":"post","link":"https:\/\/smago.de\/ws2\/instrumental\/david-garrett-u-a-fr-13-12-2024-in-der-ndr-talk-show-zu-gast\/","title":{"rendered":"DAVID GARRETT u.a. <br>Fr. (13.12.2024) in der &#8222;NDR Talk Show&#8220; zu Gast!"},"content":{"rendered":"<p style=\"text-align: justify;\">NDR Fernsehen + HR Fernsehen, 22:00 Uhr &#8211; 00:05 Uhr! Moderation: Barbara Sch\u00f6neberger und Hubertus Meyer-Burckhardt!<br \/>\n<!--more--><\/p>\n<p>&nbsp;<\/p>\n<p>&nbsp;<\/p>\n<p>&nbsp;<\/p>\n<p>&nbsp;<\/p>\n<p style=\"text-align: justify;\">Barbara Sch\u00f6neberger und Hubertus Meyer-Burckhardt begr\u00fc\u00dfen in der NDR Talk Show aus Hamburg folgende G\u00e4ste &#8230;:<\/p>\n<p>&nbsp;<\/p>\n<p>&nbsp;<\/p>\n<p>&nbsp;<\/p>\n<p>&nbsp;<\/p>\n<h2 style=\"text-align: justify;\">Maria Ketikidou und Enrique Fi\u00df, Schauspieler\/in<\/h2>\n<div class=\"contentimage w50\" style=\"text-align: justify;\"><\/div>\n<p style=\"text-align: justify;\">Sie sind das Spitzenteam in der ARD Kultserie &#8222;Gro\u00dfstadtrevier&#8220;: Maria Ketikidou als Ermittlerin Harry M\u00f6ller und Enrique Fi\u00df als ihr Partner Nils Sanchez! Seit 2021 sind sie in der Sendung gemeinsam im Hamburger Polizei-Einsatz. Maria Ketikidou will eigentlich Journalistin werden, steigt aber 1994 als Schauspielerin beim &#8222;Gro\u00dfstadtrevier&#8220; ein und feiert folglich schon ihr 30. Dienstjubil\u00e4um. &#8222;Harry ist meine Lebensrolle geworden&#8220;, sagt die Schleswig-Holsteinerin mit griechischen Wurzeln. Der Hamburger Enrique Fi\u00df hat die Serie schon als Kind verfolgt und ist seit mittlerweile drei Jahren selbst dabei. &#8222;Das Norddeutsche, Hamburgische, Kernige hochzuhalten, bereitet mir gro\u00dfe Freude&#8220;, so der 31-J\u00e4hrige. Jetzt erscheint bereits der zweite Spielfilm des &#8222;Gro\u00dfstadtreviers&#8220;, in dem das harmonisch-kollegiale Verh\u00e4ltnis des Dream-Duos vom Kiez auf die Probe gestellt wird. Welcher freundschaftlichen Herausforderung sie sich im Film stellen m\u00fcssen und wie gut sie sich privat als Team verstehen, erz\u00e4hlen Maria Ketikidou und Enrique Fi\u00df in der NDR Talk Show.<\/p>\n<p>&nbsp;<\/p>\n<p>&nbsp;<\/p>\n<p>&nbsp;<\/p>\n<h2 style=\"text-align: justify;\">David Garrett, Musiker<\/h2>\n<div class=\"contentimage w50\" style=\"text-align: justify;\"><\/div>\n<p style=\"text-align: justify;\">Wenn er seine Violine nur ansetzt, jubeln ihm schon tausende Fans zu. Dabei kennt David Garrett, der Meister des Crossover, keine musikalischen Grenzen. Sein Spektrum reicht von Beyonc\u00e9 bis Brahms. Seine Karriere beginnt der Sohn eines deutschen Juristen und einer amerikanischen Prima Ballerina fr\u00fch. Mit vier Jahren f\u00e4ngt er an, Geige zu spielen, mit f\u00fcnf Jahren gewinnt er seinen ersten Preis bei &#8222;Jugend musiziert&#8220;. Mit 18 bricht er seine Karriere als Wunderkind ab und geht nach New York. Damals wohnt er in einem fensterlosen Zimmer &#8211; heute lebt der 44-J\u00e4hrige in einem 300-Quadratmeter-Loft mit Blick auf Manhattan, das er \u00fcbrigens selbst putzt. Hier h\u00e4lt er sich allerdings nur selten auf, denn die meiste Zeit ist der Geigen-Virtuose auf Tournee. \u00dcber 1600 Konzerte hat David Garrett bereits gegeben &#8211; im n\u00e4chsten Jahr kommen noch mehr hinzu, wenn er auf seine &#8222;Millennium Symphony World Tour&#8220; geht und die gr\u00f6\u00dften Hits der letzten 25 Jahre ganz neu erklingen l\u00e4sst.<\/p>\n<h2><\/h2>\n<h2><\/h2>\n<h2 style=\"text-align: justify;\">Matthias Matschke, Schauspieler<\/h2>\n<div class=\"contentimage w50\" style=\"text-align: justify;\"><\/div>\n<p style=\"text-align: justify;\">Dieser Mann kann offensichtlich alles spielen: Neben zahlreichen B\u00fchnenengagements gl\u00e4nzt Matthias Matschke in Kom\u00f6dien wie &#8222;Pastewka&#8220; oder &#8222;Ladykracher&#8220;, beeindruckt in Kriminalserien wie &#8222;Professor T.&#8220; oder &#8222;Polizeiruf 110&#8220; und begeistert seit bald 10 Jahren in der Satire-Sendung &#8222;heute-show&#8220;. Der Schauspieler studiert zun\u00e4chst auf Lehramt, bis er das Studium aus Liebe zum Darsteller-Beruf hinschmei\u00dft und heute einer der Gefragtesten seines Fachs ist. Jetzt ist er in der zweiten Staffel von &#8222;Der Palast&#8220; zu sehen, einer Serie, in der es um das Ende der DDR und damit verbundene pers\u00f6nliche Schicksale geht. Die erste Staffel ist ein riesiger Publikumserfolg gewesen. Dar\u00fcber, was seine liebsten Motive als Hobby-Fotograf sind und wie er es schafft, niemals seinen Humor zu verlieren, erz\u00e4hlt Matthias Matschke in der NDR Talk Show.<\/p>\n<h2><\/h2>\n<h2><\/h2>\n<h2 style=\"text-align: justify;\">Chris Tall, Comedian<\/h2>\n<div class=\"contentimage w50\" style=\"text-align: justify;\"><\/div>\n<p style=\"text-align: justify;\">Dieser Mann ist schon in seiner Schulzeit der Klassenclown: Chris Tall arbeitet zun\u00e4chst als Handyverk\u00e4ufer und macht eine Ausbildung zum Versicherungskaufmann, bevor er seinem Publikum versichert, f\u00fcr beste Unterhaltung zu sorgen. Vor mehr als zehn Jahren und mit Raabscher Unterst\u00fctzung bei &#8222;TV Total&#8220; feiert er seinen Durchbruch als Comedian. Seitdem hat er vom Deutschen Comedypreis bis zum Bambi alles an Gold und Silber abgegriffen, was es als Komiker zu gewinnen gibt. Auf seinen Tourneen f\u00fcllt er regelm\u00e4\u00dfig die gr\u00f6\u00dften Hallen. Jetzt wird Chris Tall sich einen Kindheitstraum erf\u00fcllen und mit seinem Programm &#8222;Laugh Stories&#8220; im legend\u00e4ren Hamburger Volksparkstadion auftreten. F\u00fcr den Fu\u00dfballbegeisterten eine besondere Ehre: &#8222;Ich blute blau&#8220;, sagt der langj\u00e4hrige HSV-Fan. Von seiner Arbeit in der ersten Liga der Comedyszene und welche weiteren Kindheitstr\u00e4ume er sich noch erf\u00fcllen will, erz\u00e4hlt er in der NDR Talk Show.<\/p>\n<h2><\/h2>\n<h2><\/h2>\n<h2 style=\"text-align: justify;\">Marion Fedder, Unternehmerin und Ehefrau von Jan Fedder<\/h2>\n<div class=\"contentimage w50\" style=\"text-align: justify;\"><\/div>\n<p style=\"text-align: justify;\">Fast 20 Jahre lang ist Marion Fedder mit dem Schauspieler Jan Fedder verheiratet, bevor dieser am 30. Dezember 2019 in seiner Heimatstadt Hamburg verstirbt. W\u00e4hrend einer jahrelangen Krebserkrankung ist die Unternehmerin die emotionale St\u00fctze an der Seite des &#8222;Gro\u00dfstadtrevier&#8220;-Stars. Bei der gro\u00df angelegten Trauerfeier im Januar 2020 steht sie als Ehefrau im Mittelpunkt der Veranstaltung. Im Dezember 2024 j\u00e4hrt sich der Tod des Volksschauspielers zum f\u00fcnften Mal, im Januar 2025 h\u00e4tte er seinen 70. Geburtstag gefeiert. In der NDR Talk Show wird Marion Fedder erz\u00e4hlen, wie sie mit dieser Zeit umgeht, welche Ideen und Projekte zu Ehren von Jan Fedder sie umsetzt und wie es ihrem Mann gelungen ist, unvergessen zu bleiben.<\/p>\n<p>&nbsp;<\/p>\n<p>&nbsp;<\/p>\n<p>&nbsp;<\/p>\n<p>&nbsp;<\/p>\n<h2 style=\"text-align: justify;\">Fernanda Brand\u00e3o und Roman Weber, S\u00e4ngerin und Abenteurer<\/h2>\n<div class=\"contentimage w50\" style=\"text-align: justify;\"><\/div>\n<p style=\"text-align: justify;\">Auf den ersten Blick k\u00f6nnten diese zwei Menschen nicht unterschiedlicher sein: Fernanda Brand\u00e3o und ihr Ehemann Roman Weber. Die 41-j\u00e4hrige Deutsch-Brasilianerin hat vor zwanzig Jahren ihren Durchbruch als Musikerin bei den &#8222;Hot Banditoz&#8220; und feiert weltweit Erfolge. Roman Weber tritt als Aktivist und Umweltsch\u00fctzer in die Fu\u00dfstapfen seines verstorbenen Ziehvaters, Abenteurer R\u00fcdiger Nehberg, und wird Vorstand der Menschenrechtsorganisation &#8222;Target e.V.&#8220;. Nachdem sie sich durch ihr jeweiliges Engagement f\u00fcr Indigene V\u00f6lker im Amazonas zuf\u00e4llig kennenlernen, wird aus den beiden schnell ein Paar, das das schwedische Lappland zum Zuhause macht. \u00dcber das Leben in der K\u00e4lte mit ihrer jungen Familie und welche neuen Ziele ihres Engagements sie sich gesteckt haben, erz\u00e4hlt das au\u00dfergew\u00f6hnliche Paar in der NDR Talk Show.<\/p>\n<h2><\/h2>\n<h2><\/h2>\n<h2 style=\"text-align: justify;\">Leontine von Schmettow, Journalistin und K\u00f6nigshausexpertin<\/h2>\n<div class=\"contentimage w50\" style=\"text-align: justify;\"><\/div>\n<p style=\"text-align: justify;\">Royals sind nicht nur ihr Hobby, sondern ihre berufliche Leidenschaft. Seit mehr als 25 Jahren berichtet Leontine von\u00a0Schmettow\u00a0\u00fcber die europ\u00e4ischen K\u00f6nigsfamilien, ihre Triumphe und sch\u00f6nsten Liebesmomente, sowie Familienfehden und Zerrei\u00dfproben. Dabei blickt die Journalistin ganz genau hinter die Kulissen, denn hier kommt es selbst auf die kleinsten Details an: Wie gibt man einem K\u00f6nig die Hand? Wie kurz darf das Kleid beim royalen Besuch sein? Und wie sieht ein wirklich gelungener Hofknicks aus? Die K\u00f6nigshausexpertin kennt die Antworten &#8211; und hat schon so manchen Fauxpas gesehen. Zuletzt galt ihr Fokus besonders dem britischen K\u00f6nigshaus und Prinz William. \u00dcber ihn, seine Herausforderungen und Herzensthemen, sowie die besonderen Benimm-Regeln bei Hofe spricht Leontine von\u00a0Schmettow\u00a0in der NDR Talk Show.<\/p>\n","protected":false},"excerpt":{"rendered":"<p>NDR Fernsehen + HR Fernsehen, 22:00 Uhr &#8211; 00:05 Uhr! Moderation: Barbara Sch\u00f6neberger und Hubertus Meyer-Burckhardt!<\/p>\n","protected":false},"author":2,"featured_media":223412,"comment_status":"open","ping_status":"closed","sticky":false,"template":"","format":"standard","meta":{"_FSMCFIC_featured_image_caption":"","_FSMCFIC_featured_image_nocaption":"","_FSMCFIC_featured_image_hide":""},"categories":[38,128],"tags":[254],"acf":[],"_links":{"self":[{"href":"https:\/\/smago.de\/ws2\/wp-json\/wp\/v2\/posts\/234682"}],"collection":[{"href":"https:\/\/smago.de\/ws2\/wp-json\/wp\/v2\/posts"}],"about":[{"href":"https:\/\/smago.de\/ws2\/wp-json\/wp\/v2\/types\/post"}],"author":[{"embeddable":true,"href":"https:\/\/smago.de\/ws2\/wp-json\/wp\/v2\/users\/2"}],"replies":[{"embeddable":true,"href":"https:\/\/smago.de\/ws2\/wp-json\/wp\/v2\/comments?post=234682"}],"version-history":[{"count":2,"href":"https:\/\/smago.de\/ws2\/wp-json\/wp\/v2\/posts\/234682\/revisions"}],"predecessor-version":[{"id":234684,"href":"https:\/\/smago.de\/ws2\/wp-json\/wp\/v2\/posts\/234682\/revisions\/234684"}],"wp:featuredmedia":[{"embeddable":true,"href":"https:\/\/smago.de\/ws2\/wp-json\/wp\/v2\/media\/223412"}],"wp:attachment":[{"href":"https:\/\/smago.de\/ws2\/wp-json\/wp\/v2\/media?parent=234682"}],"wp:term":[{"taxonomy":"category","embeddable":true,"href":"https:\/\/smago.de\/ws2\/wp-json\/wp\/v2\/categories?post=234682"},{"taxonomy":"post_tag","embeddable":true,"href":"https:\/\/smago.de\/ws2\/wp-json\/wp\/v2\/tags?post=234682"}],"curies":[{"name":"wp","href":"https:\/\/api.w.org\/{rel}","templated":true}]}}