{"id":234175,"date":"2024-11-27T08:11:45","date_gmt":"2024-11-27T07:11:45","guid":{"rendered":"https:\/\/smago.de\/ws2\/?p=234175"},"modified":"2024-11-28T14:15:24","modified_gmt":"2024-11-28T13:15:24","slug":"johnny-logan-u-a-die-idee-starnacht-tickets-unter-dem-christbaum","status":"publish","type":"post","link":"https:\/\/smago.de\/ws2\/pop\/johnny-logan-u-a-die-idee-starnacht-tickets-unter-dem-christbaum\/","title":{"rendered":"JOHNNY LOGAN u.a. <br>DIE Idee: \u201eSTARnacht\u201c-Tickets unter dem Christbaum!"},"content":{"rendered":"<p style=\"text-align: justify;\">Der Vorverkauf f\u00fcr die STARnacht-Saison 2025 und die Open Air-Konzerte in der Klagenfurter Ostbucht hat rechtzeitig vor Weihnachten begonnen!<br \/>\n<!--more--><\/p>\n<p>&nbsp;<\/p>\n<p>&nbsp;<\/p>\n<p style=\"font-weight: 400; text-align: justify;\">Die festlichste Zeit des Jahres r\u00fcckt n\u00e4her, und damit wird auch die Suche nach dem perfekten Weihnachtsgeschenk immer intensiver. Warum nicht dieses Jahr etwas ganz Besonderes schenken? Tickets f\u00fcr die eine der STARn\u00e4chte 2025 zum Beispiel. Oder f\u00fcr eines der vier Open Air-Spektakel, die ab 27. Juni 2025 \u00fcber in der Klagenfurter Ostbucht \u00fcber die B\u00fchne gehen werden.<\/p>\n<p style=\"font-weight: 400; text-align: justify;\">Am 06.06. + 07.06.2025 startet die STARnacht-Saison 2025 mit der \u201eSTARnacht am Neusiedler See\u201c.<\/p>\n<p style=\"font-weight: 400; text-align: justify;\">Das Pfingstwochenende wird zum musikalischen Highlight: Den Anfang auf der Stet-Liste machen <strong>Aura Dione<\/strong>, <strong>Thorsteinn Einarsson<\/strong>, die <strong>Schick Sisters<\/strong> &amp; die legend\u00e4re <strong>Opus Band<\/strong>.<\/p>\n<p style=\"font-weight: 400; text-align: justify;\">Weiter geht\u2019s mit der \u201eSTARnacht am W\u00f6rthersee\u201c, die n\u00e4chstes Jahr am 4. und 5. Juli stattfinden wird. Der W\u00f6rthersee bietet im Sommer die perfekte Kulisse f\u00fcr einen unvergessliches Event-Ereignis. Auf der B\u00fchne stehen <strong>Alle Achtung<\/strong>, die <strong>Poxrucker Sisters<\/strong> und weitere hochkar\u00e4tige K\u00fcnstlerinnen und K\u00fcnstler.<\/p>\n<p style=\"font-weight: 400; text-align: justify;\">Das Finale findet traditionsgem\u00e4\u00df in der Weltkulturerbe-Region Nieder\u00f6sterreichs statt. Bei der \u201eSTARnacht aus der Wachau\u201c werden am 19.09. + 20.09.2025 gegen\u00fcber der beeindruckenden Kulisse der Burgruine D\u00fcrnstein u.a. die <strong>S\u00f6hne Mannheims <\/strong>und <strong>Johnny Logan <\/strong>das Publikum begeistern.<\/p>\n<p style=\"font-weight: 400; text-align: justify;\"><strong>Die Open Air-Ereignisse in der Klagenfurter Ostbucht:<\/strong><\/p>\n<p style=\"font-weight: 400; text-align: justify;\"><strong>Matakustix<\/strong> <strong>Show<\/strong>: Freitag, 27. Juni 2025<br \/>\n<strong><br \/>\nKastelruther Spatzen<\/strong>: Samstag, 28. Juni 2025<\/p>\n<p style=\"font-weight: 400; text-align: justify;\"><strong>Melissa Naschenweng<\/strong>\u00a0live mit Band: Sonntag, 29. Juni 2025<br \/>\n<strong><br \/>\nRainhard Fendrich<\/strong>: Sonntag, 6. Juli 2025<\/p>\n<p style=\"font-weight: 400; text-align: justify;\"><strong>\u00a0<\/strong><\/p>\n<p style=\"font-weight: 400; text-align: justify;\"><strong>\u00a0<\/strong><\/p>\n<p style=\"font-weight: 400; text-align: justify;\"><strong>Tickets und Informationen<\/strong><\/p>\n<p style=\"font-weight: 400; text-align: justify;\">Der Vorverkauf f\u00fcr alle Termine hat bereits begonnen. Tickets sind erh\u00e4ltlich unter <a href=\"http:\/\/www.ip-media.tv\/\">www.ip-media.tv<\/a>, <a href=\"http:\/\/www.starnacht.tv\/\">www.starnacht.tv<\/a> \u00a0und\u00a0<a href=\"http:\/\/www.oeticket.com\/\">www.oeticket.com<\/a> erh\u00e4ltlich.<\/p>\n<p>&nbsp;<\/p>\n<p>&nbsp;<\/p>\n<figure id=\"attachment_234176\" aria-describedby=\"caption-attachment-234176\" style=\"width: 800px\" class=\"wp-caption alignnone\"><img decoding=\"async\" loading=\"lazy\" class=\"size-large wp-image-234176\" src=\"https:\/\/smago.de\/ws2\/wp-content\/uploads\/2024\/11\/starnacht2-800x462.jpg\" alt=\"\" width=\"800\" height=\"462\" srcset=\"https:\/\/smago.de\/ws2\/wp-content\/uploads\/2024\/11\/starnacht2-800x462.jpg 800w, https:\/\/smago.de\/ws2\/wp-content\/uploads\/2024\/11\/starnacht2-522x301.jpg 522w, https:\/\/smago.de\/ws2\/wp-content\/uploads\/2024\/11\/starnacht2-260x150.jpg 260w, https:\/\/smago.de\/ws2\/wp-content\/uploads\/2024\/11\/starnacht2-768x443.jpg 768w, https:\/\/smago.de\/ws2\/wp-content\/uploads\/2024\/11\/starnacht2-1536x886.jpg 1536w, https:\/\/smago.de\/ws2\/wp-content\/uploads\/2024\/11\/starnacht2-2048x1182.jpg 2048w, https:\/\/smago.de\/ws2\/wp-content\/uploads\/2024\/11\/starnacht2-392x226.jpg 392w, https:\/\/smago.de\/ws2\/wp-content\/uploads\/2024\/11\/starnacht2-130x75.jpg 130w, https:\/\/smago.de\/ws2\/wp-content\/uploads\/2024\/11\/starnacht2-771x445.jpg 771w, https:\/\/smago.de\/ws2\/wp-content\/uploads\/2024\/11\/starnacht2-870x502.jpg 870w, https:\/\/smago.de\/ws2\/wp-content\/uploads\/2024\/11\/starnacht2-292x168.jpg 292w, https:\/\/smago.de\/ws2\/wp-content\/uploads\/2024\/11\/starnacht2-435x251.jpg 435w\" sizes=\"(max-width: 800px) 100vw, 800px\" \/><figcaption id=\"caption-attachment-234176\" class=\"wp-caption-text\"><em>Collage Starnacht am W\u00f6rthersee<\/em><\/p>\n<p><em>ip|media \/ Peter Krivograd<\/em><\/figcaption><\/figure>\n<p>&nbsp;<\/p>\n<p>&nbsp;<\/p>\n<p>&nbsp;<\/p>\n<figure id=\"attachment_234178\" aria-describedby=\"caption-attachment-234178\" style=\"width: 800px\" class=\"wp-caption alignnone\"><img decoding=\"async\" loading=\"lazy\" class=\"size-large wp-image-234178\" src=\"https:\/\/smago.de\/ws2\/wp-content\/uploads\/2024\/11\/starnacht-800x462.jpg\" alt=\"\" width=\"800\" height=\"462\" srcset=\"https:\/\/smago.de\/ws2\/wp-content\/uploads\/2024\/11\/starnacht-800x462.jpg 800w, https:\/\/smago.de\/ws2\/wp-content\/uploads\/2024\/11\/starnacht-522x301.jpg 522w, https:\/\/smago.de\/ws2\/wp-content\/uploads\/2024\/11\/starnacht-260x150.jpg 260w, https:\/\/smago.de\/ws2\/wp-content\/uploads\/2024\/11\/starnacht-768x443.jpg 768w, https:\/\/smago.de\/ws2\/wp-content\/uploads\/2024\/11\/starnacht-1536x886.jpg 1536w, https:\/\/smago.de\/ws2\/wp-content\/uploads\/2024\/11\/starnacht-2048x1182.jpg 2048w, https:\/\/smago.de\/ws2\/wp-content\/uploads\/2024\/11\/starnacht-392x226.jpg 392w, https:\/\/smago.de\/ws2\/wp-content\/uploads\/2024\/11\/starnacht-130x75.jpg 130w, https:\/\/smago.de\/ws2\/wp-content\/uploads\/2024\/11\/starnacht-771x445.jpg 771w, https:\/\/smago.de\/ws2\/wp-content\/uploads\/2024\/11\/starnacht-870x502.jpg 870w, https:\/\/smago.de\/ws2\/wp-content\/uploads\/2024\/11\/starnacht-292x168.jpg 292w, https:\/\/smago.de\/ws2\/wp-content\/uploads\/2024\/11\/starnacht-435x251.jpg 435w\" sizes=\"(max-width: 800px) 100vw, 800px\" \/><figcaption id=\"caption-attachment-234178\" class=\"wp-caption-text\"><em>Collage Starnacht am Neusiedler See:<\/em><\/p>\n<p><em>ip|media \/ Peter Krivograd; Chris Calmer; Opus<\/em><\/figcaption><\/figure>\n<p>&nbsp;<\/p>\n<p>&nbsp;<\/p>\n<p>&nbsp;<\/p>\n<figure id=\"attachment_234177\" aria-describedby=\"caption-attachment-234177\" style=\"width: 800px\" class=\"wp-caption alignnone\"><img decoding=\"async\" loading=\"lazy\" class=\"size-large wp-image-234177\" src=\"https:\/\/smago.de\/ws2\/wp-content\/uploads\/2024\/11\/starnacht3-800x462.jpg\" alt=\"\" width=\"800\" height=\"462\" srcset=\"https:\/\/smago.de\/ws2\/wp-content\/uploads\/2024\/11\/starnacht3-800x462.jpg 800w, https:\/\/smago.de\/ws2\/wp-content\/uploads\/2024\/11\/starnacht3-522x301.jpg 522w, https:\/\/smago.de\/ws2\/wp-content\/uploads\/2024\/11\/starnacht3-260x150.jpg 260w, https:\/\/smago.de\/ws2\/wp-content\/uploads\/2024\/11\/starnacht3-768x443.jpg 768w, https:\/\/smago.de\/ws2\/wp-content\/uploads\/2024\/11\/starnacht3-1536x886.jpg 1536w, https:\/\/smago.de\/ws2\/wp-content\/uploads\/2024\/11\/starnacht3-2048x1182.jpg 2048w, https:\/\/smago.de\/ws2\/wp-content\/uploads\/2024\/11\/starnacht3-392x226.jpg 392w, https:\/\/smago.de\/ws2\/wp-content\/uploads\/2024\/11\/starnacht3-130x75.jpg 130w, https:\/\/smago.de\/ws2\/wp-content\/uploads\/2024\/11\/starnacht3-771x445.jpg 771w, https:\/\/smago.de\/ws2\/wp-content\/uploads\/2024\/11\/starnacht3-870x502.jpg 870w, https:\/\/smago.de\/ws2\/wp-content\/uploads\/2024\/11\/starnacht3-292x168.jpg 292w, https:\/\/smago.de\/ws2\/wp-content\/uploads\/2024\/11\/starnacht3-435x251.jpg 435w\" sizes=\"(max-width: 800px) 100vw, 800px\" \/><figcaption id=\"caption-attachment-234177\" class=\"wp-caption-text\"><em>Collage Starnacht aus der Wachau <\/em><\/p>\n<p><em>Foto-Credit: ip|media \/ Peter Krivograd; Alexander M\u00fcnch; Manfred Baumann<\/em><\/figcaption><\/figure>\n","protected":false},"excerpt":{"rendered":"<p>Der Vorverkauf f\u00fcr die STARnacht-Saison 2025 und die Open Air-Konzerte in der Klagenfurter Ostbucht hat rechtzeitig vor Weihnachten begonnen!<\/p>\n","protected":false},"author":2,"featured_media":234177,"comment_status":"open","ping_status":"closed","sticky":false,"template":"","format":"standard","meta":{"_FSMCFIC_featured_image_caption":"","_FSMCFIC_featured_image_nocaption":"","_FSMCFIC_featured_image_hide":""},"categories":[27,29,39,128],"tags":[106],"acf":[],"_links":{"self":[{"href":"https:\/\/smago.de\/ws2\/wp-json\/wp\/v2\/posts\/234175"}],"collection":[{"href":"https:\/\/smago.de\/ws2\/wp-json\/wp\/v2\/posts"}],"about":[{"href":"https:\/\/smago.de\/ws2\/wp-json\/wp\/v2\/types\/post"}],"author":[{"embeddable":true,"href":"https:\/\/smago.de\/ws2\/wp-json\/wp\/v2\/users\/2"}],"replies":[{"embeddable":true,"href":"https:\/\/smago.de\/ws2\/wp-json\/wp\/v2\/comments?post=234175"}],"version-history":[{"count":2,"href":"https:\/\/smago.de\/ws2\/wp-json\/wp\/v2\/posts\/234175\/revisions"}],"predecessor-version":[{"id":234265,"href":"https:\/\/smago.de\/ws2\/wp-json\/wp\/v2\/posts\/234175\/revisions\/234265"}],"wp:featuredmedia":[{"embeddable":true,"href":"https:\/\/smago.de\/ws2\/wp-json\/wp\/v2\/media\/234177"}],"wp:attachment":[{"href":"https:\/\/smago.de\/ws2\/wp-json\/wp\/v2\/media?parent=234175"}],"wp:term":[{"taxonomy":"category","embeddable":true,"href":"https:\/\/smago.de\/ws2\/wp-json\/wp\/v2\/categories?post=234175"},{"taxonomy":"post_tag","embeddable":true,"href":"https:\/\/smago.de\/ws2\/wp-json\/wp\/v2\/tags?post=234175"}],"curies":[{"name":"wp","href":"https:\/\/api.w.org\/{rel}","templated":true}]}}