{"id":233525,"date":"2024-11-14T23:59:53","date_gmt":"2024-11-14T22:59:53","guid":{"rendered":"https:\/\/smago.de\/ws2\/?p=233525"},"modified":"2024-11-14T14:05:20","modified_gmt":"2024-11-14T13:05:20","slug":"3nach9-fr-sa-15-16-11-2024-50-jahre-3nach9","status":"publish","type":"post","link":"https:\/\/smago.de\/ws2\/smago-informiert\/3nach9-fr-sa-15-16-11-2024-50-jahre-3nach9\/","title":{"rendered":"&#8222;3nach9&#8220; <br>Fr.\/Sa., 15.\/16.11.2024: &#8222;50 Jahre &#8218;3nach9&#8242;&#8220;!"},"content":{"rendered":"<p style=\"text-align: justify;\">Die Mutter aller Talkshows feiert Geburtstag \/\/ 00:00 Uhr &#8211; 01:30 Uhr!<br \/>\n<!--more--><\/p>\n<p>&nbsp;<\/p>\n<p>&nbsp;<\/p>\n<p>&nbsp;<\/p>\n<p style=\"text-align: justify;\">Seit genau 50 Jahren gibt es &#8222;3nach9&#8220; im deutschen Fernsehen. Damit ist sie die am l\u00e4ngsten laufende Talk-Sendung Deutschlands und gilt deshalb auch als &#8222;die Mutter aller Talkshows&#8220;. Die Moderatoren Judith Rakers und Giovanni di Lorenzo feiern ein halbes Jahrhundert deutsche Fernsehgeschichte!<\/p>\n<p style=\"text-align: justify;\">Am 19. November 1974 wird &#8222;3nach9&#8220; erstmals bei Radio Bremen ausgestrahlt. Damals schreibt &#8222;Der Spiegel&#8220;: &#8222;Der Fernseher muss kein toter Briefkasten sein. Denn wenn Talkshow, dann so oder \u00e4hnlich: kein feines Posieren auf teuren Gest\u00fchlen, sondern Leben in der Bude&#8220;.<\/p>\n<p>&nbsp;<\/p>\n<p>&nbsp;<\/p>\n<p>&nbsp;<\/p>\n<h2 style=\"text-align: justify;\">Deutschlands dienst\u00e4lteste Talkshow<\/h2>\n<p>&nbsp;<\/p>\n<p style=\"text-align: justify;\">Seit nunmehr f\u00fcnf Jahrzehnten herrscht &#8222;Leben in der Bude&#8220; im Studio an der Weser. Denn noch immer pr\u00e4sentiert Deutschlands dienst\u00e4lteste Talkshow sehr erfolgreich einmal im Monat Unterhaltung zum Mitdenken aus Bremen. Mit Menschen, die hier aus ihrem Leben erz\u00e4hlen: Pers\u00f6nliches, Streitbares, Lustiges. In dieser Sendung, kommen erinnerungsw\u00fcrdige und unvergessene Momente zum Vorschein, einige davon haben sogar Fernsehgeschichte geschrieben:<\/p>\n<p style=\"text-align: justify;\">Ex-Kommunarde Fritz Teufel, der auf einen leibhaftigen Bundesminister mit einer Wasserpistole schie\u00dft, eine Prostituierte, die sich handgreiflich mit einer Feministin anlegt, oder die britische Soul- und Jazz-S\u00e4ngerin Amy Winehouse, die bei &#8222;3nach9&#8220; ihren ersten Auftritt in einer deutschen Fernsehsendung hatte. Ein Blick in die Archive verr\u00e4t: Es gab kaum jemanden, der in den vergangenen 50 Jahren nicht bei &#8222;3nach9&#8220; zu Gast war, von Angela Merkel bis Sting.<\/p>\n<p>&nbsp;<\/p>\n<p>&nbsp;<\/p>\n<p>&nbsp;<\/p>\n<h2 style=\"text-align: justify;\">Seit 1989 mit Giovanni di Lorenzo<\/h2>\n<p>&nbsp;<\/p>\n<p style=\"text-align: justify;\">Und es gibt wohl kaum eine Sendung, die seit 1989 durchgehend einen Moderator als Gastgeber hat: Giovanni di Lorenzo. Der profilierte Journalist hat bisher keine einzige Sendung verpasst. Judith Rakers komplettiert seit 2010 das beliebte Moderations-Duo.<\/p>\n<p style=\"text-align: justify;\">Bisher verzeichnet &#8222;3nach9&#8220; 47 Moderatorinnen und Moderatoren: Die allererste war Marianne Koch, die sich in dem Film ebenso ausf\u00fchrlich an die Anf\u00e4nge aus Bremen erinnert wie die sp\u00e4tere Moderatorin Amelie Fried. Das Publikum wird au\u00dferdem Bendix B\u00f6ttger kennenlernen, den Sohn des legend\u00e4ren &#8222;3nach9&#8220;-Pianisten Gottfried B\u00f6ttger.<\/p>\n<p style=\"text-align: justify;\">Zahlreiche Prominente gratulieren der Freitagabendtalkshow sehr pers\u00f6nlich. Und es gibt einen Ausblick mit der Unterst\u00fctzung von k\u00fcnstlicher Intelligenz, wie &#8222;3nach9&#8220; in den n\u00e4chsten 50 Jahren Fernsehgeschichte schreiben wird.<\/p>\n<p>&nbsp;<\/p>\n<p>&nbsp;<\/p>\n<figure id=\"attachment_233526\" aria-describedby=\"caption-attachment-233526\" style=\"width: 800px\" class=\"wp-caption alignnone\"><img decoding=\"async\" loading=\"lazy\" class=\"size-large wp-image-233526\" src=\"https:\/\/smago.de\/ws2\/wp-content\/uploads\/2024\/11\/4_3nach9_50Jahre-800x537.jpg\" alt=\"\" width=\"800\" height=\"537\" srcset=\"https:\/\/smago.de\/ws2\/wp-content\/uploads\/2024\/11\/4_3nach9_50Jahre-800x537.jpg 800w, https:\/\/smago.de\/ws2\/wp-content\/uploads\/2024\/11\/4_3nach9_50Jahre-522x350.jpg 522w, https:\/\/smago.de\/ws2\/wp-content\/uploads\/2024\/11\/4_3nach9_50Jahre-223x150.jpg 223w, https:\/\/smago.de\/ws2\/wp-content\/uploads\/2024\/11\/4_3nach9_50Jahre-768x516.jpg 768w, https:\/\/smago.de\/ws2\/wp-content\/uploads\/2024\/11\/4_3nach9_50Jahre-1536x1031.jpg 1536w, https:\/\/smago.de\/ws2\/wp-content\/uploads\/2024\/11\/4_3nach9_50Jahre-2048x1375.jpg 2048w, https:\/\/smago.de\/ws2\/wp-content\/uploads\/2024\/11\/4_3nach9_50Jahre-392x263.jpg 392w, https:\/\/smago.de\/ws2\/wp-content\/uploads\/2024\/11\/4_3nach9_50Jahre-130x87.jpg 130w, https:\/\/smago.de\/ws2\/wp-content\/uploads\/2024\/11\/4_3nach9_50Jahre-663x445.jpg 663w, https:\/\/smago.de\/ws2\/wp-content\/uploads\/2024\/11\/4_3nach9_50Jahre-778x522.jpg 778w, https:\/\/smago.de\/ws2\/wp-content\/uploads\/2024\/11\/4_3nach9_50Jahre-283x190.jpg 283w, https:\/\/smago.de\/ws2\/wp-content\/uploads\/2024\/11\/4_3nach9_50Jahre-432x290.jpg 432w, https:\/\/smago.de\/ws2\/wp-content\/uploads\/2024\/11\/4_3nach9_50Jahre-150x100.jpg 150w, https:\/\/smago.de\/ws2\/wp-content\/uploads\/2024\/11\/4_3nach9_50Jahre-370x247.jpg 370w\" sizes=\"(max-width: 800px) 100vw, 800px\" \/><figcaption id=\"caption-attachment-233526\" class=\"wp-caption-text\"><em>Mehr als 600 Sendungen feiert 3nach9 am 15. November 2024 den 50. Geburtstag mit einer Live-Sendung &#8211; und nat\u00fcrlich mit seinen Moderatoren Giovanni di Lorenzo und Judith Rakers<\/em><\/p>\n<p><em>\u00a9 Radio Bremen \/ Hendrik L\u00fcders<\/em><\/figcaption><\/figure>\n","protected":false},"excerpt":{"rendered":"<p>Die Mutter aller Talkshows feiert Geburtstag \/\/ 00:00 Uhr &#8211; 01:30 Uhr!<\/p>\n","protected":false},"author":2,"featured_media":233526,"comment_status":"open","ping_status":"closed","sticky":false,"template":"","format":"standard","meta":{"_FSMCFIC_featured_image_caption":"","_FSMCFIC_featured_image_nocaption":"","_FSMCFIC_featured_image_hide":""},"categories":[33,128],"tags":[215],"acf":[],"_links":{"self":[{"href":"https:\/\/smago.de\/ws2\/wp-json\/wp\/v2\/posts\/233525"}],"collection":[{"href":"https:\/\/smago.de\/ws2\/wp-json\/wp\/v2\/posts"}],"about":[{"href":"https:\/\/smago.de\/ws2\/wp-json\/wp\/v2\/types\/post"}],"author":[{"embeddable":true,"href":"https:\/\/smago.de\/ws2\/wp-json\/wp\/v2\/users\/2"}],"replies":[{"embeddable":true,"href":"https:\/\/smago.de\/ws2\/wp-json\/wp\/v2\/comments?post=233525"}],"version-history":[{"count":3,"href":"https:\/\/smago.de\/ws2\/wp-json\/wp\/v2\/posts\/233525\/revisions"}],"predecessor-version":[{"id":233529,"href":"https:\/\/smago.de\/ws2\/wp-json\/wp\/v2\/posts\/233525\/revisions\/233529"}],"wp:featuredmedia":[{"embeddable":true,"href":"https:\/\/smago.de\/ws2\/wp-json\/wp\/v2\/media\/233526"}],"wp:attachment":[{"href":"https:\/\/smago.de\/ws2\/wp-json\/wp\/v2\/media?parent=233525"}],"wp:term":[{"taxonomy":"category","embeddable":true,"href":"https:\/\/smago.de\/ws2\/wp-json\/wp\/v2\/categories?post=233525"},{"taxonomy":"post_tag","embeddable":true,"href":"https:\/\/smago.de\/ws2\/wp-json\/wp\/v2\/tags?post=233525"}],"curies":[{"name":"wp","href":"https:\/\/api.w.org\/{rel}","templated":true}]}}