{"id":233522,"date":"2024-11-15T00:00:19","date_gmt":"2024-11-14T23:00:19","guid":{"rendered":"https:\/\/smago.de\/ws2\/?p=233522"},"modified":"2024-11-14T22:58:42","modified_gmt":"2024-11-14T21:58:42","slug":"sarah-connor-u-a-heute-15-11-2024-in-der-talk-show-3nach9-zu-gast","status":"publish","type":"post","link":"https:\/\/smago.de\/ws2\/pop\/sarah-connor-u-a-heute-15-11-2024-in-der-talk-show-3nach9-zu-gast\/","title":{"rendered":"SARAH CONNOR u.a. <br>Heute (15.11.2024) in der Talk-Show &#8222;3nach9&#8220; zu Gast!"},"content":{"rendered":"<p style=\"text-align: justify;\">NDR Fernsehen, HR Fernsehen + WDR Fernsehen, 22:00 Uhr &#8211; 00:00 Uhr! Moderation: Judith Rakers und Giovanni di Lorenzo!<br \/>\n<!--more--><\/p>\n<p>&nbsp;<\/p>\n<p>&nbsp;<\/p>\n<p>Judith Rakers und Giovanni di Lorenzo begr\u00fc\u00dfen folgende G\u00e4ste &#8230;:<\/p>\n<p>&nbsp;<\/p>\n<h2 style=\"text-align: justify;\">Marianne Koch<\/h2>\n<div class=\"contentimage w50\" style=\"text-align: justify;\"><\/div>\n<p style=\"text-align: justify;\">Sie ist &#8222;3nach9&#8220;-Moderatorin der ersten Stunde: Marianne Koch. Nach einer erfolgreichen Karriere als Schauspielerin ist sie acht Jahre lang gemeinsam u.a. mit Wolfgang Menge und Gert von Paczensky Gastgeberin der &#8222;Mutter aller Talkshows&#8220;. Sie begleitet aufgebrachte politische Diskussionen, interessante Debatten und zahlreiche prominente G\u00e4ste durch die Sendung, damals noch mit reichlich Zigarettenrauch im Studio. Langeweile scheint Marianne Koch nicht zu kennen, denn nebenbei promoviert sie in Medizin und gr\u00fcndet nach ihrer Zeit als Moderatorin eine eigene internistische Praxis. Heute, 50 Jahre nach der ersten &#8222;3nach9&#8220;-Sendung, ist die 93-J\u00e4hrige wieder zu Gast an der Weser: Sie blickt zur\u00fcck auf ihre Zeit in Bremen und erz\u00e4hlt, wie es ihr gelingt, auch in hohem Alter noch geistig fit und lebendig zu bleiben.<\/p>\n<p>&nbsp;<\/p>\n<p>&nbsp;<\/p>\n<p>&nbsp;<\/p>\n<p>&nbsp;<\/p>\n<h2 style=\"text-align: justify;\">Iris Berben<\/h2>\n<div class=\"contentimage w50\" style=\"text-align: justify;\"><\/div>\n<p style=\"text-align: justify;\">Iris Berben geh\u00f6rt zu den bekanntesten und profiliertesten Schauspielerinnen Deutschlands. In Nordrhein-Westfalen als Tochter zweier Gastronomen geboren, zieht sie im Alter von vier Jahren mit ihrer Mutter nach Hamburg. Sie besucht mehrere Landschulheime und Internate, lebt eine Zeit lang bei ihren Gro\u00dfeltern in Essen und wirkt bereits mit 17 Jahren in verschiedenen Kurzfilmproduktionen mit. Es folgt eine beispiellose Schauspielkarriere mit zahlreichen Auszeichnungen. Neben ihrem Beruf engagiert Iris Berben sich auch politisch und sozial, unter anderem gegen Fremdenfeindlichkeit und Rassismus, sowie f\u00fcr die Sichtbarkeit von Frauen \u2013 unabh\u00e4ngig von ihrem Alter, ihrer Hautfarbe, ihrer Gr\u00f6\u00dfe oder Statur. Bei &#8222;3nach9&#8220; wurde sie vor vielen Jahren von Gastgeber Giovanni di Lorenzo als &#8222;G\u00f6ttin&#8220; bezeichnet. Welche Erinnerungen sie daran hat und warum die TVLandschaft aus ihrer Sicht wieder mutiger werden muss, verr\u00e4t Iris Berben bei &#8222;3nach9&#8220;.<\/p>\n<p>&nbsp;<\/p>\n<p>&nbsp;<\/p>\n<p>&nbsp;<\/p>\n<p>&nbsp;<\/p>\n<h2 style=\"text-align: justify;\">Sarah Connor<\/h2>\n<div class=\"contentimage w50\" style=\"text-align: justify;\"><\/div>\n<p style=\"text-align: justify;\">Sarah Connor geh\u00f6rt schon fast zum &#8222;3nach9&#8220;-Inventar: Ein Besuch in Bremen ist f\u00fcr sie ein Heimspiel. In Delmenhorst geboren, ist sie ihrer Heimat auch heute noch verbunden und kommt gerne auf einen Sprung im Studio an der Weser vorbei. Bei ihren Besuchen r\u00fchrt sie bisweilen das Publikum mit ihrem Gesang zu Tr\u00e4nen, isst einen typisch bremischen Rollo und hebt das Schnapsglas mit Giovanni di Lorenzo. Die vierfache Mutter hat einen gut gef\u00fcllten Kalender: Als eine der erfolgreichsten S\u00e4ngerinnen Deutschlands ist sie permanent auf Tour, k\u00fcmmert sich r\u00fchrend um ihre Fans und hat noch eine weitere, ziemlich unbekannte, Leidenschaft f\u00fcr sich entdeckt: Orca-Wale. Wie sich Sarah f\u00fcr die vom Aussterben bedrohten Tiere engagiert und warum ein &#8222;3nach9&#8220;-Besuch f\u00fcr sie so wichtig ist, wird sie in der Jubil\u00e4umssendung berichten.<\/p>\n<p>&nbsp;<\/p>\n<p>&nbsp;<\/p>\n<p>&nbsp;<\/p>\n<p>&nbsp;<\/p>\n<h2 style=\"text-align: justify;\">Ursula von der Leyen<\/h2>\n<div class=\"contentimage w50\" style=\"text-align: justify;\"><\/div>\n<p style=\"text-align: justify;\">Sie hat schon den 40. Geburtstag von &#8222;3nach9&#8220; gefeiert, wie sch\u00f6n, dass sie wieder zum 50. auf der &#8222;3nach9&#8220;- Geburtstagsg\u00e4steliste steht: Ursula von der Leyen. In den vergangenen zehn Jahren hat sich in ihrem Leben viel getan. Damals noch Bundesministerin, steht sie mittlerweile als Pr\u00e4sidentin an der Spitze der Europ\u00e4ischen Kommission. Dabei tritt die approbierte \u00c4rztin erst mit Anfang 30 in die CDU ein, ist sp\u00e4ter Ministerin im Nieders\u00e4chsischen Landtag, ehe sie erst auf Bundesebene und seit f\u00fcnf Jahren als EU-Chefin fungiert. Zu ihrem Amt geh\u00f6rt viel Freude, oft muss sie sich auch mit Kritik auseinandersetzen. Woher sie das R\u00fcstzeug f\u00fcr den politischen Alltag mitbekommen hat, ob die siebenfache Mutter ihren Kindern raten w\u00fcrde, sich auch heutzutage politisch zu engagieren und wo das j\u00e4hrliche Geschwistertreffen mit ihren f\u00fcnf Br\u00fcdern in diesem Jahr stattgefunden hat, berichtet Ursula von der Leyen bei &#8222;3nach9&#8220;.<\/p>\n<p>&nbsp;<\/p>\n<p>&nbsp;<\/p>\n<p>&nbsp;<\/p>\n<p>&nbsp;<\/p>\n<h2 style=\"text-align: justify;\">Joachim Meyerhoff<\/h2>\n<div class=\"contentimage w50\" style=\"text-align: justify;\"><\/div>\n<p style=\"text-align: justify;\">Er ist ein brillanter Erz\u00e4hler mit norddeutschem Einschlag. Das &#8222;3nach9&#8220;-Team freut sich sehr, ihn in der Schar der Gratulanten begr\u00fc\u00dfen zu d\u00fcrfen: den preisdekorierten Schauspieler Joachim Meyerhoff. Wer ihn schon auf den Theaterb\u00fchnen erleben durfte, vergisst seine Spielkunst nicht. Und wer auch nur einen seiner zahlreichen Bestseller gelesen hat, erinnert sich sofort an seinen Wortwitz und seine humoristischen, aber auch tragischen Familiengeschichten. Denn Meyerhoff l\u00e4sst seine Leserschaft in sein Leben: auf das Gel\u00e4nde einer Psychiatrie in Schleswig-Hesterberg, wo der Vater \u00e4rztlicher Direktor war, und er aufwuchs. In seine amerikanische Gastfamilie und zu seinen Gro\u00dfeltern, bei denen er wohnte, w\u00e4hrend er die Schauspielschule besuchte. Und auch auf die Intensivstation, wo er nach einem Schlaganfall aufwachte. Jetzt berichtet er von gescheiterten Neuanf\u00e4ngen in der Bundeshauptstadt und von dem Experiment, mit Mitte 50 zu seiner Mitte 80-j\u00e4hrigen Mutter aufs norddeutsche Land zu ziehen.<\/p>\n<p>&nbsp;<\/p>\n<p>&nbsp;<\/p>\n<p>&nbsp;<\/p>\n<p>&nbsp;<\/p>\n<h2 style=\"text-align: justify;\">Lasse Stolley<\/h2>\n<div class=\"contentimage w50\" style=\"text-align: justify;\"><\/div>\n<p style=\"text-align: justify;\">wwLasse Stolley genie\u00dft das Leben in vollen Z\u00fcgen. Aber noch lieber reist er in leeren Abteilen, denn die Bahn ist sein Zuhause. Vor zwei Jahren hat der 18-j\u00e4hrige Norddeutsche seinen festen Wohnsitz gegen eine BahnCard100 eingetauscht. Seitdem lebt und arbeitet der Softwareentwickler im Zug und sagt: &#8222;Die Bahn bestimmt mein Leben.&#8220; 5888 Euro kostet ihn dieser Lebensstil im Jahr, darin enthalten: Essen in der DBLounge, jede Nacht ein anderer Schlafplatz und Kakao satt. Seine Ausstattung besteht aus einem 30-Liter-Rucksack und einer selbst entwickelten App, die ihn vor Ferienzeiten, Fu\u00dfballfans und schlechtem Wetter auf der Strecke warnt. Wo ihn seine aktuelle Interrail-Tour hinf\u00fchrt, was die Deutsche Bahn verbessern k\u00f6nnte und wie man es sich mit 1,94 Metern K\u00f6rpergr\u00f6\u00dfe in der Bahn gem\u00fctlich macht, erz\u00e4hlt der digitale Nomade bei &#8222;3nach9&#8220;.<\/p>\n<p>&nbsp;<\/p>\n<p>&nbsp;<\/p>\n<figure id=\"attachment_233523\" aria-describedby=\"caption-attachment-233523\" style=\"width: 800px\" class=\"wp-caption alignnone\"><img decoding=\"async\" loading=\"lazy\" class=\"size-large wp-image-233523\" src=\"https:\/\/smago.de\/ws2\/wp-content\/uploads\/2024\/11\/3_3nach9_50Jahre-800x537.jpg\" alt=\"\" width=\"800\" height=\"537\" srcset=\"https:\/\/smago.de\/ws2\/wp-content\/uploads\/2024\/11\/3_3nach9_50Jahre-800x537.jpg 800w, https:\/\/smago.de\/ws2\/wp-content\/uploads\/2024\/11\/3_3nach9_50Jahre-522x351.jpg 522w, https:\/\/smago.de\/ws2\/wp-content\/uploads\/2024\/11\/3_3nach9_50Jahre-223x150.jpg 223w, https:\/\/smago.de\/ws2\/wp-content\/uploads\/2024\/11\/3_3nach9_50Jahre-768x516.jpg 768w, https:\/\/smago.de\/ws2\/wp-content\/uploads\/2024\/11\/3_3nach9_50Jahre-1536x1031.jpg 1536w, https:\/\/smago.de\/ws2\/wp-content\/uploads\/2024\/11\/3_3nach9_50Jahre-2048x1375.jpg 2048w, https:\/\/smago.de\/ws2\/wp-content\/uploads\/2024\/11\/3_3nach9_50Jahre-392x263.jpg 392w, https:\/\/smago.de\/ws2\/wp-content\/uploads\/2024\/11\/3_3nach9_50Jahre-130x87.jpg 130w, https:\/\/smago.de\/ws2\/wp-content\/uploads\/2024\/11\/3_3nach9_50Jahre-663x445.jpg 663w, https:\/\/smago.de\/ws2\/wp-content\/uploads\/2024\/11\/3_3nach9_50Jahre-777x522.jpg 777w, https:\/\/smago.de\/ws2\/wp-content\/uploads\/2024\/11\/3_3nach9_50Jahre-283x190.jpg 283w, https:\/\/smago.de\/ws2\/wp-content\/uploads\/2024\/11\/3_3nach9_50Jahre-432x290.jpg 432w, https:\/\/smago.de\/ws2\/wp-content\/uploads\/2024\/11\/3_3nach9_50Jahre-150x100.jpg 150w, https:\/\/smago.de\/ws2\/wp-content\/uploads\/2024\/11\/3_3nach9_50Jahre-370x247.jpg 370w\" sizes=\"(max-width: 800px) 100vw, 800px\" \/><figcaption id=\"caption-attachment-233523\" class=\"wp-caption-text\"><em>Mehr als 600 Sendungen feiert 3nach9 am 15. November 2024 den 50. Geburtstag mit einer Live-Sendung &#8211; und nat\u00fcrlich mit seinen Moderatoren Giovanni di Lorenzo und Judith Rakers<\/em><\/p>\n<p><em>\u00a9 Radio Bremen \/ Hendrik L\u00fcders<\/em><\/figcaption><\/figure>\n","protected":false},"excerpt":{"rendered":"<p>NDR Fernsehen, HR Fernsehen + WDR Fernsehen, 22:00 Uhr &#8211; 00:00 Uhr! Moderation: Judith Rakers und Giovanni di Lorenzo!<\/p>\n","protected":false},"author":2,"featured_media":233523,"comment_status":"open","ping_status":"closed","sticky":false,"template":"","format":"standard","meta":{"_FSMCFIC_featured_image_caption":"","_FSMCFIC_featured_image_nocaption":"","_FSMCFIC_featured_image_hide":""},"categories":[27,128],"tags":[215],"acf":[],"_links":{"self":[{"href":"https:\/\/smago.de\/ws2\/wp-json\/wp\/v2\/posts\/233522"}],"collection":[{"href":"https:\/\/smago.de\/ws2\/wp-json\/wp\/v2\/posts"}],"about":[{"href":"https:\/\/smago.de\/ws2\/wp-json\/wp\/v2\/types\/post"}],"author":[{"embeddable":true,"href":"https:\/\/smago.de\/ws2\/wp-json\/wp\/v2\/users\/2"}],"replies":[{"embeddable":true,"href":"https:\/\/smago.de\/ws2\/wp-json\/wp\/v2\/comments?post=233522"}],"version-history":[{"count":3,"href":"https:\/\/smago.de\/ws2\/wp-json\/wp\/v2\/posts\/233522\/revisions"}],"predecessor-version":[{"id":233589,"href":"https:\/\/smago.de\/ws2\/wp-json\/wp\/v2\/posts\/233522\/revisions\/233589"}],"wp:featuredmedia":[{"embeddable":true,"href":"https:\/\/smago.de\/ws2\/wp-json\/wp\/v2\/media\/233523"}],"wp:attachment":[{"href":"https:\/\/smago.de\/ws2\/wp-json\/wp\/v2\/media?parent=233522"}],"wp:term":[{"taxonomy":"category","embeddable":true,"href":"https:\/\/smago.de\/ws2\/wp-json\/wp\/v2\/categories?post=233522"},{"taxonomy":"post_tag","embeddable":true,"href":"https:\/\/smago.de\/ws2\/wp-json\/wp\/v2\/tags?post=233522"}],"curies":[{"name":"wp","href":"https:\/\/api.w.org\/{rel}","templated":true}]}}