{"id":233321,"date":"2024-11-10T00:00:38","date_gmt":"2024-11-09T23:00:38","guid":{"rendered":"https:\/\/smago.de\/ws2\/?p=233321"},"modified":"2024-11-08T15:20:53","modified_gmt":"2024-11-08T14:20:53","slug":"pascale-romme-ab-15-11-2024-mit-neuer-single-ich-fliege-mit-dir-am-start","status":"publish","type":"post","link":"https:\/\/smago.de\/ws2\/pop-schlager\/pascale-romme-ab-15-11-2024-mit-neuer-single-ich-fliege-mit-dir-am-start\/","title":{"rendered":"PASCALE ROMM\u00c9 <br>Ab 15.11.2024 mit neuer Single \u201eIch fliege mit dir\u201c am Start!"},"content":{"rendered":"<p>Der Song entf\u00fchrt die H\u00f6rer in eine romantische Welt voller tiefer Emotionen und zarter Bilder, die die Magie und Kraft der Liebe feiern!<\/p>\n<p><!--more--><\/p>\n<p>&nbsp;<\/p>\n<p>&nbsp;<\/p>\n<p style=\"text-align: justify;\">\n<p style=\"text-align: justify;\">Mit ihrer neuen Single \u201eIch fliege mit dir\u201c l\u00e4sst PASCALE ROMM\u00c9 die Herzen der Schlagerfans h\u00f6her schlagen und l\u00e4dt zum Tr\u00e4umen ein. Der Song entf\u00fchrt die H\u00f6rer in eine romantische Welt voller tiefer Emotionen und zarter Bilder, die die Magie und Kraft der Liebe feiern. Pascale Romm\u00e9 erschafft eine Liebesgeschichte, die von zwei Menschen erz\u00e4hlt, die sich gegenseitig in die Sterne tragen \u2013 begleitet vom sanften Lied des Mondes und dem vereinten Herzschlag zweier Seelen.<\/p>\n<p style=\"text-align: justify;\">In \u201eIch fliege mit dir\u201c nimmt Pascale Romm\u00e9 ihr Publikum mit auf eine gef\u00fchlvolle Reise durch eine Nacht voller Romantik und Verbundenheit. Die Single malt das Bild einer Liebe, die uns in den Himmel hebt und ein Gef\u00fchl von Geborgenheit und N\u00e4he vermittelt. Mit ihrer warmen, ber\u00fchrenden Stimme und einem Arrangement, das die Essenz des Schlagers perfekt einf\u00e4ngt, schenkt Pascale Romm\u00e9 uns eine Hommage an die Liebe, die zum Tr\u00e4umen einl\u00e4dt und lange nachklingt.<\/p>\n<p style=\"text-align: justify;\">\u201eIch fliege mit dir\u201c ist mehr als nur ein Lied \u2013 es ist eine Ode an die Kraft der Liebe, die uns alle ber\u00fchrt und uns die Sterne ein St\u00fcck n\u00e4her bringt. Pascale Romm\u00e9 beweist einmal mehr ihr Talent, Emotionen musikalisch zum Leben zu erwecken und eine Atmosph\u00e4re zu schaffen, die mitten ins Herz trifft.<\/p>\n<p>Die Ver\u00f6ffentlichung erfolgt am 15.11.2024 via Fiesta Records (Andreas Rosmiarek).<\/p>\n","protected":false},"excerpt":{"rendered":"<p>Der Song entf\u00fchrt die H\u00f6rer in eine romantische Welt voller tiefer Emotionen und zarter Bilder, die die Magie und Kraft<\/p>\n","protected":false},"author":2,"featured_media":233323,"comment_status":"open","ping_status":"closed","sticky":false,"template":"","format":"aside","meta":{"_FSMCFIC_featured_image_caption":"","_FSMCFIC_featured_image_nocaption":"","_FSMCFIC_featured_image_hide":""},"categories":[28],"tags":[3293],"acf":[],"_links":{"self":[{"href":"https:\/\/smago.de\/ws2\/wp-json\/wp\/v2\/posts\/233321"}],"collection":[{"href":"https:\/\/smago.de\/ws2\/wp-json\/wp\/v2\/posts"}],"about":[{"href":"https:\/\/smago.de\/ws2\/wp-json\/wp\/v2\/types\/post"}],"author":[{"embeddable":true,"href":"https:\/\/smago.de\/ws2\/wp-json\/wp\/v2\/users\/2"}],"replies":[{"embeddable":true,"href":"https:\/\/smago.de\/ws2\/wp-json\/wp\/v2\/comments?post=233321"}],"version-history":[{"count":1,"href":"https:\/\/smago.de\/ws2\/wp-json\/wp\/v2\/posts\/233321\/revisions"}],"predecessor-version":[{"id":233324,"href":"https:\/\/smago.de\/ws2\/wp-json\/wp\/v2\/posts\/233321\/revisions\/233324"}],"wp:featuredmedia":[{"embeddable":true,"href":"https:\/\/smago.de\/ws2\/wp-json\/wp\/v2\/media\/233323"}],"wp:attachment":[{"href":"https:\/\/smago.de\/ws2\/wp-json\/wp\/v2\/media?parent=233321"}],"wp:term":[{"taxonomy":"category","embeddable":true,"href":"https:\/\/smago.de\/ws2\/wp-json\/wp\/v2\/categories?post=233321"},{"taxonomy":"post_tag","embeddable":true,"href":"https:\/\/smago.de\/ws2\/wp-json\/wp\/v2\/tags?post=233321"}],"curies":[{"name":"wp","href":"https:\/\/api.w.org\/{rel}","templated":true}]}}